{"id":1695,"date":"2023-06-15T11:21:24","date_gmt":"2023-06-15T11:21:24","guid":{"rendered":"https:\/\/wp.ull.es\/jute2023\/?p=1695"},"modified":"2023-06-15T11:21:24","modified_gmt":"2023-06-15T11:21:24","slug":"300-investigadores-participan-en-jute23","status":"publish","type":"post","link":"https:\/\/wp.ull.es\/jute2023\/300-investigadores-participan-en-jute23\/","title":{"rendered":"M\u00e1s de 300 investigadoras e investigadores participar\u00e1n en las XXX  Jornadas Universitarias de Tecnolog\u00eda Educativa"},"content":{"rendered":"\n<p><strong>La XXX Jornadas Internacionales Universitarias de Tecnolog\u00eda Educativa (JUTE), que se celebran los d\u00edas 22 y 23 de junio en la Universidad de La Laguna, contar\u00e1n con m\u00e1s de 300 personas que abordar\u00e1n la tem\u00e1tica sobre la tecnolog\u00eda educativa.&nbsp;<\/strong><\/p>\n\n\n\n<p><strong>M\u00e1s de 300 personas<\/strong> (tanto en formato presencial como en formato virtual) participar\u00e1n en estas jornadas de tecnolog\u00eda educativa. Un evento h\u00edbrido que tendr\u00e1 lugar en la Facultad de Educaci\u00f3n de la Universidad de La Laguna en los pr\u00f3ximos d\u00edas.<\/p>\n\n\n\n<p>Participantes de <strong>53 universidades<\/strong> y centros diferentes han querido contribuir en las XXX JUTE. <strong>En torno a 150 comunicaciones y 5 Simposios<\/strong> hacen que estas Jornadas tengan gran atractivo e impacto en las personas que se centran e interesan en la investigaci\u00f3n y la docencia con tecnolog\u00eda educativa. No obstante, cabe recordar que estas comunicaciones no ser\u00e1n el \u00fanico atractivo, ya que a estas jornadas tambi\u00e9n debemos sumar las <strong>3 importantes mesas redondas<\/strong> que reunir\u00e1 a una veintena de ponentes nacionales e internacionales.<\/p>\n\n\n\n<p>Las jornadas arrancar\u00e1n con la <strong>primera mesa<\/strong>, que se centrar\u00e1 en los <em>\u00faltimos 30 a\u00f1os de investigaci\u00f3n en la tecnolog\u00eda educativa,<\/em> contando con referentes relevantes en este \u00e1mbito como <strong>Julio Cabero, Francisco Garc\u00eda Pe\u00f1alvo, Juana Sancho, y Carina Gonz\u00e1lez.&nbsp;<\/strong><\/p>\n\n\n\n<p>El segundo d\u00eda de las jornadas, comenzar\u00e1 con la<strong> segunda mesa redonda<\/strong>, reservada para el di\u00e1logo sobre la <em>docencia con tecnolog\u00eda educativa en los planes de estudio de educaci\u00f3n,<\/em> contando con <strong>Jes\u00fas Salinas, Mar\u00eda Paz Prendes, Cristina Alonso y Jes\u00fas Valverde.&nbsp;<\/strong><\/p>\n\n\n\n<p>La <strong>tercera mesa redonda<\/strong>, centrar\u00e1 la atenci\u00f3n sobre la tem\u00e1tica de la <em>investigaci\u00f3n y docencia con tecnolog\u00eda educativa en el \u00e1mbito iberoamericano<\/em>, y para ello, se contar\u00e1 con la compa\u00f1\u00eda de personas como <strong>Mariana Maggio, Magdalena Claro, Fernando Albuquerque, Juan de Pablos y Mar\u00eda Soledad Ram\u00edrez Montoya.&nbsp;<\/strong><\/p>\n\n\n\n<p>Con estos datos de asistencia, trabajos presentados y personas relevantes en el \u00e1mbito expuesto, las <strong>#JUTE23Tenerife <\/strong>prometen ser unas Jornadas de encuentro entre expertos y la comunidad educativa donde la tecnolog\u00eda educativa tiene un papel fundamental para poder crear sinergias.&nbsp;<\/p>\n","protected":false},"excerpt":{"rendered":"<p>La XXX Jornadas Internacionales Universitarias de Tecnolog\u00eda Educativa (JUTE), que se celebran los d\u00edas 22 y 23 de junio en la Universidad de La Laguna, contar\u00e1n con m\u00e1s de 300 personas que abordar\u00e1n la tem\u00e1tica sobre la tecnolog\u00eda educativa.&nbsp; M\u00e1s de 300 personas (tanto en formato presencial como en formato virtual) participar\u00e1n en estas jornadas [&hellip;]<\/p>\n","protected":false},"author":385,"featured_media":1417,"comment_status":"closed","ping_status":"open","sticky":false,"template":"","format":"standard","meta":{"zakra_page_container_layout":"customizer","zakra_page_sidebar_layout":"customizer","zakra_remove_content_margin":false,"zakra_sidebar":"customizer","zakra_transparent_header":"customizer","zakra_logo":0,"zakra_main_header_style":"default","zakra_menu_item_color":null,"zakra_menu_item_hover_color":null,"zakra_menu_item_active_color":null,"zakra_menu_active_style":"","zakra_page_header":true,"ngg_post_thumbnail":0,"footnotes":""},"categories":[15],"tags":[],"class_list":["post-1695","post","type-post","status-publish","format-standard","has-post-thumbnail","hentry","category-noticias"],"_links":{"self":[{"href":"https:\/\/wp.ull.es\/jute2023\/wp-json\/wp\/v2\/posts\/1695","targetHints":{"allow":["GET"]}}],"collection":[{"href":"https:\/\/wp.ull.es\/jute2023\/wp-json\/wp\/v2\/posts"}],"about":[{"href":"https:\/\/wp.ull.es\/jute2023\/wp-json\/wp\/v2\/types\/post"}],"author":[{"embeddable":true,"href":"https:\/\/wp.ull.es\/jute2023\/wp-json\/wp\/v2\/users\/385"}],"replies":[{"embeddable":true,"href":"https:\/\/wp.ull.es\/jute2023\/wp-json\/wp\/v2\/comments?post=1695"}],"version-history":[{"count":1,"href":"https:\/\/wp.ull.es\/jute2023\/wp-json\/wp\/v2\/posts\/1695\/revisions"}],"predecessor-version":[{"id":1696,"href":"https:\/\/wp.ull.es\/jute2023\/wp-json\/wp\/v2\/posts\/1695\/revisions\/1696"}],"wp:featuredmedia":[{"embeddable":true,"href":"https:\/\/wp.ull.es\/jute2023\/wp-json\/wp\/v2\/media\/1417"}],"wp:attachment":[{"href":"https:\/\/wp.ull.es\/jute2023\/wp-json\/wp\/v2\/media?parent=1695"}],"wp:term":[{"taxonomy":"category","embeddable":true,"href":"https:\/\/wp.ull.es\/jute2023\/wp-json\/wp\/v2\/categories?post=1695"},{"taxonomy":"post_tag","embeddable":true,"href":"https:\/\/wp.ull.es\/jute2023\/wp-json\/wp\/v2\/tags?post=1695"}],"curies":[{"name":"wp","href":"https:\/\/api.w.org\/{rel}","templated":true}]}}