{"id":890,"date":"2023-12-23T18:05:33","date_gmt":"2023-12-23T18:05:33","guid":{"rendered":"https:\/\/wp.ull.es\/fpiem\/?p=890"},"modified":"2023-12-23T18:19:48","modified_gmt":"2023-12-23T18:19:48","slug":"15-01-una-experiencia-de-formacion-de-profesorado-de-educacion-infantil-sobre-resolucion-de-problemas","status":"publish","type":"post","link":"https:\/\/wp.ull.es\/fpiem\/2023\/12\/23\/15-01-una-experiencia-de-formacion-de-profesorado-de-educacion-infantil-sobre-resolucion-de-problemas\/","title":{"rendered":"[15-01] Una experiencia de formaci\u00f3n de profesorado de educaci\u00f3n infantil sobre resoluci\u00f3n de problemas"},"content":{"rendered":"\n<div class=\"wp-block-buttons is-content-justification-center is-layout-flex wp-container-core-buttons-is-layout-16018d1d wp-block-buttons-is-layout-flex\">\n<div class=\"wp-block-button\"><a class=\"wp-block-button__link has-button-hover-color-background-color has-background wp-element-button\" href=\"https:\/\/wp.ull.es\/fpiem\/wp-content\/uploads\/sites\/158\/2023\/12\/XV01.-Almeida-Bruno-Noda-Perdomo.pdf\">Leer el art\u00edculo<\/a><\/div>\n<\/div>\n\n\n\n<h2 class=\"wp-block-heading\">Autor\u00eda:<\/h2>\n\n\n\n<div class=\"wp-block-buttons is-layout-flex wp-block-buttons-is-layout-flex\">\n<div class=\"wp-block-button\"><a class=\"wp-block-button__link has-background wp-element-button\" style=\"background-color:#5c068c\">Rut Almeida Cabrera<\/a><\/div>\n\n\n\n<div class=\"wp-block-button\"><a class=\"wp-block-button__link has-background wp-element-button\" style=\"background-color:#5c068c\">Alicia Bruno Casta\u00f1eda<\/a><\/div>\n\n\n\n<div class=\"wp-block-button\"><a class=\"wp-block-button__link has-background wp-element-button\" style=\"background-color:#5c068c\">Mar\u00eda Aurelia Noda Herrera<\/a><\/div>\n<\/div>\n\n\n\n<p><\/p>\n\n\n\n<div class=\"wp-block-buttons is-content-justification-center is-layout-flex wp-container-core-buttons-is-layout-16018d1d wp-block-buttons-is-layout-flex\">\n<div class=\"wp-block-button\"><a class=\"wp-block-button__link has-background wp-element-button\" href=\"https:\/\/wp.ull.es\/fpiem\/numero-xv\/\" style=\"background-color:#5c068c\">N\u00famero XV- 2023<\/a><\/div>\n<\/div>\n\n\n\n<h2 class=\"wp-block-heading\"><strong>Resumen<\/strong>:<\/h2>\n\n\n\n<p><em>Se presenta una experiencia de instrucci\u00f3n sobre la resoluci\u00f3n de problemas de suma y resta, realizada con alumnado de tercer curso del grado en Maestro en Educaci\u00f3n Infantil de la Universidad de La Laguna. El objetivo de la instrucci\u00f3n era que el alumnado conectara lo aprendido en la asignatura de Did\u00e1ctica de la Matem\u00e1tica en la Educaci\u00f3n Infantil, con sus pr\u00e1cticas de ense\u00f1anza, cursadas en el mismo cuatrimestre. Entre las tareas realizadas en la citada asignatura, destaca la realizaci\u00f3n de videos en los que futuros\/as docentes plantearon cuatro problemas aditivos y mostraron una explicaci\u00f3n de su resoluci\u00f3n. Posteriormente, lo experimentaron con un grupo de ni\u00f1os\/as en los colegios. En los seminarios de la asignatura Practicum I se discutieron los logros y las dificultades de la propuesta y se reflexion\u00f3 sobre la misma. Se presentan las conexiones que establecieron los\/as futuros\/as docentes entre lo aprendido en ambas asignaturas y algunas conclusiones del proceso seguido.<\/em><\/p>\n\n\n\n<h2 class=\"wp-block-heading\"><strong>Cita en formato APA-7<\/strong>:<\/h2>\n\n\n\n<p>Almeida, R.; Bruno, A.; Noda, A. y Perdomo-D\u00edaz, J. (2023).El uso de herramientas digitales en la formulaci\u00f3n de problemas sobre fracciones: un estudio exploratorio con futuros maestros. <em>Formaci\u00f3n del Profesorado e investigaci\u00f3n en Educaci\u00f3n Matem\u00e1tica<\/em>(15), pp. 11-28.<\/p>\n","protected":false},"excerpt":{"rendered":"<p>Autor\u00eda: Resumen: Se presenta una experiencia de instrucci\u00f3n sobre la resoluci\u00f3n de problemas de suma y resta, realizada con alumnado de tercer curso del grado en Maestro en Educaci\u00f3n Infantil de la Universidad de La Laguna. El objetivo de la &hellip;<\/p>\n<p class=\"read-more\"> <a class=\"more-link\" href=\"https:\/\/wp.ull.es\/fpiem\/2023\/12\/23\/15-01-una-experiencia-de-formacion-de-profesorado-de-educacion-infantil-sobre-resolucion-de-problemas\/\"> <span class=\"screen-reader-text\">[15-01] Una experiencia de formaci\u00f3n de profesorado de educaci\u00f3n infantil sobre resoluci\u00f3n de problemas<\/span> Leer m\u00e1s \u00bb<\/a><\/p>\n","protected":false},"author":396,"featured_media":858,"comment_status":"closed","ping_status":"closed","sticky":false,"template":"","format":"standard","meta":{"footnotes":""},"categories":[80],"tags":[10,23,72],"class_list":["post-890","post","type-post","status-publish","format-standard","has-post-thumbnail","hentry","category-numero-xv","tag-alicia-bruno-castaneda","tag-maria-aurelia-noda-herrera","tag-rut-almeida-cabrera"],"_links":{"self":[{"href":"https:\/\/wp.ull.es\/fpiem\/wp-json\/wp\/v2\/posts\/890","targetHints":{"allow":["GET"]}}],"collection":[{"href":"https:\/\/wp.ull.es\/fpiem\/wp-json\/wp\/v2\/posts"}],"about":[{"href":"https:\/\/wp.ull.es\/fpiem\/wp-json\/wp\/v2\/types\/post"}],"author":[{"embeddable":true,"href":"https:\/\/wp.ull.es\/fpiem\/wp-json\/wp\/v2\/users\/396"}],"replies":[{"embeddable":true,"href":"https:\/\/wp.ull.es\/fpiem\/wp-json\/wp\/v2\/comments?post=890"}],"version-history":[{"count":1,"href":"https:\/\/wp.ull.es\/fpiem\/wp-json\/wp\/v2\/posts\/890\/revisions"}],"predecessor-version":[{"id":893,"href":"https:\/\/wp.ull.es\/fpiem\/wp-json\/wp\/v2\/posts\/890\/revisions\/893"}],"wp:featuredmedia":[{"embeddable":true,"href":"https:\/\/wp.ull.es\/fpiem\/wp-json\/wp\/v2\/media\/858"}],"wp:attachment":[{"href":"https:\/\/wp.ull.es\/fpiem\/wp-json\/wp\/v2\/media?parent=890"}],"wp:term":[{"taxonomy":"category","embeddable":true,"href":"https:\/\/wp.ull.es\/fpiem\/wp-json\/wp\/v2\/categories?post=890"},{"taxonomy":"post_tag","embeddable":true,"href":"https:\/\/wp.ull.es\/fpiem\/wp-json\/wp\/v2\/tags?post=890"}],"curies":[{"name":"wp","href":"https:\/\/api.w.org\/{rel}","templated":true}]}}