{"id":794,"date":"2023-07-31T11:38:55","date_gmt":"2023-07-31T10:38:55","guid":{"rendered":"https:\/\/wp.ull.es\/fpiem\/?p=794"},"modified":"2023-07-31T11:48:25","modified_gmt":"2023-07-31T10:48:25","slug":"12_09-seminario-didactico-proyectos-de-estadistica-en-primaria","status":"publish","type":"post","link":"https:\/\/wp.ull.es\/fpiem\/2023\/07\/31\/12_09-seminario-didactico-proyectos-de-estadistica-en-primaria\/","title":{"rendered":"[12_09] Seminario did\u00e1ctico: Proyectos de Estad\u00edstica en primaria"},"content":{"rendered":"\n<div class=\"wp-block-buttons is-content-justification-center is-layout-flex wp-container-core-buttons-is-layout-16018d1d wp-block-buttons-is-layout-flex\">\n<div class=\"wp-block-button\"><a class=\"wp-block-button__link has-button-hover-color-background-color has-background wp-element-button\" href=\"https:\/\/wp.ull.es\/fpiem\/wp-content\/uploads\/sites\/158\/2023\/07\/12_09-hernandez-quevedo-cabrera-seminario.pdf\">Leer el art\u00edculo<\/a><\/div>\n<\/div>\n\n\n\n<h2 class=\"wp-block-heading\">Autor\u00eda:<\/h2>\n\n\n\n<div class=\"wp-block-buttons is-layout-flex wp-block-buttons-is-layout-flex\">\n<div class=\"wp-block-button\"><a class=\"wp-block-button__link has-background wp-element-button\" style=\"background-color:#5c068c\">V\u00edctor Manuel Hern\u00e1ndez Su\u00e1rez<\/a><\/div>\n\n\n\n<div class=\"wp-block-button\"><a class=\"wp-block-button__link has-background wp-element-button\" style=\"background-color:#5c068c\">Eduardo Gregorio Quevedo Guti\u00e9rrez<\/a><\/div>\n\n\n\n<div class=\"wp-block-button\"><a class=\"wp-block-button__link has-background wp-element-button\" style=\"background-color:#5c068c\">Francisco Sime\u00f3n Cabrera Su\u00e1rez<\/a><\/div>\n<\/div>\n\n\n\n<h2 class=\"wp-block-heading\">Volumen:<\/h2>\n\n\n\n<div class=\"wp-block-buttons is-layout-flex wp-block-buttons-is-layout-flex\">\n<div class=\"wp-block-button\"><a class=\"wp-block-button__link has-background wp-element-button\" href=\"https:\/\/wp.ull.es\/fpiem\/numero-xii-2017\/\" style=\"background-color:#5c068c\">N\u00famero XII- 2017<\/a><\/div>\n<\/div>\n\n\n\n<h2 class=\"wp-block-heading\"><strong>Resumen<\/strong>:<\/h2>\n\n\n\n<p><em>La elaboraci\u00f3n de proyectos estad\u00edsticos en el aula es un m\u00e9todo que ayuda a abordar los contenidos estad\u00edsticos en un contexto cercano al alumnado, a su vida diaria, a los objetos o elementos de uso cotidiano, a su situaci\u00f3n sociodemogr\u00e1fica, econ\u00f3mica o al estudio de situaciones que despierten su inter\u00e9s. El Instituto Canario de Estad\u00edstica (ISTAC) ha publicado la carpeta \u00abProyectos de Estad\u00edstica en Primaria\u00bb, que trata los contenidos del bloque de Estad\u00edstica y Probabilidad, a trav\u00e9s de la realizaci\u00f3n de tareas con el fin de que los estudiantes lleven a cabo sus propios proyectos estad\u00edsticos con contenidos canarios.<\/em><\/p>\n\n\n\n<p><em>En este art\u00edculo describimos un Seminario did\u00e1ctico realizado con los estudiantes de tercer curso de la Facultad de Ciencias de la Educaci\u00f3n (FCE) de la ULPGC, basado en los proyectos estad\u00edsticos publicados por el ISTAC.<\/em><\/p>\n\n\n\n<h2 class=\"wp-block-heading\"><strong>Cita en formato APA-7<\/strong>:<\/h2>\n\n\n\n<p>Hern\u00e1ndez, V. M.; Quevedo, E. G. y Cabrera, F. S. (2017). Seminario did\u00e1ctico: Proyectos de Estad\u00edstica en primaria. <em>Formaci\u00f3n del Profesorado e investigaci\u00f3n en Educaci\u00f3n Matem\u00e1tica<\/em>(12), pp. 165-176.<\/p>\n","protected":false},"excerpt":{"rendered":"<p>Autor\u00eda: Volumen: Resumen: La elaboraci\u00f3n de proyectos estad\u00edsticos en el aula es un m\u00e9todo que ayuda a abordar los contenidos estad\u00edsticos en un contexto cercano al alumnado, a su vida diaria, a los objetos o elementos de uso cotidiano, a &hellip;<\/p>\n<p class=\"read-more\"> <a class=\"more-link\" href=\"https:\/\/wp.ull.es\/fpiem\/2023\/07\/31\/12_09-seminario-didactico-proyectos-de-estadistica-en-primaria\/\"> <span class=\"screen-reader-text\">[12_09] Seminario did\u00e1ctico: Proyectos de Estad\u00edstica en primaria<\/span> Leer m\u00e1s \u00bb<\/a><\/p>\n","protected":false},"author":394,"featured_media":125,"comment_status":"closed","ping_status":"closed","sticky":false,"template":"","format":"standard","meta":{"footnotes":""},"categories":[71],"tags":[75,28,18],"class_list":["post-794","post","type-post","status-publish","format-standard","has-post-thumbnail","hentry","category-numero-xii","tag-eduardo-gregorio-quevedo-gutierrez","tag-francisco-simeon-cabrera-suarez","tag-victor-manuel-hernandez-suarez"],"_links":{"self":[{"href":"https:\/\/wp.ull.es\/fpiem\/wp-json\/wp\/v2\/posts\/794","targetHints":{"allow":["GET"]}}],"collection":[{"href":"https:\/\/wp.ull.es\/fpiem\/wp-json\/wp\/v2\/posts"}],"about":[{"href":"https:\/\/wp.ull.es\/fpiem\/wp-json\/wp\/v2\/types\/post"}],"author":[{"embeddable":true,"href":"https:\/\/wp.ull.es\/fpiem\/wp-json\/wp\/v2\/users\/394"}],"replies":[{"embeddable":true,"href":"https:\/\/wp.ull.es\/fpiem\/wp-json\/wp\/v2\/comments?post=794"}],"version-history":[{"count":2,"href":"https:\/\/wp.ull.es\/fpiem\/wp-json\/wp\/v2\/posts\/794\/revisions"}],"predecessor-version":[{"id":798,"href":"https:\/\/wp.ull.es\/fpiem\/wp-json\/wp\/v2\/posts\/794\/revisions\/798"}],"wp:featuredmedia":[{"embeddable":true,"href":"https:\/\/wp.ull.es\/fpiem\/wp-json\/wp\/v2\/media\/125"}],"wp:attachment":[{"href":"https:\/\/wp.ull.es\/fpiem\/wp-json\/wp\/v2\/media?parent=794"}],"wp:term":[{"taxonomy":"category","embeddable":true,"href":"https:\/\/wp.ull.es\/fpiem\/wp-json\/wp\/v2\/categories?post=794"},{"taxonomy":"post_tag","embeddable":true,"href":"https:\/\/wp.ull.es\/fpiem\/wp-json\/wp\/v2\/tags?post=794"}],"curies":[{"name":"wp","href":"https:\/\/api.w.org\/{rel}","templated":true}]}}