{"id":769,"date":"2023-07-30T16:20:31","date_gmt":"2023-07-30T15:20:31","guid":{"rendered":"https:\/\/wp.ull.es\/fpiem\/?p=769"},"modified":"2023-07-30T16:20:32","modified_gmt":"2023-07-30T15:20:32","slug":"11_10-la-modelizacion-matematica-en-el-modelo-de-competencia-formal","status":"publish","type":"post","link":"https:\/\/wp.ull.es\/fpiem\/2023\/07\/30\/11_10-la-modelizacion-matematica-en-el-modelo-de-competencia-formal\/","title":{"rendered":"[11_10] La modelizaci\u00f3n matem\u00e1tica en el modelo de competencia formal"},"content":{"rendered":"\n<div class=\"wp-block-buttons is-content-justification-center is-layout-flex wp-container-core-buttons-is-layout-16018d1d wp-block-buttons-is-layout-flex\">\n<div class=\"wp-block-button\"><a class=\"wp-block-button__link has-button-hover-color-background-color has-background wp-element-button\" href=\"https:\/\/wp.ull.es\/fpiem\/wp-content\/uploads\/sites\/158\/2023\/07\/11_10-ruano-socas-palarea-la-modelizacion.pdf\">Leer el art\u00edculo<\/a><\/div>\n<\/div>\n\n\n\n<h2 class=\"wp-block-heading\">Autor\u00eda:<\/h2>\n\n\n\n<div class=\"wp-block-buttons is-layout-flex wp-block-buttons-is-layout-flex\">\n<div class=\"wp-block-button\"><a class=\"wp-block-button__link has-background wp-element-button\" style=\"background-color:#5c068c\">Raquel Mar\u00eda Ruano Barrera<\/a><\/div>\n\n\n\n<div class=\"wp-block-button\"><a class=\"wp-block-button__link has-background wp-element-button\" style=\"background-color:#5c068c\">Mart\u00edn Manuel Socas Robayna<\/a><\/div>\n\n\n\n<div class=\"wp-block-button\"><a class=\"wp-block-button__link has-background wp-element-button\" style=\"background-color:#5c068c\">Mar\u00eda de las Mercedes Palarea Medina<\/a><\/div>\n<\/div>\n\n\n\n<h2 class=\"wp-block-heading\">Volumen:<\/h2>\n\n\n\n<div class=\"wp-block-buttons is-layout-flex wp-block-buttons-is-layout-flex\">\n<div class=\"wp-block-button\"><a class=\"wp-block-button__link has-background wp-element-button\" href=\"https:\/\/wp.ull.es\/fpiem\/numero-xi-2014\/\" style=\"background-color:#5c068c\">N\u00famero XI- 2014<\/a><\/div>\n<\/div>\n\n\n\n<h2 class=\"wp-block-heading\"><strong>Resumen<\/strong>:<\/h2>\n\n\n\n<p><em>La modelizaci\u00f3n ha sido foco de inter\u00e9s para los investigadores en los \u00faltimos 40 a\u00f1os. Este inter\u00e9s se ha visto reflejado en la creaci\u00f3n de m\u00faltiples grupos para profundizar en el tema y la publicaci\u00f3n de muchos trabajos sobre la Modelizaci\u00f3n Matem\u00e1tica en Educaci\u00f3n. En este art\u00edculo se realiza un breve recorrido por las distintas perspectivas de la Modelizaci\u00f3n Matem\u00e1tica en Educaci\u00f3n Matem\u00e1tica.<\/em><\/p>\n\n\n\n<p><em>La organizaci\u00f3n del contenido matem\u00e1tico para ense\u00f1arlo supone para el profesor un problema profesional. El punto de partida es la organizaci\u00f3n del contenido matem\u00e1tico desde el punto de vista epistemol\u00f3gico. As\u00ed trataremos de caracterizar la Modelizaci\u00f3n Matem\u00e1tica desde la Disciplina Matem\u00e1tica, esto es, precisar la Competencia Matem\u00e1tica Formal para la Modelizaci\u00f3n Matem\u00e1tica.<\/em><\/p>\n\n\n\n<p><em>Por \u00faltimo, a modo de ejemplo, realizaremos el an\u00e1lisis del contenido matem\u00e1tico de una pregunta relativa a la Modelizaci\u00f3n Matem\u00e1tica para tratar de resaltar la importancia que este tipo de an\u00e1lisis tiene tanto para los investigadores como para los profesores.<\/em><\/p>\n\n\n\n<h2 class=\"wp-block-heading\"><strong>Cita en formato APA-7<\/strong>:<\/h2>\n\n\n\n<p>Ruano, R.; Socas, M.M. y Palarea, M.M. (2014). La modelizaci\u00f3n matem\u00e1tica en el modelo de competencia formal. <em>Formaci\u00f3n del Profesorado e investigaci\u00f3n en Educaci\u00f3n Matem\u00e1tica<\/em>(11), pp. 217-250.<\/p>\n","protected":false},"excerpt":{"rendered":"<p>Autor\u00eda: Volumen: Resumen: La modelizaci\u00f3n ha sido foco de inter\u00e9s para los investigadores en los \u00faltimos 40 a\u00f1os. Este inter\u00e9s se ha visto reflejado en la creaci\u00f3n de m\u00faltiples grupos para profundizar en el tema y la publicaci\u00f3n de muchos &hellip;<\/p>\n<p class=\"read-more\"> <a class=\"more-link\" href=\"https:\/\/wp.ull.es\/fpiem\/2023\/07\/30\/11_10-la-modelizacion-matematica-en-el-modelo-de-competencia-formal\/\"> <span class=\"screen-reader-text\">[11_10] La modelizaci\u00f3n matem\u00e1tica en el modelo de competencia formal<\/span> Leer m\u00e1s \u00bb<\/a><\/p>\n","protected":false},"author":394,"featured_media":124,"comment_status":"closed","ping_status":"closed","sticky":false,"template":"","format":"standard","meta":{"footnotes":""},"categories":[65],"tags":[26,25,34],"class_list":["post-769","post","type-post","status-publish","format-standard","has-post-thumbnail","hentry","category-numero-xi","tag-maria-de-las-mercedes-palarea-medina","tag-martin-manuel-socas-robayna","tag-raquel-maria-ruano-barrera"],"_links":{"self":[{"href":"https:\/\/wp.ull.es\/fpiem\/wp-json\/wp\/v2\/posts\/769","targetHints":{"allow":["GET"]}}],"collection":[{"href":"https:\/\/wp.ull.es\/fpiem\/wp-json\/wp\/v2\/posts"}],"about":[{"href":"https:\/\/wp.ull.es\/fpiem\/wp-json\/wp\/v2\/types\/post"}],"author":[{"embeddable":true,"href":"https:\/\/wp.ull.es\/fpiem\/wp-json\/wp\/v2\/users\/394"}],"replies":[{"embeddable":true,"href":"https:\/\/wp.ull.es\/fpiem\/wp-json\/wp\/v2\/comments?post=769"}],"version-history":[{"count":1,"href":"https:\/\/wp.ull.es\/fpiem\/wp-json\/wp\/v2\/posts\/769\/revisions"}],"predecessor-version":[{"id":770,"href":"https:\/\/wp.ull.es\/fpiem\/wp-json\/wp\/v2\/posts\/769\/revisions\/770"}],"wp:featuredmedia":[{"embeddable":true,"href":"https:\/\/wp.ull.es\/fpiem\/wp-json\/wp\/v2\/media\/124"}],"wp:attachment":[{"href":"https:\/\/wp.ull.es\/fpiem\/wp-json\/wp\/v2\/media?parent=769"}],"wp:term":[{"taxonomy":"category","embeddable":true,"href":"https:\/\/wp.ull.es\/fpiem\/wp-json\/wp\/v2\/categories?post=769"},{"taxonomy":"post_tag","embeddable":true,"href":"https:\/\/wp.ull.es\/fpiem\/wp-json\/wp\/v2\/tags?post=769"}],"curies":[{"name":"wp","href":"https:\/\/api.w.org\/{rel}","templated":true}]}}