{"id":767,"date":"2023-07-30T16:12:25","date_gmt":"2023-07-30T15:12:25","guid":{"rendered":"https:\/\/wp.ull.es\/fpiem\/?p=767"},"modified":"2023-07-30T16:12:26","modified_gmt":"2023-07-30T15:12:26","slug":"11_09-matematica-elemental-para-maestros","status":"publish","type":"post","link":"https:\/\/wp.ull.es\/fpiem\/2023\/07\/30\/11_09-matematica-elemental-para-maestros\/","title":{"rendered":"[11_09] Matem\u00e1tica Elemental para Maestros"},"content":{"rendered":"\n<div class=\"wp-block-buttons is-content-justification-center is-layout-flex wp-container-core-buttons-is-layout-16018d1d wp-block-buttons-is-layout-flex\">\n<div class=\"wp-block-button\"><a class=\"wp-block-button__link has-button-hover-color-background-color has-background wp-element-button\" href=\"https:\/\/wp.ull.es\/fpiem\/wp-content\/uploads\/sites\/158\/2023\/07\/11_09-munoz-socas-matematica.pdf\">Leer el art\u00edculo<\/a><\/div>\n<\/div>\n\n\n\n<h2 class=\"wp-block-heading\">Autor\u00eda:<\/h2>\n\n\n\n<div class=\"wp-block-buttons is-layout-flex wp-block-buttons-is-layout-flex\">\n<div class=\"wp-block-button\"><a class=\"wp-block-button__link has-background wp-element-button\" style=\"background-color:#5c068c\">Mar\u00eda Mu\u00f1oz P\u00e9rez<\/a><\/div>\n\n\n\n<div class=\"wp-block-button\"><a class=\"wp-block-button__link has-background wp-element-button\" style=\"background-color:#5c068c\">Mart\u00edn Manuel Socas Robayna<\/a><\/div>\n<\/div>\n\n\n\n<h2 class=\"wp-block-heading\">Volumen:<\/h2>\n\n\n\n<div class=\"wp-block-buttons is-layout-flex wp-block-buttons-is-layout-flex\">\n<div class=\"wp-block-button\"><a class=\"wp-block-button__link has-background wp-element-button\" href=\"https:\/\/wp.ull.es\/fpiem\/numero-xi-2014\/\" style=\"background-color:#5c068c\">N\u00famero XI- 2014<\/a><\/div>\n<\/div>\n\n\n\n<h2 class=\"wp-block-heading\"><strong>Resumen<\/strong>:<\/h2>\n\n\n\n<p><em>En respuesta a las recientes declaraciones del presidente de la Comunidad de Madrid sobre la posibilidad de que accedan a la profesi\u00f3n de Maestros de Primaria titulados que no tienen el grado de Maestro o equivalentes anteriores, la Real Sociedad Matem\u00e1tica espa\u00f1ola publica un documento que lleva por t\u00edtulo \u201cContradictorias actuaciones del Gobierno de La Comunidad de Madrid sobre el profesorado de primaria\u201d.<\/em><\/p>\n\n\n\n<p><em>La RSME, en dicho documento, quiere hacer llegar a la opini\u00f3n p\u00fablica algunas observaciones entre las cuales destacamos la siguiente consideraci\u00f3n: \u201c\u2026, para un profesor de Primaria es muy importante tener una buena base de Matem\u00e1tica elemental que le permita ense\u00f1ar con las ideas claras facilitando as\u00ed la motivaci\u00f3n y el aprendizaje en profundidad de los alumnos\u201d.<\/em><\/p>\n\n\n\n<p><em>A lo largo de este trabajo analizaremos parte de la literatura existente sobre las categorizaciones del Conocimiento matem\u00e1tico para la ense\u00f1anza y centr\u00e1ndonos en el Enfoque L\u00f3gico Semi\u00f3tico propondremos un significado que defina cu\u00e1l es la Matem\u00e1tica elemental que necesitan los maestros.<\/em><\/p>\n\n\n\n<h2 class=\"wp-block-heading\"><strong>Cita en formato APA-7<\/strong>:<\/h2>\n\n\n\n<p>Mu\u00f1oz, M. y Socas, M.M. (2014). Matem\u00e1tica Elemental para Maestros. <em>Formaci\u00f3n del Profesorado e investigaci\u00f3n en Educaci\u00f3n Matem\u00e1tica<\/em>(11), pp. 201-216.<\/p>\n","protected":false},"excerpt":{"rendered":"<p>Autor\u00eda: Volumen: Resumen: En respuesta a las recientes declaraciones del presidente de la Comunidad de Madrid sobre la posibilidad de que accedan a la profesi\u00f3n de Maestros de Primaria titulados que no tienen el grado de Maestro o equivalentes anteriores, &hellip;<\/p>\n<p class=\"read-more\"> <a class=\"more-link\" href=\"https:\/\/wp.ull.es\/fpiem\/2023\/07\/30\/11_09-matematica-elemental-para-maestros\/\"> <span class=\"screen-reader-text\">[11_09] Matem\u00e1tica Elemental para Maestros<\/span> Leer m\u00e1s \u00bb<\/a><\/p>\n","protected":false},"author":394,"featured_media":124,"comment_status":"closed","ping_status":"closed","sticky":false,"template":"","format":"standard","meta":{"footnotes":""},"categories":[65],"tags":[43,25],"class_list":["post-767","post","type-post","status-publish","format-standard","has-post-thumbnail","hentry","category-numero-xi","tag-maria-munoz-perez","tag-martin-manuel-socas-robayna"],"_links":{"self":[{"href":"https:\/\/wp.ull.es\/fpiem\/wp-json\/wp\/v2\/posts\/767","targetHints":{"allow":["GET"]}}],"collection":[{"href":"https:\/\/wp.ull.es\/fpiem\/wp-json\/wp\/v2\/posts"}],"about":[{"href":"https:\/\/wp.ull.es\/fpiem\/wp-json\/wp\/v2\/types\/post"}],"author":[{"embeddable":true,"href":"https:\/\/wp.ull.es\/fpiem\/wp-json\/wp\/v2\/users\/394"}],"replies":[{"embeddable":true,"href":"https:\/\/wp.ull.es\/fpiem\/wp-json\/wp\/v2\/comments?post=767"}],"version-history":[{"count":1,"href":"https:\/\/wp.ull.es\/fpiem\/wp-json\/wp\/v2\/posts\/767\/revisions"}],"predecessor-version":[{"id":768,"href":"https:\/\/wp.ull.es\/fpiem\/wp-json\/wp\/v2\/posts\/767\/revisions\/768"}],"wp:featuredmedia":[{"embeddable":true,"href":"https:\/\/wp.ull.es\/fpiem\/wp-json\/wp\/v2\/media\/124"}],"wp:attachment":[{"href":"https:\/\/wp.ull.es\/fpiem\/wp-json\/wp\/v2\/media?parent=767"}],"wp:term":[{"taxonomy":"category","embeddable":true,"href":"https:\/\/wp.ull.es\/fpiem\/wp-json\/wp\/v2\/categories?post=767"},{"taxonomy":"post_tag","embeddable":true,"href":"https:\/\/wp.ull.es\/fpiem\/wp-json\/wp\/v2\/tags?post=767"}],"curies":[{"name":"wp","href":"https:\/\/api.w.org\/{rel}","templated":true}]}}