{"id":721,"date":"2023-07-29T23:25:39","date_gmt":"2023-07-29T22:25:39","guid":{"rendered":"https:\/\/wp.ull.es\/fpiem\/?p=721"},"modified":"2023-07-29T23:25:40","modified_gmt":"2023-07-29T22:25:40","slug":"09_05-matematicas-y-su-didactica-guia-docente-ects-eees","status":"publish","type":"post","link":"https:\/\/wp.ull.es\/fpiem\/2023\/07\/29\/09_05-matematicas-y-su-didactica-guia-docente-ects-eees\/","title":{"rendered":"[09_05] Matem\u00e1ticas y su did\u00e1ctica: Gu\u00eda docente (ECTS &#8211; EEES)"},"content":{"rendered":"\n<div class=\"wp-block-buttons is-content-justification-center is-layout-flex wp-container-core-buttons-is-layout-16018d1d wp-block-buttons-is-layout-flex\">\n<div class=\"wp-block-button\"><a class=\"wp-block-button__link has-background wp-element-button\" href=\"https:\/\/wp.ull.es\/fpiem\/wp-content\/uploads\/sites\/158\/2023\/07\/09_05-hernandez-morales-matematicas.pdf\" style=\"background-color:#5c068c\">Leer el art\u00edculo<\/a><\/div>\n<\/div>\n\n\n\n<h2 class=\"wp-block-heading\">Autor\u00eda:<\/h2>\n\n\n\n<div class=\"wp-block-buttons is-layout-flex wp-block-buttons-is-layout-flex\">\n<div class=\"wp-block-button\"><a class=\"wp-block-button__link has-background wp-element-button\" style=\"background-color:#5c068c\">V\u00edctor Manuel Hern\u00e1ndez Su\u00e1rez<\/a><\/div>\n\n\n\n<div class=\"wp-block-button\"><a class=\"wp-block-button__link has-background wp-element-button\" style=\"background-color:#5c068c\">Agust\u00edn Morales Gonz\u00e1lez<\/a><\/div>\n<\/div>\n\n\n\n<h2 class=\"wp-block-heading\">Volumen:<\/h2>\n\n\n\n<div class=\"wp-block-buttons is-layout-flex wp-block-buttons-is-layout-flex\">\n<div class=\"wp-block-button\"><a class=\"wp-block-button__link has-background wp-element-button\" href=\"https:\/\/wp.ull.es\/fpiem\/numero-ix-2008\/\" style=\"background-color:#5c068c\">N\u00famero IX- 2008<\/a><\/div>\n<\/div>\n\n\n\n<h2 class=\"wp-block-heading\"><strong>Resumen<\/strong>:<\/h2>\n\n\n\n<p><em>La Universidad de Las Palmas de Gran Canaria realiz\u00f3 una convocatoria de proyectos piloto de adaptaci\u00f3n de titulaciones al Espacio Europeo de Educaci\u00f3n Superior (EEES) con el objetivo de elaborar y poner en pr\u00e1ctica Gu\u00edas Docentes ETCS (modelo del Sistema Europeo de Transferencia de Cr\u00e9ditos) para el curso acad\u00e9mico 2007\/2008. Con el presente proyecto pretendemos la experimentaci\u00f3n del Cr\u00e9dito Europeo y la elaboraci\u00f3n de la Gu\u00eda Docente, en la asignatura troncal de Matem\u00e1ticas y su Did\u00e1ctica, que se imparte en el segundo cuatrimestre durante el segundo curso de la titulaci\u00f3n de Maestro Especialista en Lengua Extranjera, en la Facultad de Formaci\u00f3n del Profesorado (FFP). Esta asignatura en el actual plan de estudios figura con 4,5 cr\u00e9ditos (2 te\u00f3ricos y 2,5 pr\u00e1cticos). Estos 4,5 cr\u00e9ditos LRU, ateni\u00e9ndonos a una distribuci\u00f3n proporcional para el segundo curso de la titulaci\u00f3n quedar\u00edan en 4 cr\u00e9ditos ETCS.<\/em><\/p>\n\n\n\n<h2 class=\"wp-block-heading\">Cita APA-7:<\/h2>\n\n\n\n<p>Hern\u00e1ndez, V. M. y Morales, A. (2008). Matem\u00e1ticas y su did\u00e1ctica: Gu\u00eda docente (ECTS &#8211; EEES). <em>Formaci\u00f3n del Profesorado e investigaci\u00f3n en Educaci\u00f3n Matem\u00e1tica<\/em>(9), pp. 95-114.<\/p>\n","protected":false},"excerpt":{"rendered":"<p>Autor\u00eda: Volumen: Resumen: La Universidad de Las Palmas de Gran Canaria realiz\u00f3 una convocatoria de proyectos piloto de adaptaci\u00f3n de titulaciones al Espacio Europeo de Educaci\u00f3n Superior (EEES) con el objetivo de elaborar y poner en pr\u00e1ctica Gu\u00edas Docentes ETCS &hellip;<\/p>\n<p class=\"read-more\"> <a class=\"more-link\" href=\"https:\/\/wp.ull.es\/fpiem\/2023\/07\/29\/09_05-matematicas-y-su-didactica-guia-docente-ects-eees\/\"> <span class=\"screen-reader-text\">[09_05] Matem\u00e1ticas y su did\u00e1ctica: Gu\u00eda docente (ECTS &#8211; EEES)<\/span> Leer m\u00e1s \u00bb<\/a><\/p>\n","protected":false},"author":394,"featured_media":122,"comment_status":"closed","ping_status":"closed","sticky":false,"template":"","format":"standard","meta":{"footnotes":""},"categories":[60],"tags":[21,18],"class_list":["post-721","post","type-post","status-publish","format-standard","has-post-thumbnail","hentry","category-numero-ix","tag-agustin-morales-gonzalez","tag-victor-manuel-hernandez-suarez"],"_links":{"self":[{"href":"https:\/\/wp.ull.es\/fpiem\/wp-json\/wp\/v2\/posts\/721","targetHints":{"allow":["GET"]}}],"collection":[{"href":"https:\/\/wp.ull.es\/fpiem\/wp-json\/wp\/v2\/posts"}],"about":[{"href":"https:\/\/wp.ull.es\/fpiem\/wp-json\/wp\/v2\/types\/post"}],"author":[{"embeddable":true,"href":"https:\/\/wp.ull.es\/fpiem\/wp-json\/wp\/v2\/users\/394"}],"replies":[{"embeddable":true,"href":"https:\/\/wp.ull.es\/fpiem\/wp-json\/wp\/v2\/comments?post=721"}],"version-history":[{"count":1,"href":"https:\/\/wp.ull.es\/fpiem\/wp-json\/wp\/v2\/posts\/721\/revisions"}],"predecessor-version":[{"id":722,"href":"https:\/\/wp.ull.es\/fpiem\/wp-json\/wp\/v2\/posts\/721\/revisions\/722"}],"wp:featuredmedia":[{"embeddable":true,"href":"https:\/\/wp.ull.es\/fpiem\/wp-json\/wp\/v2\/media\/122"}],"wp:attachment":[{"href":"https:\/\/wp.ull.es\/fpiem\/wp-json\/wp\/v2\/media?parent=721"}],"wp:term":[{"taxonomy":"category","embeddable":true,"href":"https:\/\/wp.ull.es\/fpiem\/wp-json\/wp\/v2\/categories?post=721"},{"taxonomy":"post_tag","embeddable":true,"href":"https:\/\/wp.ull.es\/fpiem\/wp-json\/wp\/v2\/tags?post=721"}],"curies":[{"name":"wp","href":"https:\/\/api.w.org\/{rel}","templated":true}]}}