{"id":696,"date":"2023-07-28T13:41:50","date_gmt":"2023-07-28T12:41:50","guid":{"rendered":"https:\/\/wp.ull.es\/fpiem\/?p=696"},"modified":"2023-07-28T13:41:51","modified_gmt":"2023-07-28T12:41:51","slug":"08_08-lugares-geometricos-pintorescos-3","status":"publish","type":"post","link":"https:\/\/wp.ull.es\/fpiem\/2023\/07\/28\/08_08-lugares-geometricos-pintorescos-3\/","title":{"rendered":"[08_08] Lugares geom\u00e9tricos pintorescos (3)"},"content":{"rendered":"\n<div class=\"wp-block-buttons is-content-justification-center is-layout-flex wp-container-core-buttons-is-layout-16018d1d wp-block-buttons-is-layout-flex\">\n<div class=\"wp-block-button\"><a class=\"wp-block-button__link has-background wp-element-button\" href=\"https:\/\/wp.ull.es\/fpiem\/wp-content\/uploads\/sites\/158\/2023\/07\/08_08-martel-lugares.pdf\" style=\"background-color:#5c068c\">Leer el art\u00edculo<\/a><\/div>\n<\/div>\n\n\n\n<h2 class=\"wp-block-heading\">Autor\u00eda:<\/h2>\n\n\n\n<div class=\"wp-block-buttons is-layout-flex wp-block-buttons-is-layout-flex\">\n<div class=\"wp-block-button\"><a class=\"wp-block-button__link has-background wp-element-button\" style=\"background-color:#5c068c\">Jos\u00e9 Martel Moreno<\/a><\/div>\n<\/div>\n\n\n\n<h2 class=\"wp-block-heading\">Volumen:<\/h2>\n\n\n\n<div class=\"wp-block-buttons is-layout-flex wp-block-buttons-is-layout-flex\">\n<div class=\"wp-block-button\"><a class=\"wp-block-button__link has-background wp-element-button\" href=\"https:\/\/wp.ull.es\/fpiem\/numero-viii-2007\/\" style=\"background-color:#5c068c\">N\u00famero VIII- 2007<\/a><\/div>\n<\/div>\n\n\n\n<h2 class=\"wp-block-heading\"><strong>Resumen<\/strong>:<\/h2>\n\n\n\n<p><em>En esta tercera entrega, sobre lugares geom\u00e9tricos pintorescos, damos cabida a otra serie de curiosas curvas planas, con las ecuaciones cartesianas correspondientes, tales como una retorta de cuello corto, una cabeza de buitre, un soplillo, una sombrilla o un paraca\u00eddas, una \u00e9psilon singular, unas alforjas (1 y 2), un par de alas, etc.<\/em><\/p>\n\n\n\n<h2 class=\"wp-block-heading\">Cita APA-7:<\/h2>\n\n\n\n<p>Martel, J. (2007). Lugares geom\u00e9tricos pintorescos (3). <em>Formaci\u00f3n del Profesorado e investigaci\u00f3n en Educaci\u00f3n Matem\u00e1tica<\/em>(8), pp. 195-216.<\/p>\n","protected":false},"excerpt":{"rendered":"<p>Autor\u00eda: Volumen: Resumen: En esta tercera entrega, sobre lugares geom\u00e9tricos pintorescos, damos cabida a otra serie de curiosas curvas planas, con las ecuaciones cartesianas correspondientes, tales como una retorta de cuello corto, una cabeza de buitre, un soplillo, una sombrilla &hellip;<\/p>\n<p class=\"read-more\"> <a class=\"more-link\" href=\"https:\/\/wp.ull.es\/fpiem\/2023\/07\/28\/08_08-lugares-geometricos-pintorescos-3\/\"> <span class=\"screen-reader-text\">[08_08] Lugares geom\u00e9tricos pintorescos (3)<\/span> Leer m\u00e1s \u00bb<\/a><\/p>\n","protected":false},"author":394,"featured_media":121,"comment_status":"closed","ping_status":"closed","sticky":false,"template":"","format":"standard","meta":{"footnotes":""},"categories":[57],"tags":[20],"class_list":["post-696","post","type-post","status-publish","format-standard","has-post-thumbnail","hentry","category-numero-viii","tag-jose-martel-moreno"],"_links":{"self":[{"href":"https:\/\/wp.ull.es\/fpiem\/wp-json\/wp\/v2\/posts\/696","targetHints":{"allow":["GET"]}}],"collection":[{"href":"https:\/\/wp.ull.es\/fpiem\/wp-json\/wp\/v2\/posts"}],"about":[{"href":"https:\/\/wp.ull.es\/fpiem\/wp-json\/wp\/v2\/types\/post"}],"author":[{"embeddable":true,"href":"https:\/\/wp.ull.es\/fpiem\/wp-json\/wp\/v2\/users\/394"}],"replies":[{"embeddable":true,"href":"https:\/\/wp.ull.es\/fpiem\/wp-json\/wp\/v2\/comments?post=696"}],"version-history":[{"count":1,"href":"https:\/\/wp.ull.es\/fpiem\/wp-json\/wp\/v2\/posts\/696\/revisions"}],"predecessor-version":[{"id":697,"href":"https:\/\/wp.ull.es\/fpiem\/wp-json\/wp\/v2\/posts\/696\/revisions\/697"}],"wp:featuredmedia":[{"embeddable":true,"href":"https:\/\/wp.ull.es\/fpiem\/wp-json\/wp\/v2\/media\/121"}],"wp:attachment":[{"href":"https:\/\/wp.ull.es\/fpiem\/wp-json\/wp\/v2\/media?parent=696"}],"wp:term":[{"taxonomy":"category","embeddable":true,"href":"https:\/\/wp.ull.es\/fpiem\/wp-json\/wp\/v2\/categories?post=696"},{"taxonomy":"post_tag","embeddable":true,"href":"https:\/\/wp.ull.es\/fpiem\/wp-json\/wp\/v2\/tags?post=696"}],"curies":[{"name":"wp","href":"https:\/\/api.w.org\/{rel}","templated":true}]}}