{"id":694,"date":"2023-07-28T13:40:02","date_gmt":"2023-07-28T12:40:02","guid":{"rendered":"https:\/\/wp.ull.es\/fpiem\/?p=694"},"modified":"2023-07-28T13:42:21","modified_gmt":"2023-07-28T12:42:21","slug":"08_07-matematicas-y-su-didactica-on-line","status":"publish","type":"post","link":"https:\/\/wp.ull.es\/fpiem\/2023\/07\/28\/08_07-matematicas-y-su-didactica-on-line\/","title":{"rendered":"[08_07] Matem\u00e1ticas y su Did\u00e1ctica on-line"},"content":{"rendered":"\n<div class=\"wp-block-buttons is-content-justification-center is-layout-flex wp-container-core-buttons-is-layout-16018d1d wp-block-buttons-is-layout-flex\">\n<div class=\"wp-block-button\"><a class=\"wp-block-button__link has-background wp-element-button\" href=\"https:\/\/wp.ull.es\/fpiem\/wp-content\/uploads\/sites\/158\/2023\/07\/08_07-hernandez-morales-matematicas.pdf\" style=\"background-color:#5c068c\">Leer el art\u00edculo<\/a><\/div>\n<\/div>\n\n\n\n<h2 class=\"wp-block-heading\">Autor\u00eda:<\/h2>\n\n\n\n<div class=\"wp-block-buttons is-layout-flex wp-block-buttons-is-layout-flex\">\n<div class=\"wp-block-button\"><a class=\"wp-block-button__link has-background wp-element-button\" style=\"background-color:#5c068c\">V\u00edctor Manuel Hern\u00e1ndez Su\u00e1rez<\/a><\/div>\n\n\n\n<div class=\"wp-block-button\"><a class=\"wp-block-button__link has-background wp-element-button\" style=\"background-color:#5c068c\">Agust\u00edn Morales Gonz\u00e1lez<\/a><\/div>\n<\/div>\n\n\n\n<h2 class=\"wp-block-heading\">Volumen:<\/h2>\n\n\n\n<div class=\"wp-block-buttons is-layout-flex wp-block-buttons-is-layout-flex\">\n<div class=\"wp-block-button\"><a class=\"wp-block-button__link has-background wp-element-button\" href=\"https:\/\/wp.ull.es\/fpiem\/numero-viii-2007\/\" style=\"background-color:#5c068c\">N\u00famero VIII- 2007<\/a><\/div>\n<\/div>\n\n\n\n<h2 class=\"wp-block-heading\"><strong>Resumen<\/strong>:<\/h2>\n\n\n\n<p><em>Matem\u00e1ticas y su Did\u00e1ctica es una asignatura troncal de 9 cr\u00e9ditos, de car\u00e1cter anual, que se imparte actualmente en primer curso de la titulaci\u00f3n de Maestro, especialidad de Educaci\u00f3n Primaria, en el Campus Virtual de la Universidad de Las Palmas de Gran Canaria (ULPGC). Hay 115 estudiantes matriculados, que inician con ilusi\u00f3n esta nueva experiencia acad\u00e9mica no presencial, utilizando como herramienta la Plataforma Virtual de Aprendizaje \u201cMoodle\u201d. <\/em><\/p>\n\n\n\n<p><em>Moodle es un proyecto en desarrollo, dise\u00f1ado para dar soporte a un marco de educaci\u00f3n social constructivista y se distribuye gratuitamente como Software libre. Promueve una Pedagog\u00eda constructivista social (colaboraci\u00f3n, actividades, reflexi\u00f3n cr\u00edtica,\u2026), puesto que el estudiante construye activamente nuevos conocimientos a medida que interact\u00faa con su entorno. Es apropiado para el 100% de las clases en l\u00ednea, as\u00ed como tambi\u00e9n para complementar el aprendizaje presencial. <\/em><\/p>\n\n\n\n<p><em>Aqu\u00ed realizaremos una descripci\u00f3n detallada de las caracter\u00edsticas fundamentales de este Sistema de Ense\u00f1anza-Aprendizaje, con aplicaci\u00f3n especial a nuestra asignatura.<\/em><\/p>\n\n\n\n<h2 class=\"wp-block-heading\">Cita APA-7:<\/h2>\n\n\n\n<p>Hern\u00e1ndez, V. M. y Morales, A. (2007). Matem\u00e1ticas y su Did\u00e1ctica on-line. <em>Formaci\u00f3n del Profesorado e investigaci\u00f3n en Educaci\u00f3n Matem\u00e1tica<\/em>(8), pp. 159-193.<\/p>\n","protected":false},"excerpt":{"rendered":"<p>Autor\u00eda: Volumen: Resumen: Matem\u00e1ticas y su Did\u00e1ctica es una asignatura troncal de 9 cr\u00e9ditos, de car\u00e1cter anual, que se imparte actualmente en primer curso de la titulaci\u00f3n de Maestro, especialidad de Educaci\u00f3n Primaria, en el Campus Virtual de la Universidad &hellip;<\/p>\n<p class=\"read-more\"> <a class=\"more-link\" href=\"https:\/\/wp.ull.es\/fpiem\/2023\/07\/28\/08_07-matematicas-y-su-didactica-on-line\/\"> <span class=\"screen-reader-text\">[08_07] Matem\u00e1ticas y su Did\u00e1ctica on-line<\/span> Leer m\u00e1s \u00bb<\/a><\/p>\n","protected":false},"author":394,"featured_media":121,"comment_status":"closed","ping_status":"closed","sticky":false,"template":"","format":"standard","meta":{"footnotes":""},"categories":[57],"tags":[21,18],"class_list":["post-694","post","type-post","status-publish","format-standard","has-post-thumbnail","hentry","category-numero-viii","tag-agustin-morales-gonzalez","tag-victor-manuel-hernandez-suarez"],"_links":{"self":[{"href":"https:\/\/wp.ull.es\/fpiem\/wp-json\/wp\/v2\/posts\/694","targetHints":{"allow":["GET"]}}],"collection":[{"href":"https:\/\/wp.ull.es\/fpiem\/wp-json\/wp\/v2\/posts"}],"about":[{"href":"https:\/\/wp.ull.es\/fpiem\/wp-json\/wp\/v2\/types\/post"}],"author":[{"embeddable":true,"href":"https:\/\/wp.ull.es\/fpiem\/wp-json\/wp\/v2\/users\/394"}],"replies":[{"embeddable":true,"href":"https:\/\/wp.ull.es\/fpiem\/wp-json\/wp\/v2\/comments?post=694"}],"version-history":[{"count":2,"href":"https:\/\/wp.ull.es\/fpiem\/wp-json\/wp\/v2\/posts\/694\/revisions"}],"predecessor-version":[{"id":698,"href":"https:\/\/wp.ull.es\/fpiem\/wp-json\/wp\/v2\/posts\/694\/revisions\/698"}],"wp:featuredmedia":[{"embeddable":true,"href":"https:\/\/wp.ull.es\/fpiem\/wp-json\/wp\/v2\/media\/121"}],"wp:attachment":[{"href":"https:\/\/wp.ull.es\/fpiem\/wp-json\/wp\/v2\/media?parent=694"}],"wp:term":[{"taxonomy":"category","embeddable":true,"href":"https:\/\/wp.ull.es\/fpiem\/wp-json\/wp\/v2\/categories?post=694"},{"taxonomy":"post_tag","embeddable":true,"href":"https:\/\/wp.ull.es\/fpiem\/wp-json\/wp\/v2\/tags?post=694"}],"curies":[{"name":"wp","href":"https:\/\/api.w.org\/{rel}","templated":true}]}}