{"id":513,"date":"2023-07-26T16:27:00","date_gmt":"2023-07-26T15:27:00","guid":{"rendered":"https:\/\/wp.ull.es\/fpiem\/?p=513"},"modified":"2023-07-28T13:11:06","modified_gmt":"2023-07-28T12:11:06","slug":"06_08-historia-y-educacion-matematica","status":"publish","type":"post","link":"https:\/\/wp.ull.es\/fpiem\/2023\/07\/26\/06_08-historia-y-educacion-matematica\/","title":{"rendered":"[06_08] Historia y educaci\u00f3n matem\u00e1tica"},"content":{"rendered":"\n<div class=\"wp-block-buttons is-content-justification-center is-layout-flex wp-container-core-buttons-is-layout-16018d1d wp-block-buttons-is-layout-flex\">\n<div class=\"wp-block-button\"><a class=\"wp-block-button__link has-background wp-element-button\" href=\"https:\/\/wp.ull.es\/fpiem\/wp-content\/uploads\/sites\/158\/2023\/07\/06_08-hernandez-rios-historia.pdf\" style=\"background-color:#5c068c\">Leer el art\u00edculo<\/a><\/div>\n<\/div>\n\n\n\n<h2 class=\"wp-block-heading\">Autor\u00eda:<\/h2>\n\n\n\n<div class=\"wp-block-buttons is-layout-flex wp-block-buttons-is-layout-flex\">\n<div class=\"wp-block-button\"><a class=\"wp-block-button__link has-background wp-element-button\" style=\"background-color:#5c068c\">V\u00edctor Manuel Hern\u00e1ndez Su\u00e1rez<\/a><\/div>\n\n\n\n<div class=\"wp-block-button\"><a class=\"wp-block-button__link has-background wp-element-button\" style=\"background-color:#5c068c\">Mar\u00eda Celia Rios Villar<\/a><\/div>\n\n\n\n<div class=\"wp-block-button\"><a class=\"wp-block-button__link has-background wp-element-button\" style=\"background-color:#5c068c\">Rosa Mar\u00eda Hern\u00e1ndez Su\u00e1rez<\/a><\/div>\n<\/div>\n\n\n\n<h2 class=\"wp-block-heading\">Volumen:<\/h2>\n\n\n\n<div class=\"wp-block-buttons is-layout-flex wp-block-buttons-is-layout-flex\">\n<div class=\"wp-block-button\"><a class=\"wp-block-button__link has-background wp-element-button\" href=\"https:\/\/wp.ull.es\/fpiem\/numero-vi-2004\/\" style=\"background-color:#5c068c\">N\u00famero VI &#8211; 2004<\/a><\/div>\n<\/div>\n\n\n\n<h2 class=\"wp-block-heading\"><strong>Resumen<\/strong>:<\/h2>\n\n\n\n<p><em>La Historia de las Matem\u00e1ticas proporciona al profesorado una visi\u00f3n m\u00e1s completa de la materia y una formaci\u00f3n cient\u00edfica m\u00e1s amplia. La utilizaci\u00f3n de problemas hist\u00f3ricos en el aula ofrece al alumnado una perspectiva m\u00e1s global de las Matem\u00e1ticas y puede mejorar la ense\u00f1anza y aprendizaje de determinados conceptos matem\u00e1ticos. Las aportaciones que la Historia de las Matem\u00e1ticas puede hacer a la ense\u00f1anza de \u00e9stas son m\u00faltiples y dependen de muchos factores. Por un lado, es necesario que los profesores se formen e investiguen en Historia de la matem\u00e1tica; por otro, se requieren materiales adecuados para no caer en la an\u00e9cdota f\u00e1cil sin contenido matem\u00e1tico. Sin embargo, las variadas posibilidades de utilizaci\u00f3n de la Historia de la Matem\u00e1tica, como recurso impl\u00edcito y expl\u00edcito, nos muestran que es una herramienta \u00fatil para mejorar la ense\u00f1anza de las Matem\u00e1ticas y la formaci\u00f3n integral del alumnado. Es importante la selecci\u00f3n de textos hist\u00f3ricos relevantes en la Historia de la Matem\u00e1tica que ayuden al estudiante a adquirir los conceptos con m\u00e1s facilidad. El uso de cuestiones hist\u00f3ricas es una de las t\u00e9cnicas que se puede utilizar para mejorar la transmisi\u00f3n y adquisici\u00f3n de los contenidos matem\u00e1ticos y tambi\u00e9n para actuar de revulsivo en aquellos casos en los que el estudiante no est\u00e9 suficientemente motivado.<\/em><\/p>\n\n\n\n<h2 class=\"wp-block-heading\">Cita APA-7:<\/h2>\n\n\n\n<p>Hern\u00e1ndez, V.; R\u00edos, M\u00aa C. y Hern\u00e1ndez, R. M\u00aa. (2004). Historia y educaci\u00f3n matem\u00e1tica. <em>Formaci\u00f3n del Profesorado e investigaci\u00f3n en Educaci\u00f3n Matem\u00e1tica<\/em>(6), pp. 189-216.<\/p>\n","protected":false},"excerpt":{"rendered":"<p>Autor\u00eda: Volumen: Resumen: La Historia de las Matem\u00e1ticas proporciona al profesorado una visi\u00f3n m\u00e1s completa de la materia y una formaci\u00f3n cient\u00edfica m\u00e1s amplia. La utilizaci\u00f3n de problemas hist\u00f3ricos en el aula ofrece al alumnado una perspectiva m\u00e1s global de &hellip;<\/p>\n<p class=\"read-more\"> <a class=\"more-link\" href=\"https:\/\/wp.ull.es\/fpiem\/2023\/07\/26\/06_08-historia-y-educacion-matematica\/\"> <span class=\"screen-reader-text\">[06_08] Historia y educaci\u00f3n matem\u00e1tica<\/span> Leer m\u00e1s \u00bb<\/a><\/p>\n","protected":false},"author":394,"featured_media":119,"comment_status":"closed","ping_status":"closed","sticky":false,"template":"","format":"standard","meta":{"footnotes":""},"categories":[38],"tags":[19,47,18],"class_list":["post-513","post","type-post","status-publish","format-standard","has-post-thumbnail","hentry","category-numero-vi","tag-maria-celia-rios-villar","tag-rosa-maria-hernandez-suarez","tag-victor-manuel-hernandez-suarez"],"_links":{"self":[{"href":"https:\/\/wp.ull.es\/fpiem\/wp-json\/wp\/v2\/posts\/513","targetHints":{"allow":["GET"]}}],"collection":[{"href":"https:\/\/wp.ull.es\/fpiem\/wp-json\/wp\/v2\/posts"}],"about":[{"href":"https:\/\/wp.ull.es\/fpiem\/wp-json\/wp\/v2\/types\/post"}],"author":[{"embeddable":true,"href":"https:\/\/wp.ull.es\/fpiem\/wp-json\/wp\/v2\/users\/394"}],"replies":[{"embeddable":true,"href":"https:\/\/wp.ull.es\/fpiem\/wp-json\/wp\/v2\/comments?post=513"}],"version-history":[{"count":2,"href":"https:\/\/wp.ull.es\/fpiem\/wp-json\/wp\/v2\/posts\/513\/revisions"}],"predecessor-version":[{"id":518,"href":"https:\/\/wp.ull.es\/fpiem\/wp-json\/wp\/v2\/posts\/513\/revisions\/518"}],"wp:featuredmedia":[{"embeddable":true,"href":"https:\/\/wp.ull.es\/fpiem\/wp-json\/wp\/v2\/media\/119"}],"wp:attachment":[{"href":"https:\/\/wp.ull.es\/fpiem\/wp-json\/wp\/v2\/media?parent=513"}],"wp:term":[{"taxonomy":"category","embeddable":true,"href":"https:\/\/wp.ull.es\/fpiem\/wp-json\/wp\/v2\/categories?post=513"},{"taxonomy":"post_tag","embeddable":true,"href":"https:\/\/wp.ull.es\/fpiem\/wp-json\/wp\/v2\/tags?post=513"}],"curies":[{"name":"wp","href":"https:\/\/api.w.org\/{rel}","templated":true}]}}