{"id":307,"date":"2023-07-23T23:41:02","date_gmt":"2023-07-23T21:41:02","guid":{"rendered":"https:\/\/wp.ull.es\/fpiem\/?p=307"},"modified":"2023-07-26T17:00:07","modified_gmt":"2023-07-26T16:00:07","slug":"04_01-inteligencia-logico-matematica-y-curriculum-escolar","status":"publish","type":"post","link":"https:\/\/wp.ull.es\/fpiem\/2023\/07\/23\/04_01-inteligencia-logico-matematica-y-curriculum-escolar\/","title":{"rendered":"[04_01] Inteligencia L\u00f3gico-Matem\u00e1tica y Curr\u00edculum Escolar."},"content":{"rendered":"\n<div class=\"wp-block-buttons is-content-justification-center is-layout-flex wp-container-core-buttons-is-layout-16018d1d wp-block-buttons-is-layout-flex\">\n<div class=\"wp-block-button\"><a class=\"wp-block-button__link has-background wp-element-button\" href=\"https:\/\/wp.ull.es\/fpiem\/wp-content\/uploads\/sites\/158\/2023\/07\/04_01-afonso-guerra-padron-plasencia-varela-inteligencia.pdf\" style=\"background-color:#5c068c\">Leer el art\u00edculo<\/a><\/div>\n<\/div>\n\n\n\n<h2 class=\"wp-block-heading\">Autor\u00eda:<\/h2>\n\n\n\n<div class=\"wp-block-buttons is-layout-flex wp-block-buttons-is-layout-flex\">\n<div class=\"wp-block-button\"><a class=\"wp-block-button__link has-background wp-element-button\" style=\"background-color:#5c068c\">Mar\u00eda Candelaria Afonso Mart\u00edn<\/a><\/div>\n\n\n\n<div class=\"wp-block-button\"><a class=\"wp-block-button__link has-background wp-element-button\" style=\"background-color:#5c068c\">Juana Isabel Guerra Cabrera<\/a><\/div>\n\n\n\n<div class=\"wp-block-button\"><a class=\"wp-block-button__link has-background wp-element-button\" style=\"background-color:#5c068c\">Ubaldo Padr\u00f3n Brito<\/a><\/div>\n\n\n\n<div class=\"wp-block-button\"><a class=\"wp-block-button__link has-background wp-element-button\" style=\"background-color:#5c068c\">In\u00e9s del Carmen Plasencia Cruz<\/a><\/div>\n\n\n\n<div class=\"wp-block-button\"><a class=\"wp-block-button__link has-background wp-element-button\" style=\"background-color:#5c068c\">Corina Varela Calvo<\/a><\/div>\n<\/div>\n\n\n\n<h2 class=\"wp-block-heading\">Volumen:<\/h2>\n\n\n\n<div class=\"wp-block-buttons is-layout-flex wp-block-buttons-is-layout-flex\">\n<div class=\"wp-block-button\"><a class=\"wp-block-button__link has-background wp-element-button\" href=\"https:\/\/wp.ull.es\/fpiem\/numero-iv-2002\/\" style=\"background-color:#5c068c\">N\u00famero IV &#8211; 2002<\/a><\/div>\n<\/div>\n\n\n\n<h2 class=\"wp-block-heading\"><strong>Resumen<\/strong>:<\/h2>\n\n\n\n<p><em>La teor\u00eda de las inteligencias m\u00faltiples (MI), obra de Howard Gardner, pretende, sobre todo, ampliar el \u00e1mbito de funcionamiento mental que se recoge bajo la denominaci\u00f3n de inteligencia. Gardner, a trav\u00e9s de su teor\u00eda, afirma que no s\u00f3lo no existe un \u00fanico y monol\u00edtico tipo de inteligencia que resulte esencial para el \u00e9xito en la vida sino que, en realidad, existe un amplio abanico de no menos de siete variedades distintas de inteligencia; todos los individuos, poseen, al menos, en grados distintos, siete \u00e1reas de intelecto, que funcionan de manera relativamente independientes. Son las siguientes: las capacidades verbales, las capacidades l\u00f3gico-Matem\u00e1ticas, la capacidad espacial, el talento kinest\u00e9sico, las aptitudes musicales, la inteligencia interpersonal y la inteligencia intrapersonal. Presentaremos en este art\u00edculo algunas actividades que ayuden a la detecci\u00f3n y desarrollo de las inteligencias l\u00f3gico-matem\u00e1tica y espacial en las clases de los primeros cursos de Primaria.<\/em><\/p>\n\n\n\n<h2 class=\"wp-block-heading\">Cita APA-7:<\/h2>\n\n\n\n<p style=\"font-style:normal;font-weight:400\">Afonso, M.C.; Guerra, J.I.; Padr\u00f3n, U.; Plasencia, I.C. y Varela, C. (2002). Inteligencia l\u00f3gico-matem\u00e1tica y curr\u00edculum escolar. <em>Formaci\u00f3n del Profesorado e investigaci\u00f3n en Educaci\u00f3n Matem\u00e1tica<\/em>(<em>4<\/em>), pp. 9-25.<\/p>\n","protected":false},"excerpt":{"rendered":"<p>Autor\u00eda: Volumen: Resumen: La teor\u00eda de las inteligencias m\u00faltiples (MI), obra de Howard Gardner, pretende, sobre todo, ampliar el \u00e1mbito de funcionamiento mental que se recoge bajo la denominaci\u00f3n de inteligencia. Gardner, a trav\u00e9s de su teor\u00eda, afirma que no &hellip;<\/p>\n<p class=\"read-more\"> <a class=\"more-link\" href=\"https:\/\/wp.ull.es\/fpiem\/2023\/07\/23\/04_01-inteligencia-logico-matematica-y-curriculum-escolar\/\"> <span class=\"screen-reader-text\">[04_01] Inteligencia L\u00f3gico-Matem\u00e1tica y Curr\u00edculum Escolar.<\/span> Leer m\u00e1s \u00bb<\/a><\/p>\n","protected":false},"author":394,"featured_media":117,"comment_status":"closed","ping_status":"closed","sticky":false,"template":"","format":"standard","meta":{"footnotes":""},"categories":[8],"tags":[7,6,4,9,5],"class_list":["post-307","post","type-post","status-publish","format-standard","has-post-thumbnail","hentry","category-numero-iv","tag-corina-varela-calvo","tag-ines-del-carmen-plasencia-cruz","tag-juana-isabel-guerra-cabrera","tag-maria-candelaria-afonso-martin","tag-ubaldo-padron-brito"],"_links":{"self":[{"href":"https:\/\/wp.ull.es\/fpiem\/wp-json\/wp\/v2\/posts\/307","targetHints":{"allow":["GET"]}}],"collection":[{"href":"https:\/\/wp.ull.es\/fpiem\/wp-json\/wp\/v2\/posts"}],"about":[{"href":"https:\/\/wp.ull.es\/fpiem\/wp-json\/wp\/v2\/types\/post"}],"author":[{"embeddable":true,"href":"https:\/\/wp.ull.es\/fpiem\/wp-json\/wp\/v2\/users\/394"}],"replies":[{"embeddable":true,"href":"https:\/\/wp.ull.es\/fpiem\/wp-json\/wp\/v2\/comments?post=307"}],"version-history":[{"count":2,"href":"https:\/\/wp.ull.es\/fpiem\/wp-json\/wp\/v2\/posts\/307\/revisions"}],"predecessor-version":[{"id":531,"href":"https:\/\/wp.ull.es\/fpiem\/wp-json\/wp\/v2\/posts\/307\/revisions\/531"}],"wp:featuredmedia":[{"embeddable":true,"href":"https:\/\/wp.ull.es\/fpiem\/wp-json\/wp\/v2\/media\/117"}],"wp:attachment":[{"href":"https:\/\/wp.ull.es\/fpiem\/wp-json\/wp\/v2\/media?parent=307"}],"wp:term":[{"taxonomy":"category","embeddable":true,"href":"https:\/\/wp.ull.es\/fpiem\/wp-json\/wp\/v2\/categories?post=307"},{"taxonomy":"post_tag","embeddable":true,"href":"https:\/\/wp.ull.es\/fpiem\/wp-json\/wp\/v2\/tags?post=307"}],"curies":[{"name":"wp","href":"https:\/\/api.w.org\/{rel}","templated":true}]}}