{"id":3976,"date":"2023-06-27T08:03:19","date_gmt":"2023-06-27T08:03:19","guid":{"rendered":"https:\/\/wp.ull.es\/canariasconvive\/?p=3976"},"modified":"2023-06-27T08:03:22","modified_gmt":"2023-06-27T08:03:22","slug":"el-plan-canario-de-inmigracion-y-convivencia-intercultural-se-presenta-ante-el-diputado-del-comun","status":"publish","type":"post","link":"https:\/\/wp.ull.es\/canariasconvive\/2023\/06\/27\/el-plan-canario-de-inmigracion-y-convivencia-intercultural-se-presenta-ante-el-diputado-del-comun\/","title":{"rendered":"El Plan Canario de Inmigraci\u00f3n y Convivencia Intercultural se presenta ante el Diputado del Com\u00fan"},"content":{"rendered":"[et_pb_section fb_built=\u00bb1&#8243; _builder_version=\u00bb3.22&#8243;][et_pb_row _builder_version=\u00bb3.25&#8243; background_size=\u00bbinitial\u00bb background_position=\u00bbtop_left\u00bb background_repeat=\u00bbrepeat\u00bb][et_pb_column type=\u00bb4_4&#8243; _builder_version=\u00bb3.25&#8243; custom_padding=\u00bb|||\u00bb custom_padding__hover=\u00bb|||\u00bb][et_pb_text _builder_version=\u00bb4.9.7&#8243; background_size=\u00bbinitial\u00bb background_position=\u00bbtop_left\u00bb background_repeat=\u00bbrepeat\u00bb]\n<p data-gtm-element-container=\"modulo-texto-link\" class=\"paragraph\"><span>Los avances del <strong>Plan Canario de Inmigraci\u00f3n y Convivencia Intercultural 2024 &#8211; 2027 han sido presentados el pasado mes de junio ante el <a href=\"https:\/\/www.eldia.es\/sociedad\/2023\/06\/20\/canarias-referencia-espana-europa-plan-88918307.html\" target=\"_blank\" rel=\"noopener\">Diputado del Com\u00fan<\/a><\/strong>. <\/span><span>El director del programa &#8216;Canarias Convive&#8217;, Vicente Zapata, ha recalcado que la convivencia intercultural en el archipi\u00e9lago debe quedar \u00abal margen de coyunturas\u00bb.\u00a0<\/span><\/p>\n<p data-gtm-element-container=\"modulo-texto-link\" class=\"paragraph\">En la reuni\u00f3n se ha puesto en valor la necesidad de defender <strong>la convivencia como un factor clave de progreso<\/strong> para un archipi\u00e9lago como el canario, marco por la diversidad de forma estructural desde hace d\u00e9cadas.\u00a0<\/p>\n<p data-gtm-element-container=\"modulo-texto-link\" class=\"paragraph\">Junto con Rafael Yanes, diputado del com\u00fan, han revisando de forma conjunta las novedades que presenta el Plan Canario, como es el <strong>proceso participativo de construcci\u00f3n del mismo que ya incumbe a m\u00e1s de un millar de personas en todas las islas<\/strong>. Este proceso ha sido un camino de elaboraci\u00f3n compartida del conocimiento y de la visi\u00f3n que existe sobre la gesti\u00f3n migratoria en las islas, y ha contado con la voz de ayuntamientos, cabildos y entidades que trabajan con personas migrantes, as\u00ed como con la propia ciudadan\u00eda.\u00a0<\/p>\n<p data-gtm-element-container=\"modulo-texto-link\" class=\"paragraph\">En palabras del director del programa,\u00a0<strong>\u00absi la sociedad canaria en su conjunto no es protagonista, la administraci\u00f3n por s\u00ed sola no va a poder combatir\u00bb<\/strong> discursos de odio o actitudes intransigentes. \u00abEs una batalla que tenemos que dar el conjunto de la sociedad\u00bb.<\/p>\n<p data-gtm-element-container=\"modulo-texto-link\" class=\"paragraph\">En paralelo a esto, en la reuni\u00f3n se ha informado del trabajo de sensibilizaci\u00f3n que se viene haciendo a trav\u00e9s de las diferentes formaciones, adelantando que <strong>en septiembre una nueva campa\u00f1a de sensibilizaci\u00f3n<\/strong>, dise\u00f1ada por el alumnado de la <a href=\"https:\/\/wp.ull.es\/canariasconvive\/2023\/05\/31\/concluye-la-ii-edicion-de-la-formacion-antirrumores-potencia-la-convivencia-intercultural-en-canarias-con-una-propuesta-regional-de-campana-de-sensibilizacion\/\" target=\"_blank\" rel=\"noopener\">segunda edici\u00f3n de la Formaci\u00f3n Antirrumores<\/a>.<\/p>\n<p data-gtm-element-container=\"modulo-texto-link\" class=\"paragraph\">[\/et_pb_text][\/et_pb_column][\/et_pb_row][\/et_pb_section]\n","protected":false},"excerpt":{"rendered":"<p>[et_pb_section fb_built=\u00bb1&#8243; _builder_version=\u00bb3.22&#8243;][et_pb_row _builder_version=\u00bb3.25&#8243; background_size=\u00bbinitial\u00bb background_position=\u00bbtop_left\u00bb background_repeat=\u00bbrepeat\u00bb][et_pb_column type=\u00bb4_4&#8243; _builder_version=\u00bb3.25&#8243; custom_padding=\u00bb|||\u00bb custom_padding__hover=\u00bb|||\u00bb][et_pb_text _builder_version=\u00bb4.9.7&#8243; background_size=\u00bbinitial\u00bb background_position=\u00bbtop_left\u00bb background_repeat=\u00bbrepeat\u00bb] Los avances del Plan Canario de Inmigraci\u00f3n y Convivencia Intercultural 2024 &#8211; 2027 han sido presentados el pasado mes de junio ante el Diputado del Com\u00fan. El director del programa &#8216;Canarias Convive&#8217;, Vicente Zapata, ha recalcado que la convivencia intercultural [&hellip;]<\/p>\n","protected":false},"author":255,"featured_media":3978,"comment_status":"open","ping_status":"open","sticky":false,"template":"","format":"standard","meta":{"_et_pb_use_builder":"on","_et_pb_old_content":"","_et_gb_content_width":"","ngg_post_thumbnail":0,"footnotes":""},"categories":[204,381],"tags":[55,415,53,414,413,383,412,411],"class_list":["post-3976","post","type-post","status-publish","format-standard","has-post-thumbnail","hentry","category-gobierno-de-canarias","category-plan-canario-de-inmigracion-y-convivencia-intercultural","tag-canarias-convive","tag-diputado-del-comun","tag-gobierno-de-canarias","tag-gobierno-de-espana","tag-inmigracion","tag-plan-canario-de-inmigracion-y-convivencia-intercultural","tag-vicente-zapata","tag-zapata"],"yoast_head":"<!-- This site is optimized with the Yoast SEO plugin v27.4 - https:\/\/yoast.com\/product\/yoast-seo-wordpress\/ -->\n<title>El Plan Canario de Inmigraci\u00f3n y Convivencia Intercultural se presenta ante el Diputado del Com\u00fan - canariasconvive<\/title>\n<meta name=\"robots\" content=\"index, follow, max-snippet:-1, max-image-preview:large, max-video-preview:-1\" \/>\n<link rel=\"canonical\" href=\"https:\/\/wp.ull.es\/canariasconvive\/2023\/06\/27\/el-plan-canario-de-inmigracion-y-convivencia-intercultural-se-presenta-ante-el-diputado-del-comun\/\" \/>\n<meta property=\"og:locale\" content=\"es_ES\" \/>\n<meta property=\"og:type\" content=\"article\" \/>\n<meta property=\"og:title\" content=\"El Plan Canario de Inmigraci\u00f3n y Convivencia Intercultural se presenta ante el Diputado del Com\u00fan - canariasconvive\" \/>\n<meta property=\"og:description\" content=\"[et_pb_section fb_built=\u00bb1&#8243; _builder_version=\u00bb3.22&#8243;][et_pb_row _builder_version=\u00bb3.25&#8243; background_size=\u00bbinitial\u00bb background_position=\u00bbtop_left\u00bb background_repeat=\u00bbrepeat\u00bb][et_pb_column type=\u00bb4_4&#8243; _builder_version=\u00bb3.25&#8243; custom_padding=\u00bb|||\u00bb custom_padding__hover=\u00bb|||\u00bb][et_pb_text _builder_version=\u00bb4.9.7&#8243; background_size=\u00bbinitial\u00bb background_position=\u00bbtop_left\u00bb background_repeat=\u00bbrepeat\u00bb] Los avances del Plan Canario de Inmigraci\u00f3n y Convivencia Intercultural 2024 &#8211; 2027 han sido presentados el pasado mes de junio ante el Diputado del Com\u00fan. El director del programa &#8216;Canarias Convive&#8217;, Vicente Zapata, ha recalcado que la convivencia intercultural [&hellip;]\" \/>\n<meta property=\"og:url\" content=\"https:\/\/wp.ull.es\/canariasconvive\/2023\/06\/27\/el-plan-canario-de-inmigracion-y-convivencia-intercultural-se-presenta-ante-el-diputado-del-comun\/\" \/>\n<meta property=\"og:site_name\" content=\"canariasconvive\" \/>\n<meta property=\"article:published_time\" content=\"2023-06-27T08:03:19+00:00\" \/>\n<meta property=\"article:modified_time\" content=\"2023-06-27T08:03:22+00:00\" \/>\n<meta property=\"og:image\" content=\"https:\/\/wp.ull.es\/canariasconvive\/wp-content\/uploads\/sites\/101\/2023\/06\/WhatsApp-Image-2023-06-26-at-18.54.57.jpeg\" \/>\n\t<meta property=\"og:image:width\" content=\"1600\" \/>\n\t<meta property=\"og:image:height\" content=\"1200\" \/>\n\t<meta property=\"og:image:type\" content=\"image\/jpeg\" \/>\n<meta name=\"author\" content=\"canariasconvive\" \/>\n<meta name=\"twitter:card\" content=\"summary_large_image\" \/>\n<meta name=\"twitter:label1\" content=\"Escrito por\" \/>\n\t<meta name=\"twitter:data1\" content=\"canariasconvive\" \/>\n\t<meta name=\"twitter:label2\" content=\"Tiempo de lectura\" \/>\n\t<meta name=\"twitter:data2\" content=\"2 minutos\" \/>\n<script type=\"application\/ld+json\" class=\"yoast-schema-graph\">{\"@context\":\"https:\\\/\\\/schema.org\",\"@graph\":[{\"@type\":\"Article\",\"@id\":\"https:\\\/\\\/wp.ull.es\\\/canariasconvive\\\/2023\\\/06\\\/27\\\/el-plan-canario-de-inmigracion-y-convivencia-intercultural-se-presenta-ante-el-diputado-del-comun\\\/#article\",\"isPartOf\":{\"@id\":\"https:\\\/\\\/wp.ull.es\\\/canariasconvive\\\/2023\\\/06\\\/27\\\/el-plan-canario-de-inmigracion-y-convivencia-intercultural-se-presenta-ante-el-diputado-del-comun\\\/\"},\"author\":{\"name\":\"canariasconvive\",\"@id\":\"https:\\\/\\\/wp.ull.es\\\/canariasconvive\\\/#\\\/schema\\\/person\\\/828eeaa93607d5f0caad22bf607bc6ef\"},\"headline\":\"El Plan Canario de Inmigraci\u00f3n y Convivencia Intercultural se presenta ante el Diputado del Com\u00fan\",\"datePublished\":\"2023-06-27T08:03:19+00:00\",\"dateModified\":\"2023-06-27T08:03:22+00:00\",\"mainEntityOfPage\":{\"@id\":\"https:\\\/\\\/wp.ull.es\\\/canariasconvive\\\/2023\\\/06\\\/27\\\/el-plan-canario-de-inmigracion-y-convivencia-intercultural-se-presenta-ante-el-diputado-del-comun\\\/\"},\"wordCount\":359,\"commentCount\":0,\"image\":{\"@id\":\"https:\\\/\\\/wp.ull.es\\\/canariasconvive\\\/2023\\\/06\\\/27\\\/el-plan-canario-de-inmigracion-y-convivencia-intercultural-se-presenta-ante-el-diputado-del-comun\\\/#primaryimage\"},\"thumbnailUrl\":\"https:\\\/\\\/wp.ull.es\\\/canariasconvive\\\/wp-content\\\/uploads\\\/sites\\\/101\\\/2023\\\/06\\\/WhatsApp-Image-2023-06-26-at-18.54.57.jpeg\",\"keywords\":[\"Canarias Convive\",\"Diputado del com\u00fan\",\"Gobierno de Canarias\",\"Gobierno de Espa\u00f1a\",\"Inmigraci\u00f3n\",\"Plan Canario de Inmigraci\u00f3n y Convivencia Intercultural\",\"Vicente Zapata\",\"Zapata\"],\"articleSection\":[\"Gobierno de Canarias\",\"Plan Canario de Inmigraci\u00f3n y Convivencia Intercultural\"],\"inLanguage\":\"es\",\"potentialAction\":[{\"@type\":\"CommentAction\",\"name\":\"Comment\",\"target\":[\"https:\\\/\\\/wp.ull.es\\\/canariasconvive\\\/2023\\\/06\\\/27\\\/el-plan-canario-de-inmigracion-y-convivencia-intercultural-se-presenta-ante-el-diputado-del-comun\\\/#respond\"]}]},{\"@type\":\"WebPage\",\"@id\":\"https:\\\/\\\/wp.ull.es\\\/canariasconvive\\\/2023\\\/06\\\/27\\\/el-plan-canario-de-inmigracion-y-convivencia-intercultural-se-presenta-ante-el-diputado-del-comun\\\/\",\"url\":\"https:\\\/\\\/wp.ull.es\\\/canariasconvive\\\/2023\\\/06\\\/27\\\/el-plan-canario-de-inmigracion-y-convivencia-intercultural-se-presenta-ante-el-diputado-del-comun\\\/\",\"name\":\"El Plan Canario de Inmigraci\u00f3n y Convivencia Intercultural se presenta ante el Diputado del Com\u00fan - canariasconvive\",\"isPartOf\":{\"@id\":\"https:\\\/\\\/wp.ull.es\\\/canariasconvive\\\/#website\"},\"primaryImageOfPage\":{\"@id\":\"https:\\\/\\\/wp.ull.es\\\/canariasconvive\\\/2023\\\/06\\\/27\\\/el-plan-canario-de-inmigracion-y-convivencia-intercultural-se-presenta-ante-el-diputado-del-comun\\\/#primaryimage\"},\"image\":{\"@id\":\"https:\\\/\\\/wp.ull.es\\\/canariasconvive\\\/2023\\\/06\\\/27\\\/el-plan-canario-de-inmigracion-y-convivencia-intercultural-se-presenta-ante-el-diputado-del-comun\\\/#primaryimage\"},\"thumbnailUrl\":\"https:\\\/\\\/wp.ull.es\\\/canariasconvive\\\/wp-content\\\/uploads\\\/sites\\\/101\\\/2023\\\/06\\\/WhatsApp-Image-2023-06-26-at-18.54.57.jpeg\",\"datePublished\":\"2023-06-27T08:03:19+00:00\",\"dateModified\":\"2023-06-27T08:03:22+00:00\",\"author\":{\"@id\":\"https:\\\/\\\/wp.ull.es\\\/canariasconvive\\\/#\\\/schema\\\/person\\\/828eeaa93607d5f0caad22bf607bc6ef\"},\"breadcrumb\":{\"@id\":\"https:\\\/\\\/wp.ull.es\\\/canariasconvive\\\/2023\\\/06\\\/27\\\/el-plan-canario-de-inmigracion-y-convivencia-intercultural-se-presenta-ante-el-diputado-del-comun\\\/#breadcrumb\"},\"inLanguage\":\"es\",\"potentialAction\":[{\"@type\":\"ReadAction\",\"target\":[\"https:\\\/\\\/wp.ull.es\\\/canariasconvive\\\/2023\\\/06\\\/27\\\/el-plan-canario-de-inmigracion-y-convivencia-intercultural-se-presenta-ante-el-diputado-del-comun\\\/\"]}]},{\"@type\":\"ImageObject\",\"inLanguage\":\"es\",\"@id\":\"https:\\\/\\\/wp.ull.es\\\/canariasconvive\\\/2023\\\/06\\\/27\\\/el-plan-canario-de-inmigracion-y-convivencia-intercultural-se-presenta-ante-el-diputado-del-comun\\\/#primaryimage\",\"url\":\"https:\\\/\\\/wp.ull.es\\\/canariasconvive\\\/wp-content\\\/uploads\\\/sites\\\/101\\\/2023\\\/06\\\/WhatsApp-Image-2023-06-26-at-18.54.57.jpeg\",\"contentUrl\":\"https:\\\/\\\/wp.ull.es\\\/canariasconvive\\\/wp-content\\\/uploads\\\/sites\\\/101\\\/2023\\\/06\\\/WhatsApp-Image-2023-06-26-at-18.54.57.jpeg\",\"width\":1600,\"height\":1200},{\"@type\":\"BreadcrumbList\",\"@id\":\"https:\\\/\\\/wp.ull.es\\\/canariasconvive\\\/2023\\\/06\\\/27\\\/el-plan-canario-de-inmigracion-y-convivencia-intercultural-se-presenta-ante-el-diputado-del-comun\\\/#breadcrumb\",\"itemListElement\":[{\"@type\":\"ListItem\",\"position\":1,\"name\":\"Portada\",\"item\":\"https:\\\/\\\/wp.ull.es\\\/canariasconvive\\\/\"},{\"@type\":\"ListItem\",\"position\":2,\"name\":\"El Plan Canario de Inmigraci\u00f3n y Convivencia Intercultural se presenta ante el Diputado del Com\u00fan\"}]},{\"@type\":\"WebSite\",\"@id\":\"https:\\\/\\\/wp.ull.es\\\/canariasconvive\\\/#website\",\"url\":\"https:\\\/\\\/wp.ull.es\\\/canariasconvive\\\/\",\"name\":\"canariasconvive\",\"description\":\"Programa de intervenci\u00f3n para la gesti\u00f3n estrat\u00e9gica de la (in)migraci\u00f3n y la promoci\u00f3n de la convivencia intercultural en Canarias\",\"potentialAction\":[{\"@type\":\"SearchAction\",\"target\":{\"@type\":\"EntryPoint\",\"urlTemplate\":\"https:\\\/\\\/wp.ull.es\\\/canariasconvive\\\/?s={search_term_string}\"},\"query-input\":{\"@type\":\"PropertyValueSpecification\",\"valueRequired\":true,\"valueName\":\"search_term_string\"}}],\"inLanguage\":\"es\"},{\"@type\":\"Person\",\"@id\":\"https:\\\/\\\/wp.ull.es\\\/canariasconvive\\\/#\\\/schema\\\/person\\\/828eeaa93607d5f0caad22bf607bc6ef\",\"name\":\"canariasconvive\",\"image\":{\"@type\":\"ImageObject\",\"inLanguage\":\"es\",\"@id\":\"https:\\\/\\\/secure.gravatar.com\\\/avatar\\\/5a4887ce721644024718237ab157aefb67b79a5e34fb854cccf6aa7ec6984d0a?s=96&d=mm&r=g\",\"url\":\"https:\\\/\\\/secure.gravatar.com\\\/avatar\\\/5a4887ce721644024718237ab157aefb67b79a5e34fb854cccf6aa7ec6984d0a?s=96&d=mm&r=g\",\"contentUrl\":\"https:\\\/\\\/secure.gravatar.com\\\/avatar\\\/5a4887ce721644024718237ab157aefb67b79a5e34fb854cccf6aa7ec6984d0a?s=96&d=mm&r=g\",\"caption\":\"canariasconvive\"},\"url\":\"https:\\\/\\\/wp.ull.es\\\/canariasconvive\\\/author\\\/canariasconvive\\\/\"}]}<\/script>\n<!-- \/ Yoast SEO plugin. -->","yoast_head_json":{"title":"El Plan Canario de Inmigraci\u00f3n y Convivencia Intercultural se presenta ante el Diputado del Com\u00fan - canariasconvive","robots":{"index":"index","follow":"follow","max-snippet":"max-snippet:-1","max-image-preview":"max-image-preview:large","max-video-preview":"max-video-preview:-1"},"canonical":"https:\/\/wp.ull.es\/canariasconvive\/2023\/06\/27\/el-plan-canario-de-inmigracion-y-convivencia-intercultural-se-presenta-ante-el-diputado-del-comun\/","og_locale":"es_ES","og_type":"article","og_title":"El Plan Canario de Inmigraci\u00f3n y Convivencia Intercultural se presenta ante el Diputado del Com\u00fan - canariasconvive","og_description":"[et_pb_section fb_built=\u00bb1&#8243; _builder_version=\u00bb3.22&#8243;][et_pb_row _builder_version=\u00bb3.25&#8243; background_size=\u00bbinitial\u00bb background_position=\u00bbtop_left\u00bb background_repeat=\u00bbrepeat\u00bb][et_pb_column type=\u00bb4_4&#8243; _builder_version=\u00bb3.25&#8243; custom_padding=\u00bb|||\u00bb custom_padding__hover=\u00bb|||\u00bb][et_pb_text _builder_version=\u00bb4.9.7&#8243; background_size=\u00bbinitial\u00bb background_position=\u00bbtop_left\u00bb background_repeat=\u00bbrepeat\u00bb] Los avances del Plan Canario de Inmigraci\u00f3n y Convivencia Intercultural 2024 &#8211; 2027 han sido presentados el pasado mes de junio ante el Diputado del Com\u00fan. El director del programa &#8216;Canarias Convive&#8217;, Vicente Zapata, ha recalcado que la convivencia intercultural [&hellip;]","og_url":"https:\/\/wp.ull.es\/canariasconvive\/2023\/06\/27\/el-plan-canario-de-inmigracion-y-convivencia-intercultural-se-presenta-ante-el-diputado-del-comun\/","og_site_name":"canariasconvive","article_published_time":"2023-06-27T08:03:19+00:00","article_modified_time":"2023-06-27T08:03:22+00:00","og_image":[{"width":1600,"height":1200,"url":"https:\/\/wp.ull.es\/canariasconvive\/wp-content\/uploads\/sites\/101\/2023\/06\/WhatsApp-Image-2023-06-26-at-18.54.57.jpeg","type":"image\/jpeg"}],"author":"canariasconvive","twitter_card":"summary_large_image","twitter_misc":{"Escrito por":"canariasconvive","Tiempo de lectura":"2 minutos"},"schema":{"@context":"https:\/\/schema.org","@graph":[{"@type":"Article","@id":"https:\/\/wp.ull.es\/canariasconvive\/2023\/06\/27\/el-plan-canario-de-inmigracion-y-convivencia-intercultural-se-presenta-ante-el-diputado-del-comun\/#article","isPartOf":{"@id":"https:\/\/wp.ull.es\/canariasconvive\/2023\/06\/27\/el-plan-canario-de-inmigracion-y-convivencia-intercultural-se-presenta-ante-el-diputado-del-comun\/"},"author":{"name":"canariasconvive","@id":"https:\/\/wp.ull.es\/canariasconvive\/#\/schema\/person\/828eeaa93607d5f0caad22bf607bc6ef"},"headline":"El Plan Canario de Inmigraci\u00f3n y Convivencia Intercultural se presenta ante el Diputado del Com\u00fan","datePublished":"2023-06-27T08:03:19+00:00","dateModified":"2023-06-27T08:03:22+00:00","mainEntityOfPage":{"@id":"https:\/\/wp.ull.es\/canariasconvive\/2023\/06\/27\/el-plan-canario-de-inmigracion-y-convivencia-intercultural-se-presenta-ante-el-diputado-del-comun\/"},"wordCount":359,"commentCount":0,"image":{"@id":"https:\/\/wp.ull.es\/canariasconvive\/2023\/06\/27\/el-plan-canario-de-inmigracion-y-convivencia-intercultural-se-presenta-ante-el-diputado-del-comun\/#primaryimage"},"thumbnailUrl":"https:\/\/wp.ull.es\/canariasconvive\/wp-content\/uploads\/sites\/101\/2023\/06\/WhatsApp-Image-2023-06-26-at-18.54.57.jpeg","keywords":["Canarias Convive","Diputado del com\u00fan","Gobierno de Canarias","Gobierno de Espa\u00f1a","Inmigraci\u00f3n","Plan Canario de Inmigraci\u00f3n y Convivencia Intercultural","Vicente Zapata","Zapata"],"articleSection":["Gobierno de Canarias","Plan Canario de Inmigraci\u00f3n y Convivencia Intercultural"],"inLanguage":"es","potentialAction":[{"@type":"CommentAction","name":"Comment","target":["https:\/\/wp.ull.es\/canariasconvive\/2023\/06\/27\/el-plan-canario-de-inmigracion-y-convivencia-intercultural-se-presenta-ante-el-diputado-del-comun\/#respond"]}]},{"@type":"WebPage","@id":"https:\/\/wp.ull.es\/canariasconvive\/2023\/06\/27\/el-plan-canario-de-inmigracion-y-convivencia-intercultural-se-presenta-ante-el-diputado-del-comun\/","url":"https:\/\/wp.ull.es\/canariasconvive\/2023\/06\/27\/el-plan-canario-de-inmigracion-y-convivencia-intercultural-se-presenta-ante-el-diputado-del-comun\/","name":"El Plan Canario de Inmigraci\u00f3n y Convivencia Intercultural se presenta ante el Diputado del Com\u00fan - canariasconvive","isPartOf":{"@id":"https:\/\/wp.ull.es\/canariasconvive\/#website"},"primaryImageOfPage":{"@id":"https:\/\/wp.ull.es\/canariasconvive\/2023\/06\/27\/el-plan-canario-de-inmigracion-y-convivencia-intercultural-se-presenta-ante-el-diputado-del-comun\/#primaryimage"},"image":{"@id":"https:\/\/wp.ull.es\/canariasconvive\/2023\/06\/27\/el-plan-canario-de-inmigracion-y-convivencia-intercultural-se-presenta-ante-el-diputado-del-comun\/#primaryimage"},"thumbnailUrl":"https:\/\/wp.ull.es\/canariasconvive\/wp-content\/uploads\/sites\/101\/2023\/06\/WhatsApp-Image-2023-06-26-at-18.54.57.jpeg","datePublished":"2023-06-27T08:03:19+00:00","dateModified":"2023-06-27T08:03:22+00:00","author":{"@id":"https:\/\/wp.ull.es\/canariasconvive\/#\/schema\/person\/828eeaa93607d5f0caad22bf607bc6ef"},"breadcrumb":{"@id":"https:\/\/wp.ull.es\/canariasconvive\/2023\/06\/27\/el-plan-canario-de-inmigracion-y-convivencia-intercultural-se-presenta-ante-el-diputado-del-comun\/#breadcrumb"},"inLanguage":"es","potentialAction":[{"@type":"ReadAction","target":["https:\/\/wp.ull.es\/canariasconvive\/2023\/06\/27\/el-plan-canario-de-inmigracion-y-convivencia-intercultural-se-presenta-ante-el-diputado-del-comun\/"]}]},{"@type":"ImageObject","inLanguage":"es","@id":"https:\/\/wp.ull.es\/canariasconvive\/2023\/06\/27\/el-plan-canario-de-inmigracion-y-convivencia-intercultural-se-presenta-ante-el-diputado-del-comun\/#primaryimage","url":"https:\/\/wp.ull.es\/canariasconvive\/wp-content\/uploads\/sites\/101\/2023\/06\/WhatsApp-Image-2023-06-26-at-18.54.57.jpeg","contentUrl":"https:\/\/wp.ull.es\/canariasconvive\/wp-content\/uploads\/sites\/101\/2023\/06\/WhatsApp-Image-2023-06-26-at-18.54.57.jpeg","width":1600,"height":1200},{"@type":"BreadcrumbList","@id":"https:\/\/wp.ull.es\/canariasconvive\/2023\/06\/27\/el-plan-canario-de-inmigracion-y-convivencia-intercultural-se-presenta-ante-el-diputado-del-comun\/#breadcrumb","itemListElement":[{"@type":"ListItem","position":1,"name":"Portada","item":"https:\/\/wp.ull.es\/canariasconvive\/"},{"@type":"ListItem","position":2,"name":"El Plan Canario de Inmigraci\u00f3n y Convivencia Intercultural se presenta ante el Diputado del Com\u00fan"}]},{"@type":"WebSite","@id":"https:\/\/wp.ull.es\/canariasconvive\/#website","url":"https:\/\/wp.ull.es\/canariasconvive\/","name":"canariasconvive","description":"Programa de intervenci\u00f3n para la gesti\u00f3n estrat\u00e9gica de la (in)migraci\u00f3n y la promoci\u00f3n de la convivencia intercultural en Canarias","potentialAction":[{"@type":"SearchAction","target":{"@type":"EntryPoint","urlTemplate":"https:\/\/wp.ull.es\/canariasconvive\/?s={search_term_string}"},"query-input":{"@type":"PropertyValueSpecification","valueRequired":true,"valueName":"search_term_string"}}],"inLanguage":"es"},{"@type":"Person","@id":"https:\/\/wp.ull.es\/canariasconvive\/#\/schema\/person\/828eeaa93607d5f0caad22bf607bc6ef","name":"canariasconvive","image":{"@type":"ImageObject","inLanguage":"es","@id":"https:\/\/secure.gravatar.com\/avatar\/5a4887ce721644024718237ab157aefb67b79a5e34fb854cccf6aa7ec6984d0a?s=96&d=mm&r=g","url":"https:\/\/secure.gravatar.com\/avatar\/5a4887ce721644024718237ab157aefb67b79a5e34fb854cccf6aa7ec6984d0a?s=96&d=mm&r=g","contentUrl":"https:\/\/secure.gravatar.com\/avatar\/5a4887ce721644024718237ab157aefb67b79a5e34fb854cccf6aa7ec6984d0a?s=96&d=mm&r=g","caption":"canariasconvive"},"url":"https:\/\/wp.ull.es\/canariasconvive\/author\/canariasconvive\/"}]}},"_links":{"self":[{"href":"https:\/\/wp.ull.es\/canariasconvive\/wp-json\/wp\/v2\/posts\/3976","targetHints":{"allow":["GET"]}}],"collection":[{"href":"https:\/\/wp.ull.es\/canariasconvive\/wp-json\/wp\/v2\/posts"}],"about":[{"href":"https:\/\/wp.ull.es\/canariasconvive\/wp-json\/wp\/v2\/types\/post"}],"author":[{"embeddable":true,"href":"https:\/\/wp.ull.es\/canariasconvive\/wp-json\/wp\/v2\/users\/255"}],"replies":[{"embeddable":true,"href":"https:\/\/wp.ull.es\/canariasconvive\/wp-json\/wp\/v2\/comments?post=3976"}],"version-history":[{"count":2,"href":"https:\/\/wp.ull.es\/canariasconvive\/wp-json\/wp\/v2\/posts\/3976\/revisions"}],"predecessor-version":[{"id":3985,"href":"https:\/\/wp.ull.es\/canariasconvive\/wp-json\/wp\/v2\/posts\/3976\/revisions\/3985"}],"wp:featuredmedia":[{"embeddable":true,"href":"https:\/\/wp.ull.es\/canariasconvive\/wp-json\/wp\/v2\/media\/3978"}],"wp:attachment":[{"href":"https:\/\/wp.ull.es\/canariasconvive\/wp-json\/wp\/v2\/media?parent=3976"}],"wp:term":[{"taxonomy":"category","embeddable":true,"href":"https:\/\/wp.ull.es\/canariasconvive\/wp-json\/wp\/v2\/categories?post=3976"},{"taxonomy":"post_tag","embeddable":true,"href":"https:\/\/wp.ull.es\/canariasconvive\/wp-json\/wp\/v2\/tags?post=3976"}],"curies":[{"name":"wp","href":"https:\/\/api.w.org\/{rel}","templated":true}]}}