{"id":3791,"date":"2023-02-15T13:14:29","date_gmt":"2023-02-15T13:14:29","guid":{"rendered":"https:\/\/wp.ull.es\/canariasconvive\/?p=3791"},"modified":"2023-02-15T13:17:33","modified_gmt":"2023-02-15T13:17:33","slug":"canarias-convive-participa-en-un-encuentro-con-las-comunidades-nacionales-y-de-personas-migrantes-en-gran-canaria","status":"publish","type":"post","link":"https:\/\/wp.ull.es\/canariasconvive\/2023\/02\/15\/canarias-convive-participa-en-un-encuentro-con-las-comunidades-nacionales-y-de-personas-migrantes-en-gran-canaria\/","title":{"rendered":"Canarias Convive participa en un encuentro con las comunidades nacionales y de personas migrantes en Gran Canaria"},"content":{"rendered":"[et_pb_section fb_built=\u00bb1&#8243; _builder_version=\u00bb4.9.7&#8243; _module_preset=\u00bbdefault\u00bb][et_pb_row _builder_version=\u00bb4.9.7&#8243; _module_preset=\u00bbdefault\u00bb][et_pb_column type=\u00bb4_4&#8243; _builder_version=\u00bb4.9.7&#8243; _module_preset=\u00bbdefault\u00bb][et_pb_text admin_label=\u00bbTexto de la noticia\u00bb _builder_version=\u00bb4.9.7&#8243; _module_preset=\u00bbdefault\u00bb hover_enabled=\u00bb0&#8243; sticky_enabled=\u00bb0&#8243;]\n<p>El Cabildo de Gran Canaria, a trav\u00e9s de la Direcci\u00f3n de Participaci\u00f3n Ciudadana, ha organizado el II Desayuno &#8211; Encuentro con las comunidades nacionales y de inmigrantes en Gran Canaria. <strong>Un espacio de reflexi\u00f3n, di\u00e1logo y convivencia, donde se puso el \u00e9nfasis en el valor de la diversidad y la cultura, como elementos claves de una participaci\u00f3n inclusiva.<\/strong><\/p>\n<p>El encuentro cont\u00f3 con la participaci\u00f3n de m\u00e1s de 100 personas residentes en la isla de Gran Canaria, de origen o ascendencia de pa\u00edses de Am\u00e9rica, Europa, Asia y \u00c1frica. En ese espacio acudi\u00f3 el Programa Canarias Convive para establecer sinergias con los colectivos y personas presentes y <a href=\"https:\/\/wp.ull.es\/canariasconvive\/2023\/01\/27\/encuentro-online-de-experiencias-e-iniciativas-relacionadas-con-la-convivencia-intercultural-y-la-atencion-humanitaria-de-personas-migrantes-en-canarias\/\" target=\"_blank\" rel=\"noopener\">conocer las nuevas iniciativas programadas en la isla.<\/a><\/p>\n<p>En el evento se present\u00f3 el <a href=\"https:\/\/grancanariaconvive.com\/\" target=\"_blank\" rel=\"noopener\">Mapa de Activos Interculturales de Gran Canaria<\/a>, un instrumento metodol\u00f3gico impulsado por el <strong>Programa Gran Canaria Convive<\/strong>. Esta herramienta pretende dar valor a la diversidad cultural existente en el territorio y potenciar la construcci\u00f3n de alianzas en la promoci\u00f3n de la participaci\u00f3n ciudadana intercultural.<\/p>\n<p>Asimismo las personas asistentes, por un lado, han podido compartir y degustar muestras gastron\u00f3micas t\u00edpicas de sus pa\u00edses de origen. Y por otro lado, han trabajado la construcci\u00f3n de un collage colaborativo con elementos propios de cada cultura y tradici\u00f3n, reflejando la identidad cultural tan diversa que constituye la isla de Gran Canaria.<\/p>\n[\/et_pb_text][\/et_pb_column][\/et_pb_row][\/et_pb_section]\n","protected":false},"excerpt":{"rendered":"<p>[et_pb_section fb_built=\u00bb1&#8243; _builder_version=\u00bb4.9.7&#8243; _module_preset=\u00bbdefault\u00bb][et_pb_row _builder_version=\u00bb4.9.7&#8243; _module_preset=\u00bbdefault\u00bb][et_pb_column type=\u00bb4_4&#8243; _builder_version=\u00bb4.9.7&#8243; _module_preset=\u00bbdefault\u00bb][et_pb_text admin_label=\u00bbTexto de la noticia\u00bb _builder_version=\u00bb4.9.7&#8243; _module_preset=\u00bbdefault\u00bb hover_enabled=\u00bb0&#8243; sticky_enabled=\u00bb0&#8243;] El Cabildo de Gran Canaria, a trav\u00e9s de la Direcci\u00f3n de Participaci\u00f3n Ciudadana, ha organizado el II Desayuno &#8211; Encuentro con las comunidades nacionales y de inmigrantes en Gran Canaria. Un espacio de reflexi\u00f3n, di\u00e1logo y convivencia, donde [&hellip;]<\/p>\n","protected":false},"author":255,"featured_media":0,"comment_status":"open","ping_status":"open","sticky":false,"template":"","format":"standard","meta":{"_et_pb_use_builder":"on","_et_pb_old_content":"","_et_gb_content_width":"","ngg_post_thumbnail":0,"footnotes":""},"categories":[204],"tags":[293,55,389,387,388],"class_list":["post-3791","post","type-post","status-publish","format-standard","hentry","category-gobierno-de-canarias","tag-cabildo-de-gran-canaria","tag-canarias-convive","tag-convivencia","tag-gran-canaria","tag-interculturalidad"],"yoast_head":"<!-- This site is optimized with the Yoast SEO plugin v27.4 - https:\/\/yoast.com\/product\/yoast-seo-wordpress\/ -->\n<title>Canarias Convive participa en un encuentro con las comunidades nacionales y de personas migrantes en Gran Canaria - canariasconvive<\/title>\n<meta name=\"robots\" content=\"index, follow, max-snippet:-1, max-image-preview:large, max-video-preview:-1\" \/>\n<link rel=\"canonical\" href=\"https:\/\/wp.ull.es\/canariasconvive\/2023\/02\/15\/canarias-convive-participa-en-un-encuentro-con-las-comunidades-nacionales-y-de-personas-migrantes-en-gran-canaria\/\" \/>\n<meta property=\"og:locale\" content=\"es_ES\" \/>\n<meta property=\"og:type\" content=\"article\" \/>\n<meta property=\"og:title\" content=\"Canarias Convive participa en un encuentro con las comunidades nacionales y de personas migrantes en Gran Canaria - canariasconvive\" \/>\n<meta property=\"og:description\" content=\"[et_pb_section fb_built=\u00bb1&#8243; _builder_version=\u00bb4.9.7&#8243; _module_preset=\u00bbdefault\u00bb][et_pb_row _builder_version=\u00bb4.9.7&#8243; _module_preset=\u00bbdefault\u00bb][et_pb_column type=\u00bb4_4&#8243; _builder_version=\u00bb4.9.7&#8243; _module_preset=\u00bbdefault\u00bb][et_pb_text admin_label=\u00bbTexto de la noticia\u00bb _builder_version=\u00bb4.9.7&#8243; _module_preset=\u00bbdefault\u00bb hover_enabled=\u00bb0&#8243; sticky_enabled=\u00bb0&#8243;] El Cabildo de Gran Canaria, a trav\u00e9s de la Direcci\u00f3n de Participaci\u00f3n Ciudadana, ha organizado el II Desayuno &#8211; Encuentro con las comunidades nacionales y de inmigrantes en Gran Canaria. Un espacio de reflexi\u00f3n, di\u00e1logo y convivencia, donde [&hellip;]\" \/>\n<meta property=\"og:url\" content=\"https:\/\/wp.ull.es\/canariasconvive\/2023\/02\/15\/canarias-convive-participa-en-un-encuentro-con-las-comunidades-nacionales-y-de-personas-migrantes-en-gran-canaria\/\" \/>\n<meta property=\"og:site_name\" content=\"canariasconvive\" \/>\n<meta property=\"article:published_time\" content=\"2023-02-15T13:14:29+00:00\" \/>\n<meta property=\"article:modified_time\" content=\"2023-02-15T13:17:33+00:00\" \/>\n<meta name=\"author\" content=\"canariasconvive\" \/>\n<meta name=\"twitter:card\" content=\"summary_large_image\" \/>\n<meta name=\"twitter:label1\" content=\"Escrito por\" \/>\n\t<meta name=\"twitter:data1\" content=\"canariasconvive\" \/>\n<script type=\"application\/ld+json\" class=\"yoast-schema-graph\">{\"@context\":\"https:\\\/\\\/schema.org\",\"@graph\":[{\"@type\":\"Article\",\"@id\":\"https:\\\/\\\/wp.ull.es\\\/canariasconvive\\\/2023\\\/02\\\/15\\\/canarias-convive-participa-en-un-encuentro-con-las-comunidades-nacionales-y-de-personas-migrantes-en-gran-canaria\\\/#article\",\"isPartOf\":{\"@id\":\"https:\\\/\\\/wp.ull.es\\\/canariasconvive\\\/2023\\\/02\\\/15\\\/canarias-convive-participa-en-un-encuentro-con-las-comunidades-nacionales-y-de-personas-migrantes-en-gran-canaria\\\/\"},\"author\":{\"name\":\"canariasconvive\",\"@id\":\"https:\\\/\\\/wp.ull.es\\\/canariasconvive\\\/#\\\/schema\\\/person\\\/828eeaa93607d5f0caad22bf607bc6ef\"},\"headline\":\"Canarias Convive participa en un encuentro con las comunidades nacionales y de personas migrantes en Gran Canaria\",\"datePublished\":\"2023-02-15T13:14:29+00:00\",\"dateModified\":\"2023-02-15T13:17:33+00:00\",\"mainEntityOfPage\":{\"@id\":\"https:\\\/\\\/wp.ull.es\\\/canariasconvive\\\/2023\\\/02\\\/15\\\/canarias-convive-participa-en-un-encuentro-con-las-comunidades-nacionales-y-de-personas-migrantes-en-gran-canaria\\\/\"},\"wordCount\":309,\"commentCount\":1,\"keywords\":[\"Cabildo de Gran Canaria\",\"Canarias Convive\",\"convivencia\",\"Gran Canaria\",\"interculturalidad\"],\"articleSection\":[\"Gobierno de Canarias\"],\"inLanguage\":\"es\",\"potentialAction\":[{\"@type\":\"CommentAction\",\"name\":\"Comment\",\"target\":[\"https:\\\/\\\/wp.ull.es\\\/canariasconvive\\\/2023\\\/02\\\/15\\\/canarias-convive-participa-en-un-encuentro-con-las-comunidades-nacionales-y-de-personas-migrantes-en-gran-canaria\\\/#respond\"]}]},{\"@type\":\"WebPage\",\"@id\":\"https:\\\/\\\/wp.ull.es\\\/canariasconvive\\\/2023\\\/02\\\/15\\\/canarias-convive-participa-en-un-encuentro-con-las-comunidades-nacionales-y-de-personas-migrantes-en-gran-canaria\\\/\",\"url\":\"https:\\\/\\\/wp.ull.es\\\/canariasconvive\\\/2023\\\/02\\\/15\\\/canarias-convive-participa-en-un-encuentro-con-las-comunidades-nacionales-y-de-personas-migrantes-en-gran-canaria\\\/\",\"name\":\"Canarias Convive participa en un encuentro con las comunidades nacionales y de personas migrantes en Gran Canaria - canariasconvive\",\"isPartOf\":{\"@id\":\"https:\\\/\\\/wp.ull.es\\\/canariasconvive\\\/#website\"},\"datePublished\":\"2023-02-15T13:14:29+00:00\",\"dateModified\":\"2023-02-15T13:17:33+00:00\",\"author\":{\"@id\":\"https:\\\/\\\/wp.ull.es\\\/canariasconvive\\\/#\\\/schema\\\/person\\\/828eeaa93607d5f0caad22bf607bc6ef\"},\"breadcrumb\":{\"@id\":\"https:\\\/\\\/wp.ull.es\\\/canariasconvive\\\/2023\\\/02\\\/15\\\/canarias-convive-participa-en-un-encuentro-con-las-comunidades-nacionales-y-de-personas-migrantes-en-gran-canaria\\\/#breadcrumb\"},\"inLanguage\":\"es\",\"potentialAction\":[{\"@type\":\"ReadAction\",\"target\":[\"https:\\\/\\\/wp.ull.es\\\/canariasconvive\\\/2023\\\/02\\\/15\\\/canarias-convive-participa-en-un-encuentro-con-las-comunidades-nacionales-y-de-personas-migrantes-en-gran-canaria\\\/\"]}]},{\"@type\":\"BreadcrumbList\",\"@id\":\"https:\\\/\\\/wp.ull.es\\\/canariasconvive\\\/2023\\\/02\\\/15\\\/canarias-convive-participa-en-un-encuentro-con-las-comunidades-nacionales-y-de-personas-migrantes-en-gran-canaria\\\/#breadcrumb\",\"itemListElement\":[{\"@type\":\"ListItem\",\"position\":1,\"name\":\"Portada\",\"item\":\"https:\\\/\\\/wp.ull.es\\\/canariasconvive\\\/\"},{\"@type\":\"ListItem\",\"position\":2,\"name\":\"Canarias Convive participa en un encuentro con las comunidades nacionales y de personas migrantes en Gran Canaria\"}]},{\"@type\":\"WebSite\",\"@id\":\"https:\\\/\\\/wp.ull.es\\\/canariasconvive\\\/#website\",\"url\":\"https:\\\/\\\/wp.ull.es\\\/canariasconvive\\\/\",\"name\":\"canariasconvive\",\"description\":\"Programa de intervenci\u00f3n para la gesti\u00f3n estrat\u00e9gica de la (in)migraci\u00f3n y la promoci\u00f3n de la convivencia intercultural en Canarias\",\"potentialAction\":[{\"@type\":\"SearchAction\",\"target\":{\"@type\":\"EntryPoint\",\"urlTemplate\":\"https:\\\/\\\/wp.ull.es\\\/canariasconvive\\\/?s={search_term_string}\"},\"query-input\":{\"@type\":\"PropertyValueSpecification\",\"valueRequired\":true,\"valueName\":\"search_term_string\"}}],\"inLanguage\":\"es\"},{\"@type\":\"Person\",\"@id\":\"https:\\\/\\\/wp.ull.es\\\/canariasconvive\\\/#\\\/schema\\\/person\\\/828eeaa93607d5f0caad22bf607bc6ef\",\"name\":\"canariasconvive\",\"image\":{\"@type\":\"ImageObject\",\"inLanguage\":\"es\",\"@id\":\"https:\\\/\\\/secure.gravatar.com\\\/avatar\\\/5a4887ce721644024718237ab157aefb67b79a5e34fb854cccf6aa7ec6984d0a?s=96&d=mm&r=g\",\"url\":\"https:\\\/\\\/secure.gravatar.com\\\/avatar\\\/5a4887ce721644024718237ab157aefb67b79a5e34fb854cccf6aa7ec6984d0a?s=96&d=mm&r=g\",\"contentUrl\":\"https:\\\/\\\/secure.gravatar.com\\\/avatar\\\/5a4887ce721644024718237ab157aefb67b79a5e34fb854cccf6aa7ec6984d0a?s=96&d=mm&r=g\",\"caption\":\"canariasconvive\"},\"url\":\"https:\\\/\\\/wp.ull.es\\\/canariasconvive\\\/author\\\/canariasconvive\\\/\"}]}<\/script>\n<!-- \/ Yoast SEO plugin. -->","yoast_head_json":{"title":"Canarias Convive participa en un encuentro con las comunidades nacionales y de personas migrantes en Gran Canaria - canariasconvive","robots":{"index":"index","follow":"follow","max-snippet":"max-snippet:-1","max-image-preview":"max-image-preview:large","max-video-preview":"max-video-preview:-1"},"canonical":"https:\/\/wp.ull.es\/canariasconvive\/2023\/02\/15\/canarias-convive-participa-en-un-encuentro-con-las-comunidades-nacionales-y-de-personas-migrantes-en-gran-canaria\/","og_locale":"es_ES","og_type":"article","og_title":"Canarias Convive participa en un encuentro con las comunidades nacionales y de personas migrantes en Gran Canaria - canariasconvive","og_description":"[et_pb_section fb_built=\u00bb1&#8243; _builder_version=\u00bb4.9.7&#8243; _module_preset=\u00bbdefault\u00bb][et_pb_row _builder_version=\u00bb4.9.7&#8243; _module_preset=\u00bbdefault\u00bb][et_pb_column type=\u00bb4_4&#8243; _builder_version=\u00bb4.9.7&#8243; _module_preset=\u00bbdefault\u00bb][et_pb_text admin_label=\u00bbTexto de la noticia\u00bb _builder_version=\u00bb4.9.7&#8243; _module_preset=\u00bbdefault\u00bb hover_enabled=\u00bb0&#8243; sticky_enabled=\u00bb0&#8243;] El Cabildo de Gran Canaria, a trav\u00e9s de la Direcci\u00f3n de Participaci\u00f3n Ciudadana, ha organizado el II Desayuno &#8211; Encuentro con las comunidades nacionales y de inmigrantes en Gran Canaria. Un espacio de reflexi\u00f3n, di\u00e1logo y convivencia, donde [&hellip;]","og_url":"https:\/\/wp.ull.es\/canariasconvive\/2023\/02\/15\/canarias-convive-participa-en-un-encuentro-con-las-comunidades-nacionales-y-de-personas-migrantes-en-gran-canaria\/","og_site_name":"canariasconvive","article_published_time":"2023-02-15T13:14:29+00:00","article_modified_time":"2023-02-15T13:17:33+00:00","author":"canariasconvive","twitter_card":"summary_large_image","twitter_misc":{"Escrito por":"canariasconvive"},"schema":{"@context":"https:\/\/schema.org","@graph":[{"@type":"Article","@id":"https:\/\/wp.ull.es\/canariasconvive\/2023\/02\/15\/canarias-convive-participa-en-un-encuentro-con-las-comunidades-nacionales-y-de-personas-migrantes-en-gran-canaria\/#article","isPartOf":{"@id":"https:\/\/wp.ull.es\/canariasconvive\/2023\/02\/15\/canarias-convive-participa-en-un-encuentro-con-las-comunidades-nacionales-y-de-personas-migrantes-en-gran-canaria\/"},"author":{"name":"canariasconvive","@id":"https:\/\/wp.ull.es\/canariasconvive\/#\/schema\/person\/828eeaa93607d5f0caad22bf607bc6ef"},"headline":"Canarias Convive participa en un encuentro con las comunidades nacionales y de personas migrantes en Gran Canaria","datePublished":"2023-02-15T13:14:29+00:00","dateModified":"2023-02-15T13:17:33+00:00","mainEntityOfPage":{"@id":"https:\/\/wp.ull.es\/canariasconvive\/2023\/02\/15\/canarias-convive-participa-en-un-encuentro-con-las-comunidades-nacionales-y-de-personas-migrantes-en-gran-canaria\/"},"wordCount":309,"commentCount":1,"keywords":["Cabildo de Gran Canaria","Canarias Convive","convivencia","Gran Canaria","interculturalidad"],"articleSection":["Gobierno de Canarias"],"inLanguage":"es","potentialAction":[{"@type":"CommentAction","name":"Comment","target":["https:\/\/wp.ull.es\/canariasconvive\/2023\/02\/15\/canarias-convive-participa-en-un-encuentro-con-las-comunidades-nacionales-y-de-personas-migrantes-en-gran-canaria\/#respond"]}]},{"@type":"WebPage","@id":"https:\/\/wp.ull.es\/canariasconvive\/2023\/02\/15\/canarias-convive-participa-en-un-encuentro-con-las-comunidades-nacionales-y-de-personas-migrantes-en-gran-canaria\/","url":"https:\/\/wp.ull.es\/canariasconvive\/2023\/02\/15\/canarias-convive-participa-en-un-encuentro-con-las-comunidades-nacionales-y-de-personas-migrantes-en-gran-canaria\/","name":"Canarias Convive participa en un encuentro con las comunidades nacionales y de personas migrantes en Gran Canaria - canariasconvive","isPartOf":{"@id":"https:\/\/wp.ull.es\/canariasconvive\/#website"},"datePublished":"2023-02-15T13:14:29+00:00","dateModified":"2023-02-15T13:17:33+00:00","author":{"@id":"https:\/\/wp.ull.es\/canariasconvive\/#\/schema\/person\/828eeaa93607d5f0caad22bf607bc6ef"},"breadcrumb":{"@id":"https:\/\/wp.ull.es\/canariasconvive\/2023\/02\/15\/canarias-convive-participa-en-un-encuentro-con-las-comunidades-nacionales-y-de-personas-migrantes-en-gran-canaria\/#breadcrumb"},"inLanguage":"es","potentialAction":[{"@type":"ReadAction","target":["https:\/\/wp.ull.es\/canariasconvive\/2023\/02\/15\/canarias-convive-participa-en-un-encuentro-con-las-comunidades-nacionales-y-de-personas-migrantes-en-gran-canaria\/"]}]},{"@type":"BreadcrumbList","@id":"https:\/\/wp.ull.es\/canariasconvive\/2023\/02\/15\/canarias-convive-participa-en-un-encuentro-con-las-comunidades-nacionales-y-de-personas-migrantes-en-gran-canaria\/#breadcrumb","itemListElement":[{"@type":"ListItem","position":1,"name":"Portada","item":"https:\/\/wp.ull.es\/canariasconvive\/"},{"@type":"ListItem","position":2,"name":"Canarias Convive participa en un encuentro con las comunidades nacionales y de personas migrantes en Gran Canaria"}]},{"@type":"WebSite","@id":"https:\/\/wp.ull.es\/canariasconvive\/#website","url":"https:\/\/wp.ull.es\/canariasconvive\/","name":"canariasconvive","description":"Programa de intervenci\u00f3n para la gesti\u00f3n estrat\u00e9gica de la (in)migraci\u00f3n y la promoci\u00f3n de la convivencia intercultural en Canarias","potentialAction":[{"@type":"SearchAction","target":{"@type":"EntryPoint","urlTemplate":"https:\/\/wp.ull.es\/canariasconvive\/?s={search_term_string}"},"query-input":{"@type":"PropertyValueSpecification","valueRequired":true,"valueName":"search_term_string"}}],"inLanguage":"es"},{"@type":"Person","@id":"https:\/\/wp.ull.es\/canariasconvive\/#\/schema\/person\/828eeaa93607d5f0caad22bf607bc6ef","name":"canariasconvive","image":{"@type":"ImageObject","inLanguage":"es","@id":"https:\/\/secure.gravatar.com\/avatar\/5a4887ce721644024718237ab157aefb67b79a5e34fb854cccf6aa7ec6984d0a?s=96&d=mm&r=g","url":"https:\/\/secure.gravatar.com\/avatar\/5a4887ce721644024718237ab157aefb67b79a5e34fb854cccf6aa7ec6984d0a?s=96&d=mm&r=g","contentUrl":"https:\/\/secure.gravatar.com\/avatar\/5a4887ce721644024718237ab157aefb67b79a5e34fb854cccf6aa7ec6984d0a?s=96&d=mm&r=g","caption":"canariasconvive"},"url":"https:\/\/wp.ull.es\/canariasconvive\/author\/canariasconvive\/"}]}},"_links":{"self":[{"href":"https:\/\/wp.ull.es\/canariasconvive\/wp-json\/wp\/v2\/posts\/3791","targetHints":{"allow":["GET"]}}],"collection":[{"href":"https:\/\/wp.ull.es\/canariasconvive\/wp-json\/wp\/v2\/posts"}],"about":[{"href":"https:\/\/wp.ull.es\/canariasconvive\/wp-json\/wp\/v2\/types\/post"}],"author":[{"embeddable":true,"href":"https:\/\/wp.ull.es\/canariasconvive\/wp-json\/wp\/v2\/users\/255"}],"replies":[{"embeddable":true,"href":"https:\/\/wp.ull.es\/canariasconvive\/wp-json\/wp\/v2\/comments?post=3791"}],"version-history":[{"count":2,"href":"https:\/\/wp.ull.es\/canariasconvive\/wp-json\/wp\/v2\/posts\/3791\/revisions"}],"predecessor-version":[{"id":3796,"href":"https:\/\/wp.ull.es\/canariasconvive\/wp-json\/wp\/v2\/posts\/3791\/revisions\/3796"}],"wp:attachment":[{"href":"https:\/\/wp.ull.es\/canariasconvive\/wp-json\/wp\/v2\/media?parent=3791"}],"wp:term":[{"taxonomy":"category","embeddable":true,"href":"https:\/\/wp.ull.es\/canariasconvive\/wp-json\/wp\/v2\/categories?post=3791"},{"taxonomy":"post_tag","embeddable":true,"href":"https:\/\/wp.ull.es\/canariasconvive\/wp-json\/wp\/v2\/tags?post=3791"}],"curies":[{"name":"wp","href":"https:\/\/api.w.org\/{rel}","templated":true}]}}