{"id":3176,"date":"2022-11-04T13:14:37","date_gmt":"2022-11-04T13:14:37","guid":{"rendered":"https:\/\/wp.ull.es\/canariasconvive\/?p=3176"},"modified":"2022-11-29T15:31:13","modified_gmt":"2022-11-29T15:31:13","slug":"el-hierro-participa-en-la-elaboracion-del-plan-canario-de-inmigracion-y-convivencia-intercultural","status":"publish","type":"post","link":"https:\/\/wp.ull.es\/canariasconvive\/2022\/11\/04\/el-hierro-participa-en-la-elaboracion-del-plan-canario-de-inmigracion-y-convivencia-intercultural\/","title":{"rendered":"El Hierro participa en la elaboraci\u00f3n del Plan Canario de Inmigraci\u00f3n y Convivencia Intercultural"},"content":{"rendered":"[et_pb_section fb_built=\u00bb1&#8243; _builder_version=\u00bb3.22&#8243;][et_pb_row _builder_version=\u00bb3.25&#8243; background_size=\u00bbinitial\u00bb background_position=\u00bbtop_left\u00bb background_repeat=\u00bbrepeat\u00bb][et_pb_column type=\u00bb4_4&#8243; _builder_version=\u00bb3.25&#8243; custom_padding=\u00bb|||\u00bb custom_padding__hover=\u00bb|||\u00bb][et_pb_text _builder_version=\u00bb4.9.7&#8243; background_size=\u00bbinitial\u00bb background_position=\u00bbtop_left\u00bb background_repeat=\u00bbrepeat\u00bb]\n<h3>Los Encuentros Comunitarios del Programa Canarias Convive se realizan en todas las islas pobladas del archipi\u00e9lago para la elaboraci\u00f3n participada con la ciudadan\u00eda del Plan Canario de Inmigraci\u00f3n y Convivencia Intercultural<\/h3>\n<p>Los Encuentros Comunitarios desarrollados en el marco del Programa Canarias Convive suponen uno de los \u00faltimos hitos importantes en el proceso de elaboraci\u00f3n del plan estrat\u00e9gico relacionado con la gesti\u00f3n de la inmigraci\u00f3n y sus m\u00faltiples efectos e implicaciones en Canarias. Previo a estos encuentros se ha llevado a cabo una amplia audici\u00f3n social para escuchar a la comunidad y mesas t\u00e9cnicas sectoriales que han permitido construir, desde los consensos mayoritarios, los objetivos que se contemplar\u00e1n en el Plan Canario.<\/p>\n<p>Los Encuentros Comunitarios, desarrollados previamente en las islas de Gran Canaria y Fuerteventura, y de manera simult\u00e1nea en la isla de La Palma y El Hierro, han permitido compartir y ayudar a contextualizar el proceso y los consensos alcanzados hasta ahora en la elaboraci\u00f3n del Plan Canario de Inmigraci\u00f3n y Convivencia Intercultural. A trav\u00e9s de la participaci\u00f3n comunitaria y con el desarrollo de m\u00faltiples encuentros y grupos de trabajo, se ha puesto el acento en profundizar en las medidas y acciones que puedan desarrollarse en el mismo.<\/p>\n<p>El Programa Canarias Convive est\u00e1 impulsado por el Gobierno de Canarias, a trav\u00e9s de la Consejer\u00eda de Derechos Sociales, Igualdad, Diversidad y Juventud, que ha firmado un convenio de colaboraci\u00f3n con la Universidad de La Laguna para su despliegue en todo el archipi\u00e9lago. El Encuentro Comunitario en la isla m\u00e1s occidental ha sido acogido y coorganizado por el <strong>Cabildo de El Hierro, en el Centro Cultural de El Mocanal del municipio de Valverde<\/strong>, apoyado asimismo por su ayuntamiento.<\/p>\n<p>Montserrat Guti\u00e9rrez Padr\u00f3n, consejera de Seguridad y Emergencias del Cabildo Insular ha destacado que el Plan Canario cuente con la participaci\u00f3n de todas las islas, se\u00f1alando \u201c<em>la necesidad de crear un marco estrat\u00e9gico que potencie la convivencia entre las personas de todas las nacionalidades que se encuentren en el territorio regional, reflejando adem\u00e1s las particularidades de todos sus rincones<\/em>\u201d. Antonio Chinea Padr\u00f3n, alcalde de Valverde, destaca la relevancia de utilizar esta metodolog\u00eda para la construcci\u00f3n del marco estrat\u00e9gico, puesto que, \u201c<em>elaborar el plan de manera consensuada y contando con la participaci\u00f3n de las personas protagonistas es la forma m\u00e1s eficaz de que sea exitoso<\/em>\u201d.<\/p>\n<p>El director del Programa Canarias Convive y profesor de la Universidad de La Laguna, Vicente Zapata Hern\u00e1ndez, adem\u00e1s de dar la bienvenida a las personas participantes en el Encuentro, subraya \u201c<em>el esfuerzo realizado para escuchar e incorporar al Plan Canario la mirada de la ciudadan\u00eda canaria en cada una de las islas, como garant\u00eda de que recoja la experiencia social colectiva y refleje las aspiraciones reales de la diversidad de personas actualmente residente en el archipi\u00e9lago<\/em>\u201d. Asimismo valora como muy positiva la respuesta de la ciudadan\u00eda herre\u00f1a y sus instituciones.<\/p>\n<p>El Encuentro Comunitario de El Hierro ha contado con ciudadan\u00eda de la isla interesada por los diferentes \u00e1mbitos que se incluir\u00e1n en el pr\u00f3ximo Plan Canario de Inmigraci\u00f3n y Convivencia Intercultural. Tambi\u00e9n han participado recursos t\u00e9cnicos y profesionales que atienden y\/o gestionan las migraciones, la acogida, la inclusi\u00f3n y la convivencia intercultural, sumando a una treintena de personas en la actividad. Debora Brito Gonz\u00e1lez, de Cruz Roja Espa\u00f1ola en El Hierro, ha destacado que \u201c<em>\u00e9sta es una de las mejores iniciativas que se ha tenido en cuenta para la inmigraci\u00f3n y las sensaciones son de positividad y esperanza por una Canarias de todos y para todos<\/em>\u201d. M\u00f3nica Mar\u00eda Gonz\u00e1lez, vecina de Valverde indica que el Plan Canario de Inmigraci\u00f3n y Convivencia Intercultural \u201c<em>es una herramienta poderosa de integraci\u00f3n cuando la comunidad participa en la realizaci\u00f3n de los procesos<\/em>\u201d.<\/p>\n[\/et_pb_text][et_pb_gallery _builder_version=\u00bb4.9.7&#8243; _module_preset=\u00bbdefault\u00bb gallery_ids=\u00bb3212,3213,3214&#8243; fullwidth=\u00bbon\u00bb hover_enabled=\u00bb0&#8243; sticky_enabled=\u00bb0&#8243;][\/et_pb_gallery][\/et_pb_column][\/et_pb_row][\/et_pb_section]\n","protected":false},"excerpt":{"rendered":"<p>[et_pb_section fb_built=\u00bb1&#8243; _builder_version=\u00bb3.22&#8243;][et_pb_row _builder_version=\u00bb3.25&#8243; background_size=\u00bbinitial\u00bb background_position=\u00bbtop_left\u00bb background_repeat=\u00bbrepeat\u00bb][et_pb_column type=\u00bb4_4&#8243; _builder_version=\u00bb3.25&#8243; custom_padding=\u00bb|||\u00bb custom_padding__hover=\u00bb|||\u00bb][et_pb_text _builder_version=\u00bb4.9.7&#8243; background_size=\u00bbinitial\u00bb background_position=\u00bbtop_left\u00bb background_repeat=\u00bbrepeat\u00bb] Los Encuentros Comunitarios del Programa Canarias Convive se realizan en todas las islas pobladas del archipi\u00e9lago para la elaboraci\u00f3n participada con la ciudadan\u00eda del Plan Canario de Inmigraci\u00f3n y Convivencia Intercultural Los Encuentros Comunitarios desarrollados en el marco del Programa [&hellip;]<\/p>\n","protected":false},"author":255,"featured_media":3179,"comment_status":"open","ping_status":"open","sticky":false,"template":"","format":"standard","meta":{"_et_pb_use_builder":"on","_et_pb_old_content":"","_et_gb_content_width":"","ngg_post_thumbnail":0,"footnotes":""},"categories":[292],"tags":[296],"class_list":["post-3176","post","type-post","status-publish","format-standard","has-post-thumbnail","hentry","category-encuentros-comunitarios","tag-cabildo-de-el-hierro"],"yoast_head":"<!-- This site is optimized with the Yoast SEO plugin v27.4 - https:\/\/yoast.com\/product\/yoast-seo-wordpress\/ -->\n<title>El Hierro participa en la elaboraci\u00f3n del Plan Canario de Inmigraci\u00f3n y Convivencia Intercultural - canariasconvive<\/title>\n<meta name=\"robots\" content=\"index, follow, max-snippet:-1, max-image-preview:large, max-video-preview:-1\" \/>\n<link rel=\"canonical\" href=\"https:\/\/wp.ull.es\/canariasconvive\/2022\/11\/04\/el-hierro-participa-en-la-elaboracion-del-plan-canario-de-inmigracion-y-convivencia-intercultural\/\" \/>\n<meta property=\"og:locale\" content=\"es_ES\" \/>\n<meta property=\"og:type\" content=\"article\" \/>\n<meta property=\"og:title\" content=\"El Hierro participa en la elaboraci\u00f3n del Plan Canario de Inmigraci\u00f3n y Convivencia Intercultural - canariasconvive\" \/>\n<meta property=\"og:description\" content=\"[et_pb_section fb_built=\u00bb1&#8243; _builder_version=\u00bb3.22&#8243;][et_pb_row _builder_version=\u00bb3.25&#8243; background_size=\u00bbinitial\u00bb background_position=\u00bbtop_left\u00bb background_repeat=\u00bbrepeat\u00bb][et_pb_column type=\u00bb4_4&#8243; _builder_version=\u00bb3.25&#8243; custom_padding=\u00bb|||\u00bb custom_padding__hover=\u00bb|||\u00bb][et_pb_text _builder_version=\u00bb4.9.7&#8243; background_size=\u00bbinitial\u00bb background_position=\u00bbtop_left\u00bb background_repeat=\u00bbrepeat\u00bb] Los Encuentros Comunitarios del Programa Canarias Convive se realizan en todas las islas pobladas del archipi\u00e9lago para la elaboraci\u00f3n participada con la ciudadan\u00eda del Plan Canario de Inmigraci\u00f3n y Convivencia Intercultural Los Encuentros Comunitarios desarrollados en el marco del Programa [&hellip;]\" \/>\n<meta property=\"og:url\" content=\"https:\/\/wp.ull.es\/canariasconvive\/2022\/11\/04\/el-hierro-participa-en-la-elaboracion-del-plan-canario-de-inmigracion-y-convivencia-intercultural\/\" \/>\n<meta property=\"og:site_name\" content=\"canariasconvive\" \/>\n<meta property=\"article:published_time\" content=\"2022-11-04T13:14:37+00:00\" \/>\n<meta property=\"article:modified_time\" content=\"2022-11-29T15:31:13+00:00\" \/>\n<meta property=\"og:image\" content=\"https:\/\/wp.ull.es\/canariasconvive\/wp-content\/uploads\/sites\/101\/2022\/11\/Canarias-Convive-Encuentro-Comunitario-El-Hierro.jpg\" \/>\n\t<meta property=\"og:image:width\" content=\"1588\" \/>\n\t<meta property=\"og:image:height\" content=\"998\" \/>\n\t<meta property=\"og:image:type\" content=\"image\/jpeg\" \/>\n<meta name=\"author\" content=\"canariasconvive\" \/>\n<meta name=\"twitter:card\" content=\"summary_large_image\" \/>\n<meta name=\"twitter:label1\" content=\"Escrito por\" \/>\n\t<meta name=\"twitter:data1\" content=\"canariasconvive\" \/>\n<script type=\"application\/ld+json\" class=\"yoast-schema-graph\">{\"@context\":\"https:\\\/\\\/schema.org\",\"@graph\":[{\"@type\":\"Article\",\"@id\":\"https:\\\/\\\/wp.ull.es\\\/canariasconvive\\\/2022\\\/11\\\/04\\\/el-hierro-participa-en-la-elaboracion-del-plan-canario-de-inmigracion-y-convivencia-intercultural\\\/#article\",\"isPartOf\":{\"@id\":\"https:\\\/\\\/wp.ull.es\\\/canariasconvive\\\/2022\\\/11\\\/04\\\/el-hierro-participa-en-la-elaboracion-del-plan-canario-de-inmigracion-y-convivencia-intercultural\\\/\"},\"author\":{\"name\":\"canariasconvive\",\"@id\":\"https:\\\/\\\/wp.ull.es\\\/canariasconvive\\\/#\\\/schema\\\/person\\\/828eeaa93607d5f0caad22bf607bc6ef\"},\"headline\":\"El Hierro participa en la elaboraci\u00f3n del Plan Canario de Inmigraci\u00f3n y Convivencia Intercultural\",\"datePublished\":\"2022-11-04T13:14:37+00:00\",\"dateModified\":\"2022-11-29T15:31:13+00:00\",\"mainEntityOfPage\":{\"@id\":\"https:\\\/\\\/wp.ull.es\\\/canariasconvive\\\/2022\\\/11\\\/04\\\/el-hierro-participa-en-la-elaboracion-del-plan-canario-de-inmigracion-y-convivencia-intercultural\\\/\"},\"wordCount\":762,\"commentCount\":0,\"image\":{\"@id\":\"https:\\\/\\\/wp.ull.es\\\/canariasconvive\\\/2022\\\/11\\\/04\\\/el-hierro-participa-en-la-elaboracion-del-plan-canario-de-inmigracion-y-convivencia-intercultural\\\/#primaryimage\"},\"thumbnailUrl\":\"https:\\\/\\\/wp.ull.es\\\/canariasconvive\\\/wp-content\\\/uploads\\\/sites\\\/101\\\/2022\\\/11\\\/Canarias-Convive-Encuentro-Comunitario-El-Hierro.jpg\",\"keywords\":[\"Cabildo de El Hierro\"],\"articleSection\":[\"Encuentros Comunitarios\"],\"inLanguage\":\"es\",\"potentialAction\":[{\"@type\":\"CommentAction\",\"name\":\"Comment\",\"target\":[\"https:\\\/\\\/wp.ull.es\\\/canariasconvive\\\/2022\\\/11\\\/04\\\/el-hierro-participa-en-la-elaboracion-del-plan-canario-de-inmigracion-y-convivencia-intercultural\\\/#respond\"]}]},{\"@type\":\"WebPage\",\"@id\":\"https:\\\/\\\/wp.ull.es\\\/canariasconvive\\\/2022\\\/11\\\/04\\\/el-hierro-participa-en-la-elaboracion-del-plan-canario-de-inmigracion-y-convivencia-intercultural\\\/\",\"url\":\"https:\\\/\\\/wp.ull.es\\\/canariasconvive\\\/2022\\\/11\\\/04\\\/el-hierro-participa-en-la-elaboracion-del-plan-canario-de-inmigracion-y-convivencia-intercultural\\\/\",\"name\":\"El Hierro participa en la elaboraci\u00f3n del Plan Canario de Inmigraci\u00f3n y Convivencia Intercultural - canariasconvive\",\"isPartOf\":{\"@id\":\"https:\\\/\\\/wp.ull.es\\\/canariasconvive\\\/#website\"},\"primaryImageOfPage\":{\"@id\":\"https:\\\/\\\/wp.ull.es\\\/canariasconvive\\\/2022\\\/11\\\/04\\\/el-hierro-participa-en-la-elaboracion-del-plan-canario-de-inmigracion-y-convivencia-intercultural\\\/#primaryimage\"},\"image\":{\"@id\":\"https:\\\/\\\/wp.ull.es\\\/canariasconvive\\\/2022\\\/11\\\/04\\\/el-hierro-participa-en-la-elaboracion-del-plan-canario-de-inmigracion-y-convivencia-intercultural\\\/#primaryimage\"},\"thumbnailUrl\":\"https:\\\/\\\/wp.ull.es\\\/canariasconvive\\\/wp-content\\\/uploads\\\/sites\\\/101\\\/2022\\\/11\\\/Canarias-Convive-Encuentro-Comunitario-El-Hierro.jpg\",\"datePublished\":\"2022-11-04T13:14:37+00:00\",\"dateModified\":\"2022-11-29T15:31:13+00:00\",\"author\":{\"@id\":\"https:\\\/\\\/wp.ull.es\\\/canariasconvive\\\/#\\\/schema\\\/person\\\/828eeaa93607d5f0caad22bf607bc6ef\"},\"breadcrumb\":{\"@id\":\"https:\\\/\\\/wp.ull.es\\\/canariasconvive\\\/2022\\\/11\\\/04\\\/el-hierro-participa-en-la-elaboracion-del-plan-canario-de-inmigracion-y-convivencia-intercultural\\\/#breadcrumb\"},\"inLanguage\":\"es\",\"potentialAction\":[{\"@type\":\"ReadAction\",\"target\":[\"https:\\\/\\\/wp.ull.es\\\/canariasconvive\\\/2022\\\/11\\\/04\\\/el-hierro-participa-en-la-elaboracion-del-plan-canario-de-inmigracion-y-convivencia-intercultural\\\/\"]}]},{\"@type\":\"ImageObject\",\"inLanguage\":\"es\",\"@id\":\"https:\\\/\\\/wp.ull.es\\\/canariasconvive\\\/2022\\\/11\\\/04\\\/el-hierro-participa-en-la-elaboracion-del-plan-canario-de-inmigracion-y-convivencia-intercultural\\\/#primaryimage\",\"url\":\"https:\\\/\\\/wp.ull.es\\\/canariasconvive\\\/wp-content\\\/uploads\\\/sites\\\/101\\\/2022\\\/11\\\/Canarias-Convive-Encuentro-Comunitario-El-Hierro.jpg\",\"contentUrl\":\"https:\\\/\\\/wp.ull.es\\\/canariasconvive\\\/wp-content\\\/uploads\\\/sites\\\/101\\\/2022\\\/11\\\/Canarias-Convive-Encuentro-Comunitario-El-Hierro.jpg\",\"width\":1588,\"height\":998,\"caption\":\"Canarias Convive Encuentro Comunitario El Hierro\"},{\"@type\":\"BreadcrumbList\",\"@id\":\"https:\\\/\\\/wp.ull.es\\\/canariasconvive\\\/2022\\\/11\\\/04\\\/el-hierro-participa-en-la-elaboracion-del-plan-canario-de-inmigracion-y-convivencia-intercultural\\\/#breadcrumb\",\"itemListElement\":[{\"@type\":\"ListItem\",\"position\":1,\"name\":\"Portada\",\"item\":\"https:\\\/\\\/wp.ull.es\\\/canariasconvive\\\/\"},{\"@type\":\"ListItem\",\"position\":2,\"name\":\"El Hierro participa en la elaboraci\u00f3n del Plan Canario de Inmigraci\u00f3n y Convivencia Intercultural\"}]},{\"@type\":\"WebSite\",\"@id\":\"https:\\\/\\\/wp.ull.es\\\/canariasconvive\\\/#website\",\"url\":\"https:\\\/\\\/wp.ull.es\\\/canariasconvive\\\/\",\"name\":\"canariasconvive\",\"description\":\"Programa de intervenci\u00f3n para la gesti\u00f3n estrat\u00e9gica de la (in)migraci\u00f3n y la promoci\u00f3n de la convivencia intercultural en Canarias\",\"potentialAction\":[{\"@type\":\"SearchAction\",\"target\":{\"@type\":\"EntryPoint\",\"urlTemplate\":\"https:\\\/\\\/wp.ull.es\\\/canariasconvive\\\/?s={search_term_string}\"},\"query-input\":{\"@type\":\"PropertyValueSpecification\",\"valueRequired\":true,\"valueName\":\"search_term_string\"}}],\"inLanguage\":\"es\"},{\"@type\":\"Person\",\"@id\":\"https:\\\/\\\/wp.ull.es\\\/canariasconvive\\\/#\\\/schema\\\/person\\\/828eeaa93607d5f0caad22bf607bc6ef\",\"name\":\"canariasconvive\",\"image\":{\"@type\":\"ImageObject\",\"inLanguage\":\"es\",\"@id\":\"https:\\\/\\\/secure.gravatar.com\\\/avatar\\\/5a4887ce721644024718237ab157aefb67b79a5e34fb854cccf6aa7ec6984d0a?s=96&d=mm&r=g\",\"url\":\"https:\\\/\\\/secure.gravatar.com\\\/avatar\\\/5a4887ce721644024718237ab157aefb67b79a5e34fb854cccf6aa7ec6984d0a?s=96&d=mm&r=g\",\"contentUrl\":\"https:\\\/\\\/secure.gravatar.com\\\/avatar\\\/5a4887ce721644024718237ab157aefb67b79a5e34fb854cccf6aa7ec6984d0a?s=96&d=mm&r=g\",\"caption\":\"canariasconvive\"},\"url\":\"https:\\\/\\\/wp.ull.es\\\/canariasconvive\\\/author\\\/canariasconvive\\\/\"}]}<\/script>\n<!-- \/ Yoast SEO plugin. -->","yoast_head_json":{"title":"El Hierro participa en la elaboraci\u00f3n del Plan Canario de Inmigraci\u00f3n y Convivencia Intercultural - canariasconvive","robots":{"index":"index","follow":"follow","max-snippet":"max-snippet:-1","max-image-preview":"max-image-preview:large","max-video-preview":"max-video-preview:-1"},"canonical":"https:\/\/wp.ull.es\/canariasconvive\/2022\/11\/04\/el-hierro-participa-en-la-elaboracion-del-plan-canario-de-inmigracion-y-convivencia-intercultural\/","og_locale":"es_ES","og_type":"article","og_title":"El Hierro participa en la elaboraci\u00f3n del Plan Canario de Inmigraci\u00f3n y Convivencia Intercultural - canariasconvive","og_description":"[et_pb_section fb_built=\u00bb1&#8243; _builder_version=\u00bb3.22&#8243;][et_pb_row _builder_version=\u00bb3.25&#8243; background_size=\u00bbinitial\u00bb background_position=\u00bbtop_left\u00bb background_repeat=\u00bbrepeat\u00bb][et_pb_column type=\u00bb4_4&#8243; _builder_version=\u00bb3.25&#8243; custom_padding=\u00bb|||\u00bb custom_padding__hover=\u00bb|||\u00bb][et_pb_text _builder_version=\u00bb4.9.7&#8243; background_size=\u00bbinitial\u00bb background_position=\u00bbtop_left\u00bb background_repeat=\u00bbrepeat\u00bb] Los Encuentros Comunitarios del Programa Canarias Convive se realizan en todas las islas pobladas del archipi\u00e9lago para la elaboraci\u00f3n participada con la ciudadan\u00eda del Plan Canario de Inmigraci\u00f3n y Convivencia Intercultural Los Encuentros Comunitarios desarrollados en el marco del Programa [&hellip;]","og_url":"https:\/\/wp.ull.es\/canariasconvive\/2022\/11\/04\/el-hierro-participa-en-la-elaboracion-del-plan-canario-de-inmigracion-y-convivencia-intercultural\/","og_site_name":"canariasconvive","article_published_time":"2022-11-04T13:14:37+00:00","article_modified_time":"2022-11-29T15:31:13+00:00","og_image":[{"width":1588,"height":998,"url":"https:\/\/wp.ull.es\/canariasconvive\/wp-content\/uploads\/sites\/101\/2022\/11\/Canarias-Convive-Encuentro-Comunitario-El-Hierro.jpg","type":"image\/jpeg"}],"author":"canariasconvive","twitter_card":"summary_large_image","twitter_misc":{"Escrito por":"canariasconvive"},"schema":{"@context":"https:\/\/schema.org","@graph":[{"@type":"Article","@id":"https:\/\/wp.ull.es\/canariasconvive\/2022\/11\/04\/el-hierro-participa-en-la-elaboracion-del-plan-canario-de-inmigracion-y-convivencia-intercultural\/#article","isPartOf":{"@id":"https:\/\/wp.ull.es\/canariasconvive\/2022\/11\/04\/el-hierro-participa-en-la-elaboracion-del-plan-canario-de-inmigracion-y-convivencia-intercultural\/"},"author":{"name":"canariasconvive","@id":"https:\/\/wp.ull.es\/canariasconvive\/#\/schema\/person\/828eeaa93607d5f0caad22bf607bc6ef"},"headline":"El Hierro participa en la elaboraci\u00f3n del Plan Canario de Inmigraci\u00f3n y Convivencia Intercultural","datePublished":"2022-11-04T13:14:37+00:00","dateModified":"2022-11-29T15:31:13+00:00","mainEntityOfPage":{"@id":"https:\/\/wp.ull.es\/canariasconvive\/2022\/11\/04\/el-hierro-participa-en-la-elaboracion-del-plan-canario-de-inmigracion-y-convivencia-intercultural\/"},"wordCount":762,"commentCount":0,"image":{"@id":"https:\/\/wp.ull.es\/canariasconvive\/2022\/11\/04\/el-hierro-participa-en-la-elaboracion-del-plan-canario-de-inmigracion-y-convivencia-intercultural\/#primaryimage"},"thumbnailUrl":"https:\/\/wp.ull.es\/canariasconvive\/wp-content\/uploads\/sites\/101\/2022\/11\/Canarias-Convive-Encuentro-Comunitario-El-Hierro.jpg","keywords":["Cabildo de El Hierro"],"articleSection":["Encuentros Comunitarios"],"inLanguage":"es","potentialAction":[{"@type":"CommentAction","name":"Comment","target":["https:\/\/wp.ull.es\/canariasconvive\/2022\/11\/04\/el-hierro-participa-en-la-elaboracion-del-plan-canario-de-inmigracion-y-convivencia-intercultural\/#respond"]}]},{"@type":"WebPage","@id":"https:\/\/wp.ull.es\/canariasconvive\/2022\/11\/04\/el-hierro-participa-en-la-elaboracion-del-plan-canario-de-inmigracion-y-convivencia-intercultural\/","url":"https:\/\/wp.ull.es\/canariasconvive\/2022\/11\/04\/el-hierro-participa-en-la-elaboracion-del-plan-canario-de-inmigracion-y-convivencia-intercultural\/","name":"El Hierro participa en la elaboraci\u00f3n del Plan Canario de Inmigraci\u00f3n y Convivencia Intercultural - canariasconvive","isPartOf":{"@id":"https:\/\/wp.ull.es\/canariasconvive\/#website"},"primaryImageOfPage":{"@id":"https:\/\/wp.ull.es\/canariasconvive\/2022\/11\/04\/el-hierro-participa-en-la-elaboracion-del-plan-canario-de-inmigracion-y-convivencia-intercultural\/#primaryimage"},"image":{"@id":"https:\/\/wp.ull.es\/canariasconvive\/2022\/11\/04\/el-hierro-participa-en-la-elaboracion-del-plan-canario-de-inmigracion-y-convivencia-intercultural\/#primaryimage"},"thumbnailUrl":"https:\/\/wp.ull.es\/canariasconvive\/wp-content\/uploads\/sites\/101\/2022\/11\/Canarias-Convive-Encuentro-Comunitario-El-Hierro.jpg","datePublished":"2022-11-04T13:14:37+00:00","dateModified":"2022-11-29T15:31:13+00:00","author":{"@id":"https:\/\/wp.ull.es\/canariasconvive\/#\/schema\/person\/828eeaa93607d5f0caad22bf607bc6ef"},"breadcrumb":{"@id":"https:\/\/wp.ull.es\/canariasconvive\/2022\/11\/04\/el-hierro-participa-en-la-elaboracion-del-plan-canario-de-inmigracion-y-convivencia-intercultural\/#breadcrumb"},"inLanguage":"es","potentialAction":[{"@type":"ReadAction","target":["https:\/\/wp.ull.es\/canariasconvive\/2022\/11\/04\/el-hierro-participa-en-la-elaboracion-del-plan-canario-de-inmigracion-y-convivencia-intercultural\/"]}]},{"@type":"ImageObject","inLanguage":"es","@id":"https:\/\/wp.ull.es\/canariasconvive\/2022\/11\/04\/el-hierro-participa-en-la-elaboracion-del-plan-canario-de-inmigracion-y-convivencia-intercultural\/#primaryimage","url":"https:\/\/wp.ull.es\/canariasconvive\/wp-content\/uploads\/sites\/101\/2022\/11\/Canarias-Convive-Encuentro-Comunitario-El-Hierro.jpg","contentUrl":"https:\/\/wp.ull.es\/canariasconvive\/wp-content\/uploads\/sites\/101\/2022\/11\/Canarias-Convive-Encuentro-Comunitario-El-Hierro.jpg","width":1588,"height":998,"caption":"Canarias Convive Encuentro Comunitario El Hierro"},{"@type":"BreadcrumbList","@id":"https:\/\/wp.ull.es\/canariasconvive\/2022\/11\/04\/el-hierro-participa-en-la-elaboracion-del-plan-canario-de-inmigracion-y-convivencia-intercultural\/#breadcrumb","itemListElement":[{"@type":"ListItem","position":1,"name":"Portada","item":"https:\/\/wp.ull.es\/canariasconvive\/"},{"@type":"ListItem","position":2,"name":"El Hierro participa en la elaboraci\u00f3n del Plan Canario de Inmigraci\u00f3n y Convivencia Intercultural"}]},{"@type":"WebSite","@id":"https:\/\/wp.ull.es\/canariasconvive\/#website","url":"https:\/\/wp.ull.es\/canariasconvive\/","name":"canariasconvive","description":"Programa de intervenci\u00f3n para la gesti\u00f3n estrat\u00e9gica de la (in)migraci\u00f3n y la promoci\u00f3n de la convivencia intercultural en Canarias","potentialAction":[{"@type":"SearchAction","target":{"@type":"EntryPoint","urlTemplate":"https:\/\/wp.ull.es\/canariasconvive\/?s={search_term_string}"},"query-input":{"@type":"PropertyValueSpecification","valueRequired":true,"valueName":"search_term_string"}}],"inLanguage":"es"},{"@type":"Person","@id":"https:\/\/wp.ull.es\/canariasconvive\/#\/schema\/person\/828eeaa93607d5f0caad22bf607bc6ef","name":"canariasconvive","image":{"@type":"ImageObject","inLanguage":"es","@id":"https:\/\/secure.gravatar.com\/avatar\/5a4887ce721644024718237ab157aefb67b79a5e34fb854cccf6aa7ec6984d0a?s=96&d=mm&r=g","url":"https:\/\/secure.gravatar.com\/avatar\/5a4887ce721644024718237ab157aefb67b79a5e34fb854cccf6aa7ec6984d0a?s=96&d=mm&r=g","contentUrl":"https:\/\/secure.gravatar.com\/avatar\/5a4887ce721644024718237ab157aefb67b79a5e34fb854cccf6aa7ec6984d0a?s=96&d=mm&r=g","caption":"canariasconvive"},"url":"https:\/\/wp.ull.es\/canariasconvive\/author\/canariasconvive\/"}]}},"_links":{"self":[{"href":"https:\/\/wp.ull.es\/canariasconvive\/wp-json\/wp\/v2\/posts\/3176","targetHints":{"allow":["GET"]}}],"collection":[{"href":"https:\/\/wp.ull.es\/canariasconvive\/wp-json\/wp\/v2\/posts"}],"about":[{"href":"https:\/\/wp.ull.es\/canariasconvive\/wp-json\/wp\/v2\/types\/post"}],"author":[{"embeddable":true,"href":"https:\/\/wp.ull.es\/canariasconvive\/wp-json\/wp\/v2\/users\/255"}],"replies":[{"embeddable":true,"href":"https:\/\/wp.ull.es\/canariasconvive\/wp-json\/wp\/v2\/comments?post=3176"}],"version-history":[{"count":2,"href":"https:\/\/wp.ull.es\/canariasconvive\/wp-json\/wp\/v2\/posts\/3176\/revisions"}],"predecessor-version":[{"id":3215,"href":"https:\/\/wp.ull.es\/canariasconvive\/wp-json\/wp\/v2\/posts\/3176\/revisions\/3215"}],"wp:featuredmedia":[{"embeddable":true,"href":"https:\/\/wp.ull.es\/canariasconvive\/wp-json\/wp\/v2\/media\/3179"}],"wp:attachment":[{"href":"https:\/\/wp.ull.es\/canariasconvive\/wp-json\/wp\/v2\/media?parent=3176"}],"wp:term":[{"taxonomy":"category","embeddable":true,"href":"https:\/\/wp.ull.es\/canariasconvive\/wp-json\/wp\/v2\/categories?post=3176"},{"taxonomy":"post_tag","embeddable":true,"href":"https:\/\/wp.ull.es\/canariasconvive\/wp-json\/wp\/v2\/tags?post=3176"}],"curies":[{"name":"wp","href":"https:\/\/api.w.org\/{rel}","templated":true}]}}