{"id":2999,"date":"2022-06-06T11:39:19","date_gmt":"2022-06-06T11:39:19","guid":{"rendered":"https:\/\/wp.ull.es\/canariasconvive\/?p=2999"},"modified":"2022-06-07T12:34:30","modified_gmt":"2022-06-07T12:34:30","slug":"canarias-convive-se-presenta-en-el-parlamento-de-canarias-a-traves-de-la-comision-de-derechos-sociales-igualdad-diversidad-y-juventud","status":"publish","type":"post","link":"https:\/\/wp.ull.es\/canariasconvive\/2022\/06\/06\/canarias-convive-se-presenta-en-el-parlamento-de-canarias-a-traves-de-la-comision-de-derechos-sociales-igualdad-diversidad-y-juventud\/","title":{"rendered":"Canarias Convive se presenta en el Parlamento de Canarias a trav\u00e9s de la Comisi\u00f3n de Derechos Sociales, Igualdad, Diversidad y Juventud"},"content":{"rendered":"[et_pb_section fb_built=\u00bb1&#8243; _builder_version=\u00bb4.9.7&#8243; _module_preset=\u00bbdefault\u00bb][et_pb_row _builder_version=\u00bb4.9.7&#8243; _module_preset=\u00bbdefault\u00bb][et_pb_column type=\u00bb4_4&#8243; _builder_version=\u00bb4.9.7&#8243; _module_preset=\u00bbdefault\u00bb][et_pb_text admin_label=\u00bbTexto de la noticia\u00bb _builder_version=\u00bb4.9.7&#8243; _module_preset=\u00bbdefault\u00bb hover_enabled=\u00bb0&#8243; sticky_enabled=\u00bb0&#8243;]\n<p>El Programa \u2018Canarias Convive\u2019 se presenta a la <strong>Comisi\u00f3n de Derechos Sociales, Igualdad, Diversidad y Juventud del Parlamento de Canarias<\/strong>. Por un lado, para explicar en qu\u00e9 consiste, cu\u00e1l ha sido su evoluci\u00f3n y en qu\u00e9 punto se encuentra su grado de desarrollo hasta el momento. Y por otro, para invitar a los grupos parlamentarios a participar en el proceso de audici\u00f3n social, una de las acciones m\u00e1s importantes del Programa, que recoge los testimonios de la ciudadan\u00eda, de las personas con conocimiento t\u00e9cnico y profesional, y de las que representan la esfera pol\u00edtica e institucional.<\/p>\n<p>La aspiraci\u00f3n y objetivo general del Programa es contribuir de manera participada a fortalecer una sociedad canaria diversa, que acoge, incluye y convive, seg\u00fan expres\u00f3 en su comparecencia <strong>Vicente Zapata, el director de \u2018Canarias Convive\u2019<\/strong>. Y hacerlo de forma alineada con la Agenda Canaria 2030. Adem\u00e1s de aportar elementos de valor para que la inmigraci\u00f3n y la diversidad humana y cultural de Canarias se conviertan en un factor de progreso dentro del marco competencial auton\u00f3mico.<\/p>\n<p>El Programa aspira a formular un marco de actuaci\u00f3n estructural con el fin de abordar la gesti\u00f3n de la inmigraci\u00f3n y sus m\u00faltiples efectos e implicaciones en Canarias, siempre desde un marco de participaci\u00f3n que implique a todos los protagonistas de nuestra realidad. Del Programa \u2018Canarias Convive\u2019 saldr\u00e1 un <strong>Plan de Inmigraci\u00f3n y Convivencia Intercultural<\/strong> (nombre todav\u00eda provisional) de alcance regional, que vendr\u00e1 a ocupar un espacio que no est\u00e1 cubierto desde hace 20 a\u00f1os.<\/p>\n<p>Y es que, en 20 a\u00f1os la realidad de Canarias ha cambiado. En ese tiempo, la poblaci\u00f3n se ha incrementado en un n\u00famero considerable de habitantes, siendo tres cuartas partes de ese crecimiento fruto del balance que dejan las migraciones. <strong>Se han incorporado a la regi\u00f3n 250.000 personas m\u00e1s nacidas en otros pa\u00edses<\/strong>. Un ejemplo de ello es el municipio de Adeje, en el sur de Tenerife, que ha pasado de empadronar a un tercio de la poblaci\u00f3n de origen extranjero a suponer m\u00e1s de la mitad de sus habitantes en lo que va de siglo.<\/p>\n<p>Uno de los principios del Programa Canarias Convive es partir de lo que ya existe. Por ello, se han identificado y organizado m\u00e1s de <a href=\"https:\/\/wp.ull.es\/canariasconvive\/fondo-documental-canario\/\" target=\"_blank\" rel=\"noopener\">160 documentos que tratan y abordan la cuesti\u00f3n de las migraciones en Canarias<\/a>. Se han establecido relaciones con los actores que tienen que ver con este fen\u00f3meno en Canarias, para ello se ha contactado con casi <a href=\"https:\/\/wp.ull.es\/canariasconvive\/mapa-de-actores\/\" target=\"_blank\" rel=\"noopener\">500 entidades en activo<\/a>. Se ha hecho un an\u00e1lisis de programas, proyectos y servicios que tienen en cuenta las migraciones y la convivencia intercultural identificando 140 en Canarias. Se ha desarrollado un proceso de escucha, <strong>realizando 390 coloquios en los cuales han intervenido 473 personas<\/strong> hasta el momento. En el marco de esa audici\u00f3n, ya se ha escuchado a la mitad de alcaldes y alcaldesas del archipi\u00e9lago.<\/p>\n<p>Seg\u00fan Vicente Zapata, \u201c<em>es fundamental que los grupos parlamentarios est\u00e9n en este proceso de escucha, para incorporar sus discursos, puntos de vista y propuestas al Plan Canario de Inmigraci\u00f3n y Convivencia Intercultural<\/em>\u201d. Las formaciones pol\u00edticas son esenciales en el desarrollo del Programa, puesto que, entre otros elementos de valor, su perspectiva y capacidad de propuesta deben ser consideradas en el ejercicio de planificaci\u00f3n estrat\u00e9gica que supone la elaboraci\u00f3n participada del plan canario.<\/p>\n<p><iframe loading=\"lazy\" title=\"Vicente Manuel Zapata Herna\u0301ndez presenta el Programa Canarias Convive en el Parlamento de Canarias\" width=\"1080\" height=\"608\" src=\"https:\/\/www.youtube.com\/embed\/bE3V6je5Njs?feature=oembed\"  allow=\"accelerometer; autoplay; clipboard-write; encrypted-media; gyroscope; picture-in-picture\" allowfullscreen><\/iframe><\/p>\n<p>Las migraciones internacionales en su interacci\u00f3n con el archipi\u00e9lago canario siempre han sido un tema de especial inter\u00e9s parlamentario. Particularmente en aquellas etapas en que sus efectos e implicaciones han demandado definir y articular las mejores respuestas posibles, en relaci\u00f3n con la adecuada gesti\u00f3n de esa movilidad que conecta y relaciona Canarias con el resto del mundo.<\/p>\n<p>Asimismo el Parlamento ha emprendido diversas<strong> iniciativas para ahondar en el conocimiento plural de las migraciones y sus repercusiones para la regi\u00f3n<\/strong>, siempre con una mira m\u00e1s amplia que pretende desvelar sus mecanismo m\u00e1s profundos, generando claves para la intervenci\u00f3n desde distintas esferas, tanto en lo institucional como en lo social. Las Comisiones de Estudio o los informes y trabajos emitidos a partir de proyectos fruto de la relaci\u00f3n con otros parlamentos regionales europeos son buena prueba de ello.<\/p>\n[\/et_pb_text][\/et_pb_column][\/et_pb_row][\/et_pb_section]\n","protected":false},"excerpt":{"rendered":"<p>[et_pb_section fb_built=\u00bb1&#8243; _builder_version=\u00bb4.9.7&#8243; _module_preset=\u00bbdefault\u00bb][et_pb_row _builder_version=\u00bb4.9.7&#8243; _module_preset=\u00bbdefault\u00bb][et_pb_column type=\u00bb4_4&#8243; _builder_version=\u00bb4.9.7&#8243; _module_preset=\u00bbdefault\u00bb][et_pb_text admin_label=\u00bbTexto de la noticia\u00bb _builder_version=\u00bb4.9.7&#8243; _module_preset=\u00bbdefault\u00bb hover_enabled=\u00bb0&#8243; sticky_enabled=\u00bb0&#8243;] El Programa \u2018Canarias Convive\u2019 se presenta a la Comisi\u00f3n de Derechos Sociales, Igualdad, Diversidad y Juventud del Parlamento de Canarias. Por un lado, para explicar en qu\u00e9 consiste, cu\u00e1l ha sido su evoluci\u00f3n y en qu\u00e9 punto se [&hellip;]<\/p>\n","protected":false},"author":255,"featured_media":3005,"comment_status":"open","ping_status":"open","sticky":false,"template":"","format":"standard","meta":{"_et_pb_use_builder":"on","_et_pb_old_content":"","_et_gb_content_width":"","ngg_post_thumbnail":0,"footnotes":""},"categories":[232],"tags":[281,280],"class_list":["post-2999","post","type-post","status-publish","format-standard","has-post-thumbnail","hentry","category-proceso-de-audicion","tag-canarias","tag-parlamento"],"yoast_head":"<!-- This site is optimized with the Yoast SEO plugin v27.4 - https:\/\/yoast.com\/product\/yoast-seo-wordpress\/ -->\n<title>Canarias Convive se presenta en el Parlamento de Canarias a trav\u00e9s de la Comisi\u00f3n de Derechos Sociales, Igualdad, Diversidad y Juventud - canariasconvive<\/title>\n<meta name=\"robots\" content=\"index, follow, max-snippet:-1, max-image-preview:large, max-video-preview:-1\" \/>\n<link rel=\"canonical\" href=\"https:\/\/wp.ull.es\/canariasconvive\/2022\/06\/06\/canarias-convive-se-presenta-en-el-parlamento-de-canarias-a-traves-de-la-comision-de-derechos-sociales-igualdad-diversidad-y-juventud\/\" \/>\n<meta property=\"og:locale\" content=\"es_ES\" \/>\n<meta property=\"og:type\" content=\"article\" \/>\n<meta property=\"og:title\" content=\"Canarias Convive se presenta en el Parlamento de Canarias a trav\u00e9s de la Comisi\u00f3n de Derechos Sociales, Igualdad, Diversidad y Juventud - canariasconvive\" \/>\n<meta property=\"og:description\" content=\"[et_pb_section fb_built=\u00bb1&#8243; _builder_version=\u00bb4.9.7&#8243; _module_preset=\u00bbdefault\u00bb][et_pb_row _builder_version=\u00bb4.9.7&#8243; _module_preset=\u00bbdefault\u00bb][et_pb_column type=\u00bb4_4&#8243; _builder_version=\u00bb4.9.7&#8243; _module_preset=\u00bbdefault\u00bb][et_pb_text admin_label=\u00bbTexto de la noticia\u00bb _builder_version=\u00bb4.9.7&#8243; _module_preset=\u00bbdefault\u00bb hover_enabled=\u00bb0&#8243; sticky_enabled=\u00bb0&#8243;] El Programa \u2018Canarias Convive\u2019 se presenta a la Comisi\u00f3n de Derechos Sociales, Igualdad, Diversidad y Juventud del Parlamento de Canarias. Por un lado, para explicar en qu\u00e9 consiste, cu\u00e1l ha sido su evoluci\u00f3n y en qu\u00e9 punto se [&hellip;]\" \/>\n<meta property=\"og:url\" content=\"https:\/\/wp.ull.es\/canariasconvive\/2022\/06\/06\/canarias-convive-se-presenta-en-el-parlamento-de-canarias-a-traves-de-la-comision-de-derechos-sociales-igualdad-diversidad-y-juventud\/\" \/>\n<meta property=\"og:site_name\" content=\"canariasconvive\" \/>\n<meta property=\"article:published_time\" content=\"2022-06-06T11:39:19+00:00\" \/>\n<meta property=\"article:modified_time\" content=\"2022-06-07T12:34:30+00:00\" \/>\n<meta property=\"og:image\" content=\"https:\/\/wp.ull.es\/canariasconvive\/wp-content\/uploads\/sites\/101\/2022\/06\/Canarias-Convive_Vicente-Manuel-Zapata_Parlamento-de-Canarias.png\" \/>\n\t<meta property=\"og:image:width\" content=\"1588\" \/>\n\t<meta property=\"og:image:height\" content=\"998\" \/>\n\t<meta property=\"og:image:type\" content=\"image\/png\" \/>\n<meta name=\"author\" content=\"canariasconvive\" \/>\n<meta name=\"twitter:card\" content=\"summary_large_image\" \/>\n<meta name=\"twitter:label1\" content=\"Escrito por\" \/>\n\t<meta name=\"twitter:data1\" content=\"canariasconvive\" \/>\n\t<meta name=\"twitter:label2\" content=\"Tiempo de lectura\" \/>\n\t<meta name=\"twitter:data2\" content=\"4 minutos\" \/>\n<script type=\"application\/ld+json\" class=\"yoast-schema-graph\">{\"@context\":\"https:\\\/\\\/schema.org\",\"@graph\":[{\"@type\":\"Article\",\"@id\":\"https:\\\/\\\/wp.ull.es\\\/canariasconvive\\\/2022\\\/06\\\/06\\\/canarias-convive-se-presenta-en-el-parlamento-de-canarias-a-traves-de-la-comision-de-derechos-sociales-igualdad-diversidad-y-juventud\\\/#article\",\"isPartOf\":{\"@id\":\"https:\\\/\\\/wp.ull.es\\\/canariasconvive\\\/2022\\\/06\\\/06\\\/canarias-convive-se-presenta-en-el-parlamento-de-canarias-a-traves-de-la-comision-de-derechos-sociales-igualdad-diversidad-y-juventud\\\/\"},\"author\":{\"name\":\"canariasconvive\",\"@id\":\"https:\\\/\\\/wp.ull.es\\\/canariasconvive\\\/#\\\/schema\\\/person\\\/828eeaa93607d5f0caad22bf607bc6ef\"},\"headline\":\"Canarias Convive se presenta en el Parlamento de Canarias a trav\u00e9s de la Comisi\u00f3n de Derechos Sociales, Igualdad, Diversidad y Juventud\",\"datePublished\":\"2022-06-06T11:39:19+00:00\",\"dateModified\":\"2022-06-07T12:34:30+00:00\",\"mainEntityOfPage\":{\"@id\":\"https:\\\/\\\/wp.ull.es\\\/canariasconvive\\\/2022\\\/06\\\/06\\\/canarias-convive-se-presenta-en-el-parlamento-de-canarias-a-traves-de-la-comision-de-derechos-sociales-igualdad-diversidad-y-juventud\\\/\"},\"wordCount\":812,\"commentCount\":0,\"image\":{\"@id\":\"https:\\\/\\\/wp.ull.es\\\/canariasconvive\\\/2022\\\/06\\\/06\\\/canarias-convive-se-presenta-en-el-parlamento-de-canarias-a-traves-de-la-comision-de-derechos-sociales-igualdad-diversidad-y-juventud\\\/#primaryimage\"},\"thumbnailUrl\":\"https:\\\/\\\/wp.ull.es\\\/canariasconvive\\\/wp-content\\\/uploads\\\/sites\\\/101\\\/2022\\\/06\\\/Canarias-Convive_Vicente-Manuel-Zapata_Parlamento-de-Canarias.png\",\"keywords\":[\"Canarias\",\"Parlamento\"],\"articleSection\":[\"Proceso de Audici\u00f3n\"],\"inLanguage\":\"es\",\"potentialAction\":[{\"@type\":\"CommentAction\",\"name\":\"Comment\",\"target\":[\"https:\\\/\\\/wp.ull.es\\\/canariasconvive\\\/2022\\\/06\\\/06\\\/canarias-convive-se-presenta-en-el-parlamento-de-canarias-a-traves-de-la-comision-de-derechos-sociales-igualdad-diversidad-y-juventud\\\/#respond\"]}]},{\"@type\":\"WebPage\",\"@id\":\"https:\\\/\\\/wp.ull.es\\\/canariasconvive\\\/2022\\\/06\\\/06\\\/canarias-convive-se-presenta-en-el-parlamento-de-canarias-a-traves-de-la-comision-de-derechos-sociales-igualdad-diversidad-y-juventud\\\/\",\"url\":\"https:\\\/\\\/wp.ull.es\\\/canariasconvive\\\/2022\\\/06\\\/06\\\/canarias-convive-se-presenta-en-el-parlamento-de-canarias-a-traves-de-la-comision-de-derechos-sociales-igualdad-diversidad-y-juventud\\\/\",\"name\":\"Canarias Convive se presenta en el Parlamento de Canarias a trav\u00e9s de la Comisi\u00f3n de Derechos Sociales, Igualdad, Diversidad y Juventud - canariasconvive\",\"isPartOf\":{\"@id\":\"https:\\\/\\\/wp.ull.es\\\/canariasconvive\\\/#website\"},\"primaryImageOfPage\":{\"@id\":\"https:\\\/\\\/wp.ull.es\\\/canariasconvive\\\/2022\\\/06\\\/06\\\/canarias-convive-se-presenta-en-el-parlamento-de-canarias-a-traves-de-la-comision-de-derechos-sociales-igualdad-diversidad-y-juventud\\\/#primaryimage\"},\"image\":{\"@id\":\"https:\\\/\\\/wp.ull.es\\\/canariasconvive\\\/2022\\\/06\\\/06\\\/canarias-convive-se-presenta-en-el-parlamento-de-canarias-a-traves-de-la-comision-de-derechos-sociales-igualdad-diversidad-y-juventud\\\/#primaryimage\"},\"thumbnailUrl\":\"https:\\\/\\\/wp.ull.es\\\/canariasconvive\\\/wp-content\\\/uploads\\\/sites\\\/101\\\/2022\\\/06\\\/Canarias-Convive_Vicente-Manuel-Zapata_Parlamento-de-Canarias.png\",\"datePublished\":\"2022-06-06T11:39:19+00:00\",\"dateModified\":\"2022-06-07T12:34:30+00:00\",\"author\":{\"@id\":\"https:\\\/\\\/wp.ull.es\\\/canariasconvive\\\/#\\\/schema\\\/person\\\/828eeaa93607d5f0caad22bf607bc6ef\"},\"breadcrumb\":{\"@id\":\"https:\\\/\\\/wp.ull.es\\\/canariasconvive\\\/2022\\\/06\\\/06\\\/canarias-convive-se-presenta-en-el-parlamento-de-canarias-a-traves-de-la-comision-de-derechos-sociales-igualdad-diversidad-y-juventud\\\/#breadcrumb\"},\"inLanguage\":\"es\",\"potentialAction\":[{\"@type\":\"ReadAction\",\"target\":[\"https:\\\/\\\/wp.ull.es\\\/canariasconvive\\\/2022\\\/06\\\/06\\\/canarias-convive-se-presenta-en-el-parlamento-de-canarias-a-traves-de-la-comision-de-derechos-sociales-igualdad-diversidad-y-juventud\\\/\"]}]},{\"@type\":\"ImageObject\",\"inLanguage\":\"es\",\"@id\":\"https:\\\/\\\/wp.ull.es\\\/canariasconvive\\\/2022\\\/06\\\/06\\\/canarias-convive-se-presenta-en-el-parlamento-de-canarias-a-traves-de-la-comision-de-derechos-sociales-igualdad-diversidad-y-juventud\\\/#primaryimage\",\"url\":\"https:\\\/\\\/wp.ull.es\\\/canariasconvive\\\/wp-content\\\/uploads\\\/sites\\\/101\\\/2022\\\/06\\\/Canarias-Convive_Vicente-Manuel-Zapata_Parlamento-de-Canarias.png\",\"contentUrl\":\"https:\\\/\\\/wp.ull.es\\\/canariasconvive\\\/wp-content\\\/uploads\\\/sites\\\/101\\\/2022\\\/06\\\/Canarias-Convive_Vicente-Manuel-Zapata_Parlamento-de-Canarias.png\",\"width\":1588,\"height\":998,\"caption\":\"Canarias Convive_Vicente Manuel Zapata_Parlamento de Canarias\"},{\"@type\":\"BreadcrumbList\",\"@id\":\"https:\\\/\\\/wp.ull.es\\\/canariasconvive\\\/2022\\\/06\\\/06\\\/canarias-convive-se-presenta-en-el-parlamento-de-canarias-a-traves-de-la-comision-de-derechos-sociales-igualdad-diversidad-y-juventud\\\/#breadcrumb\",\"itemListElement\":[{\"@type\":\"ListItem\",\"position\":1,\"name\":\"Portada\",\"item\":\"https:\\\/\\\/wp.ull.es\\\/canariasconvive\\\/\"},{\"@type\":\"ListItem\",\"position\":2,\"name\":\"Canarias Convive se presenta en el Parlamento de Canarias a trav\u00e9s de la Comisi\u00f3n de Derechos Sociales, Igualdad, Diversidad y Juventud\"}]},{\"@type\":\"WebSite\",\"@id\":\"https:\\\/\\\/wp.ull.es\\\/canariasconvive\\\/#website\",\"url\":\"https:\\\/\\\/wp.ull.es\\\/canariasconvive\\\/\",\"name\":\"canariasconvive\",\"description\":\"Programa de intervenci\u00f3n para la gesti\u00f3n estrat\u00e9gica de la (in)migraci\u00f3n y la promoci\u00f3n de la convivencia intercultural en Canarias\",\"potentialAction\":[{\"@type\":\"SearchAction\",\"target\":{\"@type\":\"EntryPoint\",\"urlTemplate\":\"https:\\\/\\\/wp.ull.es\\\/canariasconvive\\\/?s={search_term_string}\"},\"query-input\":{\"@type\":\"PropertyValueSpecification\",\"valueRequired\":true,\"valueName\":\"search_term_string\"}}],\"inLanguage\":\"es\"},{\"@type\":\"Person\",\"@id\":\"https:\\\/\\\/wp.ull.es\\\/canariasconvive\\\/#\\\/schema\\\/person\\\/828eeaa93607d5f0caad22bf607bc6ef\",\"name\":\"canariasconvive\",\"image\":{\"@type\":\"ImageObject\",\"inLanguage\":\"es\",\"@id\":\"https:\\\/\\\/secure.gravatar.com\\\/avatar\\\/5a4887ce721644024718237ab157aefb67b79a5e34fb854cccf6aa7ec6984d0a?s=96&d=mm&r=g\",\"url\":\"https:\\\/\\\/secure.gravatar.com\\\/avatar\\\/5a4887ce721644024718237ab157aefb67b79a5e34fb854cccf6aa7ec6984d0a?s=96&d=mm&r=g\",\"contentUrl\":\"https:\\\/\\\/secure.gravatar.com\\\/avatar\\\/5a4887ce721644024718237ab157aefb67b79a5e34fb854cccf6aa7ec6984d0a?s=96&d=mm&r=g\",\"caption\":\"canariasconvive\"},\"url\":\"https:\\\/\\\/wp.ull.es\\\/canariasconvive\\\/author\\\/canariasconvive\\\/\"}]}<\/script>\n<!-- \/ Yoast SEO plugin. -->","yoast_head_json":{"title":"Canarias Convive se presenta en el Parlamento de Canarias a trav\u00e9s de la Comisi\u00f3n de Derechos Sociales, Igualdad, Diversidad y Juventud - canariasconvive","robots":{"index":"index","follow":"follow","max-snippet":"max-snippet:-1","max-image-preview":"max-image-preview:large","max-video-preview":"max-video-preview:-1"},"canonical":"https:\/\/wp.ull.es\/canariasconvive\/2022\/06\/06\/canarias-convive-se-presenta-en-el-parlamento-de-canarias-a-traves-de-la-comision-de-derechos-sociales-igualdad-diversidad-y-juventud\/","og_locale":"es_ES","og_type":"article","og_title":"Canarias Convive se presenta en el Parlamento de Canarias a trav\u00e9s de la Comisi\u00f3n de Derechos Sociales, Igualdad, Diversidad y Juventud - canariasconvive","og_description":"[et_pb_section fb_built=\u00bb1&#8243; _builder_version=\u00bb4.9.7&#8243; _module_preset=\u00bbdefault\u00bb][et_pb_row _builder_version=\u00bb4.9.7&#8243; _module_preset=\u00bbdefault\u00bb][et_pb_column type=\u00bb4_4&#8243; _builder_version=\u00bb4.9.7&#8243; _module_preset=\u00bbdefault\u00bb][et_pb_text admin_label=\u00bbTexto de la noticia\u00bb _builder_version=\u00bb4.9.7&#8243; _module_preset=\u00bbdefault\u00bb hover_enabled=\u00bb0&#8243; sticky_enabled=\u00bb0&#8243;] El Programa \u2018Canarias Convive\u2019 se presenta a la Comisi\u00f3n de Derechos Sociales, Igualdad, Diversidad y Juventud del Parlamento de Canarias. Por un lado, para explicar en qu\u00e9 consiste, cu\u00e1l ha sido su evoluci\u00f3n y en qu\u00e9 punto se [&hellip;]","og_url":"https:\/\/wp.ull.es\/canariasconvive\/2022\/06\/06\/canarias-convive-se-presenta-en-el-parlamento-de-canarias-a-traves-de-la-comision-de-derechos-sociales-igualdad-diversidad-y-juventud\/","og_site_name":"canariasconvive","article_published_time":"2022-06-06T11:39:19+00:00","article_modified_time":"2022-06-07T12:34:30+00:00","og_image":[{"width":1588,"height":998,"url":"https:\/\/wp.ull.es\/canariasconvive\/wp-content\/uploads\/sites\/101\/2022\/06\/Canarias-Convive_Vicente-Manuel-Zapata_Parlamento-de-Canarias.png","type":"image\/png"}],"author":"canariasconvive","twitter_card":"summary_large_image","twitter_misc":{"Escrito por":"canariasconvive","Tiempo de lectura":"4 minutos"},"schema":{"@context":"https:\/\/schema.org","@graph":[{"@type":"Article","@id":"https:\/\/wp.ull.es\/canariasconvive\/2022\/06\/06\/canarias-convive-se-presenta-en-el-parlamento-de-canarias-a-traves-de-la-comision-de-derechos-sociales-igualdad-diversidad-y-juventud\/#article","isPartOf":{"@id":"https:\/\/wp.ull.es\/canariasconvive\/2022\/06\/06\/canarias-convive-se-presenta-en-el-parlamento-de-canarias-a-traves-de-la-comision-de-derechos-sociales-igualdad-diversidad-y-juventud\/"},"author":{"name":"canariasconvive","@id":"https:\/\/wp.ull.es\/canariasconvive\/#\/schema\/person\/828eeaa93607d5f0caad22bf607bc6ef"},"headline":"Canarias Convive se presenta en el Parlamento de Canarias a trav\u00e9s de la Comisi\u00f3n de Derechos Sociales, Igualdad, Diversidad y Juventud","datePublished":"2022-06-06T11:39:19+00:00","dateModified":"2022-06-07T12:34:30+00:00","mainEntityOfPage":{"@id":"https:\/\/wp.ull.es\/canariasconvive\/2022\/06\/06\/canarias-convive-se-presenta-en-el-parlamento-de-canarias-a-traves-de-la-comision-de-derechos-sociales-igualdad-diversidad-y-juventud\/"},"wordCount":812,"commentCount":0,"image":{"@id":"https:\/\/wp.ull.es\/canariasconvive\/2022\/06\/06\/canarias-convive-se-presenta-en-el-parlamento-de-canarias-a-traves-de-la-comision-de-derechos-sociales-igualdad-diversidad-y-juventud\/#primaryimage"},"thumbnailUrl":"https:\/\/wp.ull.es\/canariasconvive\/wp-content\/uploads\/sites\/101\/2022\/06\/Canarias-Convive_Vicente-Manuel-Zapata_Parlamento-de-Canarias.png","keywords":["Canarias","Parlamento"],"articleSection":["Proceso de Audici\u00f3n"],"inLanguage":"es","potentialAction":[{"@type":"CommentAction","name":"Comment","target":["https:\/\/wp.ull.es\/canariasconvive\/2022\/06\/06\/canarias-convive-se-presenta-en-el-parlamento-de-canarias-a-traves-de-la-comision-de-derechos-sociales-igualdad-diversidad-y-juventud\/#respond"]}]},{"@type":"WebPage","@id":"https:\/\/wp.ull.es\/canariasconvive\/2022\/06\/06\/canarias-convive-se-presenta-en-el-parlamento-de-canarias-a-traves-de-la-comision-de-derechos-sociales-igualdad-diversidad-y-juventud\/","url":"https:\/\/wp.ull.es\/canariasconvive\/2022\/06\/06\/canarias-convive-se-presenta-en-el-parlamento-de-canarias-a-traves-de-la-comision-de-derechos-sociales-igualdad-diversidad-y-juventud\/","name":"Canarias Convive se presenta en el Parlamento de Canarias a trav\u00e9s de la Comisi\u00f3n de Derechos Sociales, Igualdad, Diversidad y Juventud - canariasconvive","isPartOf":{"@id":"https:\/\/wp.ull.es\/canariasconvive\/#website"},"primaryImageOfPage":{"@id":"https:\/\/wp.ull.es\/canariasconvive\/2022\/06\/06\/canarias-convive-se-presenta-en-el-parlamento-de-canarias-a-traves-de-la-comision-de-derechos-sociales-igualdad-diversidad-y-juventud\/#primaryimage"},"image":{"@id":"https:\/\/wp.ull.es\/canariasconvive\/2022\/06\/06\/canarias-convive-se-presenta-en-el-parlamento-de-canarias-a-traves-de-la-comision-de-derechos-sociales-igualdad-diversidad-y-juventud\/#primaryimage"},"thumbnailUrl":"https:\/\/wp.ull.es\/canariasconvive\/wp-content\/uploads\/sites\/101\/2022\/06\/Canarias-Convive_Vicente-Manuel-Zapata_Parlamento-de-Canarias.png","datePublished":"2022-06-06T11:39:19+00:00","dateModified":"2022-06-07T12:34:30+00:00","author":{"@id":"https:\/\/wp.ull.es\/canariasconvive\/#\/schema\/person\/828eeaa93607d5f0caad22bf607bc6ef"},"breadcrumb":{"@id":"https:\/\/wp.ull.es\/canariasconvive\/2022\/06\/06\/canarias-convive-se-presenta-en-el-parlamento-de-canarias-a-traves-de-la-comision-de-derechos-sociales-igualdad-diversidad-y-juventud\/#breadcrumb"},"inLanguage":"es","potentialAction":[{"@type":"ReadAction","target":["https:\/\/wp.ull.es\/canariasconvive\/2022\/06\/06\/canarias-convive-se-presenta-en-el-parlamento-de-canarias-a-traves-de-la-comision-de-derechos-sociales-igualdad-diversidad-y-juventud\/"]}]},{"@type":"ImageObject","inLanguage":"es","@id":"https:\/\/wp.ull.es\/canariasconvive\/2022\/06\/06\/canarias-convive-se-presenta-en-el-parlamento-de-canarias-a-traves-de-la-comision-de-derechos-sociales-igualdad-diversidad-y-juventud\/#primaryimage","url":"https:\/\/wp.ull.es\/canariasconvive\/wp-content\/uploads\/sites\/101\/2022\/06\/Canarias-Convive_Vicente-Manuel-Zapata_Parlamento-de-Canarias.png","contentUrl":"https:\/\/wp.ull.es\/canariasconvive\/wp-content\/uploads\/sites\/101\/2022\/06\/Canarias-Convive_Vicente-Manuel-Zapata_Parlamento-de-Canarias.png","width":1588,"height":998,"caption":"Canarias Convive_Vicente Manuel Zapata_Parlamento de Canarias"},{"@type":"BreadcrumbList","@id":"https:\/\/wp.ull.es\/canariasconvive\/2022\/06\/06\/canarias-convive-se-presenta-en-el-parlamento-de-canarias-a-traves-de-la-comision-de-derechos-sociales-igualdad-diversidad-y-juventud\/#breadcrumb","itemListElement":[{"@type":"ListItem","position":1,"name":"Portada","item":"https:\/\/wp.ull.es\/canariasconvive\/"},{"@type":"ListItem","position":2,"name":"Canarias Convive se presenta en el Parlamento de Canarias a trav\u00e9s de la Comisi\u00f3n de Derechos Sociales, Igualdad, Diversidad y Juventud"}]},{"@type":"WebSite","@id":"https:\/\/wp.ull.es\/canariasconvive\/#website","url":"https:\/\/wp.ull.es\/canariasconvive\/","name":"canariasconvive","description":"Programa de intervenci\u00f3n para la gesti\u00f3n estrat\u00e9gica de la (in)migraci\u00f3n y la promoci\u00f3n de la convivencia intercultural en Canarias","potentialAction":[{"@type":"SearchAction","target":{"@type":"EntryPoint","urlTemplate":"https:\/\/wp.ull.es\/canariasconvive\/?s={search_term_string}"},"query-input":{"@type":"PropertyValueSpecification","valueRequired":true,"valueName":"search_term_string"}}],"inLanguage":"es"},{"@type":"Person","@id":"https:\/\/wp.ull.es\/canariasconvive\/#\/schema\/person\/828eeaa93607d5f0caad22bf607bc6ef","name":"canariasconvive","image":{"@type":"ImageObject","inLanguage":"es","@id":"https:\/\/secure.gravatar.com\/avatar\/5a4887ce721644024718237ab157aefb67b79a5e34fb854cccf6aa7ec6984d0a?s=96&d=mm&r=g","url":"https:\/\/secure.gravatar.com\/avatar\/5a4887ce721644024718237ab157aefb67b79a5e34fb854cccf6aa7ec6984d0a?s=96&d=mm&r=g","contentUrl":"https:\/\/secure.gravatar.com\/avatar\/5a4887ce721644024718237ab157aefb67b79a5e34fb854cccf6aa7ec6984d0a?s=96&d=mm&r=g","caption":"canariasconvive"},"url":"https:\/\/wp.ull.es\/canariasconvive\/author\/canariasconvive\/"}]}},"_links":{"self":[{"href":"https:\/\/wp.ull.es\/canariasconvive\/wp-json\/wp\/v2\/posts\/2999","targetHints":{"allow":["GET"]}}],"collection":[{"href":"https:\/\/wp.ull.es\/canariasconvive\/wp-json\/wp\/v2\/posts"}],"about":[{"href":"https:\/\/wp.ull.es\/canariasconvive\/wp-json\/wp\/v2\/types\/post"}],"author":[{"embeddable":true,"href":"https:\/\/wp.ull.es\/canariasconvive\/wp-json\/wp\/v2\/users\/255"}],"replies":[{"embeddable":true,"href":"https:\/\/wp.ull.es\/canariasconvive\/wp-json\/wp\/v2\/comments?post=2999"}],"version-history":[{"count":2,"href":"https:\/\/wp.ull.es\/canariasconvive\/wp-json\/wp\/v2\/posts\/2999\/revisions"}],"predecessor-version":[{"id":3012,"href":"https:\/\/wp.ull.es\/canariasconvive\/wp-json\/wp\/v2\/posts\/2999\/revisions\/3012"}],"wp:featuredmedia":[{"embeddable":true,"href":"https:\/\/wp.ull.es\/canariasconvive\/wp-json\/wp\/v2\/media\/3005"}],"wp:attachment":[{"href":"https:\/\/wp.ull.es\/canariasconvive\/wp-json\/wp\/v2\/media?parent=2999"}],"wp:term":[{"taxonomy":"category","embeddable":true,"href":"https:\/\/wp.ull.es\/canariasconvive\/wp-json\/wp\/v2\/categories?post=2999"},{"taxonomy":"post_tag","embeddable":true,"href":"https:\/\/wp.ull.es\/canariasconvive\/wp-json\/wp\/v2\/tags?post=2999"}],"curies":[{"name":"wp","href":"https:\/\/api.w.org\/{rel}","templated":true}]}}