{"id":267,"date":"2024-01-17T03:51:42","date_gmt":"2024-01-17T03:51:42","guid":{"rendered":"https:\/\/wp.ull.es\/calvarez\/?p=267"},"modified":"2024-01-17T05:12:50","modified_gmt":"2024-01-17T05:12:50","slug":"mi-cumpleanos-y-palestina","status":"publish","type":"post","link":"https:\/\/wp.ull.es\/calvarez\/2024\/01\/17\/mi-cumpleanos-y-palestina\/","title":{"rendered":"Mi cumplea\u00f1os y Palestina"},"content":{"rendered":"\n<p>Hoy, d\u00eda de mi cumplea\u00f1os. SI alguien quiere felicitarme, lo mejor que me dar\u00edan como postal o regalo o felicitaci\u00f3n es que lean esto (si el FB lo permite, cosa que dudo. Todo lo que sea meterse con EEUU y con Israel, lo enlentece, lo desaparece, no llega a mis amigos, etc.). Cosas de las redes sociales, controladas por el poder pol\u00edtico nuestro y mas de las redes sociales (EEUU). Pero si les llega, ojal\u00e1 lo lean, sobre todo desde que comenz\u00f3 el mayor genocidio, y yo tontamente luchando por esta horrorosa injusticia y verg\u00fcenza mundial: el genocidio de Gaza y Palestina, permitido por nosotros.<br>Igual hoy, por mi cumple, el FB se apiada y esto llega a todo el mundo&#8230;\ud83d\ude0d\ud83d\ude04\ud83e\udd70<\/p>\n\n\n\n<p>Una cifra entre El Pa\u00eds y Hamas (de media)&#8230;\u00a124100 palestinos asesinados por Israel en 100 d\u00edas! Civiles casi todos, m\u00f1as de la mitad ni\u00f1os. Recuerdo que Palestina NO tiene ej\u00e9rcito. Es un exterminio genocida en toda regla, el peor del siglo XXI.<\/p>\n\n\n\n<p>Sin que nadie haga nada, con el apoyo y armamento estadounidense, y con el silencio de Europa.<br>\u00a1NO PUEDO CON ELLO! Me tiene enfermo&#8230;<\/p>\n\n\n\n<p>Les recuerdo que Rusia, para que se hagan una idea, ha matado a casi la tercera parte de ucranianos civiles&#8230;EN TRES A\u00d1OS. Y eso con un apoyo de EEUU y Europa, armando a Ucrania a lo bestia. Sin ninguna intenci\u00f3n de Rusia de genocidio ni exterminio. Y con sus razones para invadir Ucrania.<\/p>\n\n\n\n<p><br>Por cierto: dicen que Hamas es un grupo terrorista. No me caen bien: son fundamentalistas isl\u00e1micos, como Ir\u00e1n, \u00abmalos\u00bb que no han invadido a nadie. Tan fundamentalistas y tan poco de derechos humanos como Catar, Abu Dabi, Dubai, Arabia Saud\u00ed, Kuwait..y todos \u00abnuestros amiguitos\u00bb \u00e1rabes del petr\u00f3leo, que a la gente les encanta. Solo que ellos, aparte de ser pobres, son la \u00fanica resistencia palestina en Gaza (donde llegaron al poder por elecciones libres, por cierto). Y por eso son malos&#8230;Palestina nunca fue fundamentalista (como Al-Fatah, partido que gobierna en Cisjordania, el otro cachito de Palestina, que Israel ya se encarg\u00f3 de separar bien de Gaza). Pero todo esto lo he contado ya tantas veces&#8230;<\/p>\n\n\n\n<p>Ucrania, su gobierno y lo que hizo con la poblaci\u00f3n rusa&#8230;no son \u00absantitos\u00bb ni de co\u00f1a. Pero son un ej\u00e9rcito (super-armado por nosotros, Occidente). Y alguien decidi\u00f3 que son \u00abbuenos\u00bb. <\/p>\n","protected":false},"excerpt":{"rendered":"<p>Hoy, d\u00eda de mi cumplea\u00f1os. SI alguien quiere felicitarme, lo mejor que me dar\u00edan como postal o regalo o felicitaci\u00f3n es que lean esto (si el FB lo permite, cosa que dudo. Todo lo que sea meterse con EEUU y con Israel, lo enlentece, lo desaparece, no llega a mis amigos, etc.). Cosas de las&hellip;<\/p>\n<p><a class=\"more-link\" href=\"https:\/\/wp.ull.es\/calvarez\/2024\/01\/17\/mi-cumpleanos-y-palestina\/\" title=\"Seguir leyendo &lsquo;Mi cumplea\u00f1os y Palestina&rsquo;\">Sigue leyendo <span class=\"meta-nav\">&rarr;<\/span><\/a><\/p>\n","protected":false},"author":403,"featured_media":0,"comment_status":"open","ping_status":"open","sticky":false,"template":"","format":"standard","meta":{"footnotes":""},"categories":[1],"tags":[],"class_list":["post-267","post","type-post","status-publish","format-standard","hentry","category-sin-categoria"],"_links":{"self":[{"href":"https:\/\/wp.ull.es\/calvarez\/wp-json\/wp\/v2\/posts\/267","targetHints":{"allow":["GET"]}}],"collection":[{"href":"https:\/\/wp.ull.es\/calvarez\/wp-json\/wp\/v2\/posts"}],"about":[{"href":"https:\/\/wp.ull.es\/calvarez\/wp-json\/wp\/v2\/types\/post"}],"author":[{"embeddable":true,"href":"https:\/\/wp.ull.es\/calvarez\/wp-json\/wp\/v2\/users\/403"}],"replies":[{"embeddable":true,"href":"https:\/\/wp.ull.es\/calvarez\/wp-json\/wp\/v2\/comments?post=267"}],"version-history":[{"count":2,"href":"https:\/\/wp.ull.es\/calvarez\/wp-json\/wp\/v2\/posts\/267\/revisions"}],"predecessor-version":[{"id":272,"href":"https:\/\/wp.ull.es\/calvarez\/wp-json\/wp\/v2\/posts\/267\/revisions\/272"}],"wp:attachment":[{"href":"https:\/\/wp.ull.es\/calvarez\/wp-json\/wp\/v2\/media?parent=267"}],"wp:term":[{"taxonomy":"category","embeddable":true,"href":"https:\/\/wp.ull.es\/calvarez\/wp-json\/wp\/v2\/categories?post=267"},{"taxonomy":"post_tag","embeddable":true,"href":"https:\/\/wp.ull.es\/calvarez\/wp-json\/wp\/v2\/tags?post=267"}],"curies":[{"name":"wp","href":"https:\/\/api.w.org\/{rel}","templated":true}]}}