{"id":259,"date":"2024-01-13T01:54:44","date_gmt":"2024-01-13T01:54:44","guid":{"rendered":"https:\/\/wp.ull.es\/calvarez\/?p=259"},"modified":"2024-01-13T01:56:26","modified_gmt":"2024-01-13T01:56:26","slug":"sudarica-finlandia-palestina-e-israel","status":"publish","type":"post","link":"https:\/\/wp.ull.es\/calvarez\/2024\/01\/13\/sudarica-finlandia-palestina-e-israel\/","title":{"rendered":"Sud\u00e1frica, PALESTINA&#8230;e israel."},"content":{"rendered":"\n<p>He puesto esta frase varias veces en mi muro. HOY tiene mucho que ver con que Sud\u00e1frica (\u00a1Ol\u00e9 por ellos, y para m\u00ed con TODA la raz\u00f3n, \u00fanico pa\u00eds actuando humanamente!) sean los \u00fanicos que han tenido lo que hay que tener para denunciar ante el tribunal de la Haya&#8230; A ISRAEL POR GENOCIDIO.<\/p>\n\n\n\n<p>Me encanta saber que hay un pa\u00eds, ajeno (un poco) a la movida capitalista, que es capaz de hacer eso. LOS QUIEROOOO&#8230;Un acto humano universal e internacional, sin concesiones. \u00a1Que Rusia no <a><\/a>ha asesinado a ucranianos civiles a lo bestia, co\u00f1o! Pero todo el mundo armando a Ucrania.<\/p>\n\n\n\n<p>Desde luego, Sud\u00e1frica no es como el gobierno al que suelo votar&#8230;tibio, mediocre, m\u00e1s capitalista que socialista&#8230;Viva Sud\u00e1frica, el \u00fanico pa\u00eds del mundo que tiene lo que hay que tener para denunciar al \u00danico Genocidio del siglo XXI, precisamente de los que no aprendieron una mierda en las c\u00e1maras de gas de Hitler y sus abuelos (o s\u00ed&#8230;en vez de quedarse con lo horrible del fascismo se quedaron con el mismo, con que algo que habr\u00eda que hacer con otros). Si es as\u00ed&#8230;Igual no se equivocaron tanto los Reyes Cat\u00f3licos con la expulsi\u00f3n de los jud\u00edos de Espa\u00f1a, por ejemplo&#8230;<img decoding=\"async\" height=\"16\" width=\"16\" alt=\"\ud83d\ude03\" src=\"https:\/\/static.xx.fbcdn.net\/images\/emoji.php\/v9\/t51\/1\/16\/1f603.png\"> A Franco y a Hitler, por su tema antisemita no les voy a dar la raz\u00f3n (cuesti\u00f3n de ideolog\u00eda)&#8230;Aunque, hoy&#8230;Mejor me callo.<\/p>\n\n\n\n<p>\u00bfPuedo nacionalizarme sudafricano, porfaaaaa&#8230;? <img decoding=\"async\" height=\"16\" width=\"16\" src=\"https:\/\/static.xx.fbcdn.net\/images\/emoji.php\/v9\/t2\/1\/16\/1f60d.png\" alt=\"\ud83d\ude0d\"><img decoding=\"async\" height=\"16\" width=\"16\" src=\"https:\/\/static.xx.fbcdn.net\/images\/emoji.php\/v9\/t75\/1\/16\/1f618.png\" alt=\"\ud83d\ude18\"><img decoding=\"async\" height=\"16\" width=\"16\" src=\"https:\/\/static.xx.fbcdn.net\/images\/emoji.php\/v9\/t75\/1\/16\/1f618.png\" alt=\"\ud83d\ude18\"><\/p>\n\n\n\n<figure class=\"wp-block-image size-full is-style-rounded\"><img decoding=\"async\" width=\"288\" height=\"175\" src=\"https:\/\/wp.ull.es\/calvarez\/wp-content\/uploads\/sites\/161\/2024\/01\/nelson-pales.jpeg\" alt=\"\" class=\"wp-image-260\" \/><\/figure>\n","protected":false},"excerpt":{"rendered":"<p>He puesto esta frase varias veces en mi muro. HOY tiene mucho que ver con que Sud\u00e1frica (\u00a1Ol\u00e9 por ellos, y para m\u00ed con TODA la raz\u00f3n, \u00fanico pa\u00eds actuando humanamente!) sean los \u00fanicos que han tenido lo que hay que tener para denunciar ante el tribunal de la Haya&#8230; A ISRAEL POR GENOCIDIO. Me&hellip;<\/p>\n<p><a class=\"more-link\" href=\"https:\/\/wp.ull.es\/calvarez\/2024\/01\/13\/sudarica-finlandia-palestina-e-israel\/\" title=\"Seguir leyendo &lsquo;Sud\u00e1frica, PALESTINA&#8230;e israel.&rsquo;\">Sigue leyendo <span class=\"meta-nav\">&rarr;<\/span><\/a><\/p>\n","protected":false},"author":403,"featured_media":0,"comment_status":"open","ping_status":"open","sticky":false,"template":"","format":"standard","meta":{"footnotes":""},"categories":[1],"tags":[],"class_list":["post-259","post","type-post","status-publish","format-standard","hentry","category-sin-categoria"],"_links":{"self":[{"href":"https:\/\/wp.ull.es\/calvarez\/wp-json\/wp\/v2\/posts\/259","targetHints":{"allow":["GET"]}}],"collection":[{"href":"https:\/\/wp.ull.es\/calvarez\/wp-json\/wp\/v2\/posts"}],"about":[{"href":"https:\/\/wp.ull.es\/calvarez\/wp-json\/wp\/v2\/types\/post"}],"author":[{"embeddable":true,"href":"https:\/\/wp.ull.es\/calvarez\/wp-json\/wp\/v2\/users\/403"}],"replies":[{"embeddable":true,"href":"https:\/\/wp.ull.es\/calvarez\/wp-json\/wp\/v2\/comments?post=259"}],"version-history":[{"count":2,"href":"https:\/\/wp.ull.es\/calvarez\/wp-json\/wp\/v2\/posts\/259\/revisions"}],"predecessor-version":[{"id":263,"href":"https:\/\/wp.ull.es\/calvarez\/wp-json\/wp\/v2\/posts\/259\/revisions\/263"}],"wp:attachment":[{"href":"https:\/\/wp.ull.es\/calvarez\/wp-json\/wp\/v2\/media?parent=259"}],"wp:term":[{"taxonomy":"category","embeddable":true,"href":"https:\/\/wp.ull.es\/calvarez\/wp-json\/wp\/v2\/categories?post=259"},{"taxonomy":"post_tag","embeddable":true,"href":"https:\/\/wp.ull.es\/calvarez\/wp-json\/wp\/v2\/tags?post=259"}],"curies":[{"name":"wp","href":"https:\/\/api.w.org\/{rel}","templated":true}]}}