{"id":257,"date":"2024-01-13T01:51:19","date_gmt":"2024-01-13T01:51:19","guid":{"rendered":"https:\/\/wp.ull.es\/calvarez\/?p=257"},"modified":"2024-01-13T01:51:19","modified_gmt":"2024-01-13T01:51:19","slug":"palestina-y-el-mundo","status":"publish","type":"post","link":"https:\/\/wp.ull.es\/calvarez\/2024\/01\/13\/palestina-y-el-mundo\/","title":{"rendered":"PALESTINA Y EL MUNDO"},"content":{"rendered":"\n<p>Dos noticias me han congratulado un poco con el mundo (un \u00abfisco\u00bb o \u00abpizco\u00bb, en canario). Que me han hecho ver que no soy el \u00fanico que piensa que casi 23000 muertos inocentes en tres meses NO SON MOCO DE PAVO. Y que son casi el triple de los ucranianos muertos por Rusia en tres a\u00f1os de guerra (eso s\u00ed: Rusia, pa\u00eds sin gen genocida ni religioso, como los jud\u00edos de Israel, aut\u00e9nticos fascistas-religiosos, \u00abelegidos de Yahv\u00e9\u00bb, y de su PMadre)&#8230;<\/p>\n\n\n\n<p>La de Sud\u00e1frica (\u00a1un pa\u00eds serio, <a><\/a>co\u00f1o!) denunciando a Israel ante el Tribunal de la Haya por genocidio del pueblo palestino, y la de m\u00e1s de mil m\u00fasicos finlandeses que dicen que si Israel participa en Eurovisi\u00f3n, ellos y su pa\u00eds no. Ver m\u00e1s abajo mis noticias compartidas..<\/p>\n\n\n\n<p>Una pena, que teniendo un gobierno socialista (con el que simpatizo en parte, no me importa decirlo), Espa\u00f1a sea tan \u00abflojita\u00bb con el \u00fanico pa\u00eds genocida del siglo XXI. Vale que S\u00e1nchez dijo unas palabras \u00abduras\u00bb contra Israel, criticadas por todas las derechas. Lo que dijo fue una bober\u00eda&#8230;Tendr\u00eda que haber sido MUCHO m\u00e1s duro. Espa\u00f1a es horrorosamente \u00ablight\u00bb con Israel. Como lo fue con el Sahara.<\/p>\n","protected":false},"excerpt":{"rendered":"<p>Dos noticias me han congratulado un poco con el mundo (un \u00abfisco\u00bb o \u00abpizco\u00bb, en canario). Que me han hecho ver que no soy el \u00fanico que piensa que casi 23000 muertos inocentes en tres meses NO SON MOCO DE PAVO. Y que son casi el triple de los ucranianos muertos por Rusia en tres&hellip;<\/p>\n<p><a class=\"more-link\" href=\"https:\/\/wp.ull.es\/calvarez\/2024\/01\/13\/palestina-y-el-mundo\/\" title=\"Seguir leyendo &lsquo;PALESTINA Y EL MUNDO&rsquo;\">Sigue leyendo <span class=\"meta-nav\">&rarr;<\/span><\/a><\/p>\n","protected":false},"author":403,"featured_media":0,"comment_status":"open","ping_status":"open","sticky":false,"template":"","format":"standard","meta":{"footnotes":""},"categories":[1],"tags":[],"class_list":["post-257","post","type-post","status-publish","format-standard","hentry","category-sin-categoria"],"_links":{"self":[{"href":"https:\/\/wp.ull.es\/calvarez\/wp-json\/wp\/v2\/posts\/257","targetHints":{"allow":["GET"]}}],"collection":[{"href":"https:\/\/wp.ull.es\/calvarez\/wp-json\/wp\/v2\/posts"}],"about":[{"href":"https:\/\/wp.ull.es\/calvarez\/wp-json\/wp\/v2\/types\/post"}],"author":[{"embeddable":true,"href":"https:\/\/wp.ull.es\/calvarez\/wp-json\/wp\/v2\/users\/403"}],"replies":[{"embeddable":true,"href":"https:\/\/wp.ull.es\/calvarez\/wp-json\/wp\/v2\/comments?post=257"}],"version-history":[{"count":1,"href":"https:\/\/wp.ull.es\/calvarez\/wp-json\/wp\/v2\/posts\/257\/revisions"}],"predecessor-version":[{"id":258,"href":"https:\/\/wp.ull.es\/calvarez\/wp-json\/wp\/v2\/posts\/257\/revisions\/258"}],"wp:attachment":[{"href":"https:\/\/wp.ull.es\/calvarez\/wp-json\/wp\/v2\/media?parent=257"}],"wp:term":[{"taxonomy":"category","embeddable":true,"href":"https:\/\/wp.ull.es\/calvarez\/wp-json\/wp\/v2\/categories?post=257"},{"taxonomy":"post_tag","embeddable":true,"href":"https:\/\/wp.ull.es\/calvarez\/wp-json\/wp\/v2\/tags?post=257"}],"curies":[{"name":"wp","href":"https:\/\/api.w.org\/{rel}","templated":true}]}}