{"id":9432,"date":"2026-04-24T12:06:18","date_gmt":"2026-04-24T12:06:18","guid":{"rendered":"https:\/\/wp.ull.es\/aenogas\/?p=9432"},"modified":"2026-04-24T12:06:19","modified_gmt":"2026-04-24T12:06:19","slug":"clausura-encuentro-internacional-agroenoturismo-el-hierro-sede-gran-canaria-2027","status":"publish","type":"post","link":"https:\/\/wp.ull.es\/aenogas\/2026\/04\/24\/clausura-encuentro-internacional-agroenoturismo-el-hierro-sede-gran-canaria-2027\/","title":{"rendered":"Clausurado en El Hierro el XI Encuentro Internacional de AgroEnoturismo de Canarias"},"content":{"rendered":"\n<p><strong>El foro consolida su proyecci\u00f3n internacional y anuncia a Gran Canaria como pr\u00f3xima sede en 2027&nbsp;<\/strong><\/p>\n\n\n\n<p>El XI Encuentro Internacional de AgroEnoturismo de Canarias concluy\u00f3 en el municipio de Valverde, en la isla de El Hierro, bajo el lema \u00abImpulsando el desarrollo rural a trav\u00e9s del enoturismo\u00bb. El acto de clausura estuvo presidido por el director del Instituto Canario de Calidad Agroalimentaria (ICCA), Luis Arr\u00e1ez Guadalupe, junto al coordinador general de la C\u00e1tedra de Agroturismo y Enoturismo de Canarias del ICCA y de la Universidad de La Laguna, Gabriel Santos Garc\u00eda.<\/p>\n\n\n\n<p>Durante su intervenci\u00f3n, Arr\u00e1ez destac\u00f3 el papel del enoturismo como herramienta estrat\u00e9gica para garantizar la continuidad del sector vitivin\u00edcola en territorios insulares, subrayando que \u201cel enoturismo es un instrumento clave para hacer efectivo el mantenimiento de la vitivinicultura en Canarias y en otros territorios con caracter\u00edsticas similares\u201d. Asimismo, puso en valor la implicaci\u00f3n de la comunidad participante: \u201cacad\u00e9micos, bodegueros y profesionales transmiten en este foro su pasi\u00f3n por esta actividad, despertando el inter\u00e9s y acercando la realidad del d\u00eda a d\u00eda del sector vitivin\u00edcola en islas tan singulares como El Hierro\u201d.<\/p>\n\n\n\n<p><strong>Balance y proyecci\u00f3n del encuentro<\/strong><\/p>\n\n\n\n<figure class=\"wp-block-gallery has-nested-images columns-default is-cropped wp-block-gallery-1 is-layout-flex wp-block-gallery-is-layout-flex\">\n<figure class=\"wp-block-image size-large\"><img fetchpriority=\"high\" decoding=\"async\" width=\"799\" height=\"450\" data-id=\"9437\" src=\"https:\/\/wp.ull.es\/aenogas\/wp-content\/uploads\/sites\/90\/2026\/04\/Luis-Arraez-y-Gabriel-Santos.jpg\" alt=\"\" class=\"wp-image-9437\" srcset=\"https:\/\/wp.ull.es\/aenogas\/wp-content\/uploads\/sites\/90\/2026\/04\/Luis-Arraez-y-Gabriel-Santos.jpg 799w, https:\/\/wp.ull.es\/aenogas\/wp-content\/uploads\/sites\/90\/2026\/04\/Luis-Arraez-y-Gabriel-Santos-300x169.jpg 300w, https:\/\/wp.ull.es\/aenogas\/wp-content\/uploads\/sites\/90\/2026\/04\/Luis-Arraez-y-Gabriel-Santos-768x433.jpg 768w, https:\/\/wp.ull.es\/aenogas\/wp-content\/uploads\/sites\/90\/2026\/04\/Luis-Arraez-y-Gabriel-Santos-100x56.jpg 100w, https:\/\/wp.ull.es\/aenogas\/wp-content\/uploads\/sites\/90\/2026\/04\/Luis-Arraez-y-Gabriel-Santos-150x84.jpg 150w, https:\/\/wp.ull.es\/aenogas\/wp-content\/uploads\/sites\/90\/2026\/04\/Luis-Arraez-y-Gabriel-Santos-200x113.jpg 200w, https:\/\/wp.ull.es\/aenogas\/wp-content\/uploads\/sites\/90\/2026\/04\/Luis-Arraez-y-Gabriel-Santos-450x253.jpg 450w, https:\/\/wp.ull.es\/aenogas\/wp-content\/uploads\/sites\/90\/2026\/04\/Luis-Arraez-y-Gabriel-Santos-600x338.jpg 600w\" sizes=\"(max-width: 799px) 100vw, 799px\" \/><\/figure>\n<\/figure>\n\n\n\n<p>Por su parte, Gabriel Santos Garc\u00eda realiz\u00f3 un balance muy positivo del encuentro, destacando la calidad de los contenidos y la diversidad de enfoques abordados. En sus palabras, el encuentro \u201cha demostrado la capacidad del enoturismo para generar conocimiento aplicado y ofrecer respuestas eficaces a los retos del territorio, contribuyendo a diversificar y diferenciar la oferta tur\u00edstica de Canarias\u201d.<\/p>\n\n\n\n<p>Santos tambi\u00e9n agradeci\u00f3 la implicaci\u00f3n de las instituciones colaboradoras, el compromiso del comit\u00e9 cient\u00edfico y la participaci\u00f3n activa de ponentes, investigadores y profesionales, subrayando que \u201ceste tipo de espacios permiten conectar el \u00e1mbito acad\u00e9mico con el sector productivo, generando sinergias reales y \u00fatiles para el desarrollo del territorio\u201d.<\/p>\n\n\n\n<p>El encuentro cont\u00f3 con la participaci\u00f3n presencial de alrededor de un centenar de personas, entre ellas m\u00e1s de 30 ponentes expertos de \u00e1mbito local, nacional e internacional, adem\u00e1s de investigadores y alumnado que presentaron comunicaciones cient\u00edficas. A ello se suma la proyecci\u00f3n digital del evento, que permitir\u00e1 ampliar su alcance a m\u00e1s de 500 personas en las pr\u00f3ximas semanas a nivel global.<\/p>\n\n\n\n<p><strong>Colaboraci\u00f3n institucional e internacional<\/strong><\/p>\n\n\n\n<figure class=\"wp-block-gallery has-nested-images columns-default is-cropped wp-block-gallery-2 is-layout-flex wp-block-gallery-is-layout-flex\">\n<figure class=\"wp-block-image size-large\"><img decoding=\"async\" width=\"799\" height=\"450\" data-id=\"9436\" src=\"https:\/\/wp.ull.es\/aenogas\/wp-content\/uploads\/sites\/90\/2026\/04\/Visita-zona-vitivinicola-de-Echedo-2.jpg\" alt=\"\" class=\"wp-image-9436\" srcset=\"https:\/\/wp.ull.es\/aenogas\/wp-content\/uploads\/sites\/90\/2026\/04\/Visita-zona-vitivinicola-de-Echedo-2.jpg 799w, https:\/\/wp.ull.es\/aenogas\/wp-content\/uploads\/sites\/90\/2026\/04\/Visita-zona-vitivinicola-de-Echedo-2-300x169.jpg 300w, https:\/\/wp.ull.es\/aenogas\/wp-content\/uploads\/sites\/90\/2026\/04\/Visita-zona-vitivinicola-de-Echedo-2-768x433.jpg 768w, https:\/\/wp.ull.es\/aenogas\/wp-content\/uploads\/sites\/90\/2026\/04\/Visita-zona-vitivinicola-de-Echedo-2-100x56.jpg 100w, https:\/\/wp.ull.es\/aenogas\/wp-content\/uploads\/sites\/90\/2026\/04\/Visita-zona-vitivinicola-de-Echedo-2-150x84.jpg 150w, https:\/\/wp.ull.es\/aenogas\/wp-content\/uploads\/sites\/90\/2026\/04\/Visita-zona-vitivinicola-de-Echedo-2-200x113.jpg 200w, https:\/\/wp.ull.es\/aenogas\/wp-content\/uploads\/sites\/90\/2026\/04\/Visita-zona-vitivinicola-de-Echedo-2-450x253.jpg 450w, https:\/\/wp.ull.es\/aenogas\/wp-content\/uploads\/sites\/90\/2026\/04\/Visita-zona-vitivinicola-de-Echedo-2-600x338.jpg 600w\" sizes=\"(max-width: 799px) 100vw, 799px\" \/><\/figure>\n<\/figure>\n\n\n\n<p>La organizaci\u00f3n del encuentro cont\u00f3 con la colaboraci\u00f3n del Gobierno de Canarias, a trav\u00e9s de la Consejer\u00eda de Agricultura, Ganader\u00eda, Pesca y Soberan\u00eda Alimentaria y la empresa p\u00fablica Gesti\u00f3n del Medio Rural de Canarias (GMR Canarias), mediante la marca Volcanic Xperience; el Cabildo de El Hierro; el Ayuntamiento de Valverde; la Federaci\u00f3n Canaria de Municipios (FECAM); la Denominaci\u00f3n de Origen Protegida Vinos de El Hierro; la Empresa Insular de Servicios El Meridiano; el Cl\u00faster de Enoturismo de Canarias; la Ruta del Vino de Gran Canaria; la Universidad de Las Palmas de Gran Canaria; y diversas instituciones acad\u00e9micas de Brasil, entre ellas el Instituto Federal de Educa\u00e7\u00e3o, Ci\u00eancia e Tecnologia do Rio Grande do Sul, la Universidade Federal do Pampa y la Universidade Federal do Estado do Rio de Janeiro.<\/p>\n\n\n\n<p>La actividad fue financiada por el Vicerrectorado de Investigaci\u00f3n y Transferencia de la Universidad de La Laguna y por la Agencia Canaria de Investigaci\u00f3n, Innovaci\u00f3n y Sociedad de la Informaci\u00f3n (ACIISI) del Gobierno de Canarias.<\/p>\n\n\n\n<p><strong>Gran Canaria, sede del XII Encuentro en 2027<\/strong><\/p>\n\n\n\n<figure class=\"wp-block-gallery has-nested-images columns-default is-cropped wp-block-gallery-3 is-layout-flex wp-block-gallery-is-layout-flex\">\n<figure class=\"wp-block-image size-large\"><img decoding=\"async\" width=\"799\" height=\"450\" data-id=\"9434\" src=\"https:\/\/wp.ull.es\/aenogas\/wp-content\/uploads\/sites\/90\/2026\/04\/Jose-Juan-Perez.jpg\" alt=\"\" class=\"wp-image-9434\" srcset=\"https:\/\/wp.ull.es\/aenogas\/wp-content\/uploads\/sites\/90\/2026\/04\/Jose-Juan-Perez.jpg 799w, https:\/\/wp.ull.es\/aenogas\/wp-content\/uploads\/sites\/90\/2026\/04\/Jose-Juan-Perez-300x169.jpg 300w, https:\/\/wp.ull.es\/aenogas\/wp-content\/uploads\/sites\/90\/2026\/04\/Jose-Juan-Perez-768x433.jpg 768w, https:\/\/wp.ull.es\/aenogas\/wp-content\/uploads\/sites\/90\/2026\/04\/Jose-Juan-Perez-100x56.jpg 100w, https:\/\/wp.ull.es\/aenogas\/wp-content\/uploads\/sites\/90\/2026\/04\/Jose-Juan-Perez-150x84.jpg 150w, https:\/\/wp.ull.es\/aenogas\/wp-content\/uploads\/sites\/90\/2026\/04\/Jose-Juan-Perez-200x113.jpg 200w, https:\/\/wp.ull.es\/aenogas\/wp-content\/uploads\/sites\/90\/2026\/04\/Jose-Juan-Perez-450x253.jpg 450w, https:\/\/wp.ull.es\/aenogas\/wp-content\/uploads\/sites\/90\/2026\/04\/Jose-Juan-Perez-600x338.jpg 600w\" sizes=\"(max-width: 799px) 100vw, 799px\" \/><\/figure>\n\n\n\n<figure class=\"wp-block-image size-large\"><img loading=\"lazy\" decoding=\"async\" width=\"799\" height=\"450\" data-id=\"9435\" src=\"https:\/\/wp.ull.es\/aenogas\/wp-content\/uploads\/sites\/90\/2026\/04\/Sandra-Armas.jpg\" alt=\"\" class=\"wp-image-9435\" srcset=\"https:\/\/wp.ull.es\/aenogas\/wp-content\/uploads\/sites\/90\/2026\/04\/Sandra-Armas.jpg 799w, https:\/\/wp.ull.es\/aenogas\/wp-content\/uploads\/sites\/90\/2026\/04\/Sandra-Armas-300x169.jpg 300w, https:\/\/wp.ull.es\/aenogas\/wp-content\/uploads\/sites\/90\/2026\/04\/Sandra-Armas-768x433.jpg 768w, https:\/\/wp.ull.es\/aenogas\/wp-content\/uploads\/sites\/90\/2026\/04\/Sandra-Armas-100x56.jpg 100w, https:\/\/wp.ull.es\/aenogas\/wp-content\/uploads\/sites\/90\/2026\/04\/Sandra-Armas-150x84.jpg 150w, https:\/\/wp.ull.es\/aenogas\/wp-content\/uploads\/sites\/90\/2026\/04\/Sandra-Armas-200x113.jpg 200w, https:\/\/wp.ull.es\/aenogas\/wp-content\/uploads\/sites\/90\/2026\/04\/Sandra-Armas-450x253.jpg 450w, https:\/\/wp.ull.es\/aenogas\/wp-content\/uploads\/sites\/90\/2026\/04\/Sandra-Armas-600x338.jpg 600w\" sizes=\"(max-width: 799px) 100vw, 799px\" \/><\/figure>\n<\/figure>\n\n\n\n<p>Uno de los momentos destacados de la clausura fue la presentaci\u00f3n de la pr\u00f3xima sede del encuentro, que recaer\u00e1 en la isla de Gran Canaria en 2027. El anuncio se realiz\u00f3 mediante la proyecci\u00f3n de un v\u00eddeo promocional que puso en valor el potencial enogastrotur\u00edstico de la isla, su diversidad paisaj\u00edstica y la singularidad de su sector vitivin\u00edcola.<\/p>\n\n\n\n<p>Posteriormente, Jos\u00e9 Juan P\u00e9rez, director insular de Seguridad H\u00eddrica, y Sandra Armas Juez, presidenta de la Ruta del Vino de Gran Canaria, trasladaron una invitaci\u00f3n institucional a los asistentes para participar en la pr\u00f3xima edici\u00f3n, destacando la oportunidad de seguir fortaleciendo el posicionamiento de Canarias como referente internacional en enoturismo.<\/p>\n\n\n\n<p>La elecci\u00f3n de Gran Canaria como sede del XII Encuentro refuerza la dimensi\u00f3n regional e itinerante de esta iniciativa, permitiendo visibilizar la diversidad de los territorios insulares y consolidar una red de cooperaci\u00f3n entre islas en torno al desarrollo del enoturismo como motor de valorizaci\u00f3n del producto local y dinamizaci\u00f3n del medio rural. La isla vuelve a acoger este encuentro tras su primera edici\u00f3n como sede en 2018, cerrando as\u00ed el recorrido del evento por el conjunto del archipi\u00e9lago.<\/p>\n","protected":false},"excerpt":{"rendered":"<p>El XI Encuentro Internacional de AgroEnoturismo de Canarias concluy\u00f3 en el municipio de Valverde, en la isla de El Hierro, bajo el lema \u00abImpulsando el desarrollo rural a trav\u00e9s del enoturismo\u00bb. El acto de clausura estuvo presidido por el director del Instituto Canario de Calidad Agroalimentaria (ICCA), Luis Arr\u00e1ez Guadalupe, junto al coordinador general de la C\u00e1tedra de Agroturismo y Enoturismo de Canarias del ICCA y de la Universidad de La Laguna, Gabriel Santos Garc\u00eda.<\/p>\n<div class=\"read-more\"><a href=\"https:\/\/wp.ull.es\/aenogas\/2026\/04\/24\/clausura-encuentro-internacional-agroenoturismo-el-hierro-sede-gran-canaria-2027\/\">Leer m\u00e1s \u203a<\/a><\/div>\n<p><!-- end of .read-more --><\/p>\n","protected":false},"author":227,"featured_media":9433,"comment_status":"open","ping_status":"open","sticky":false,"template":"","format":"standard","meta":{"footnotes":""},"categories":[11,1],"tags":[30,42,7,6],"class_list":["post-9432","post","type-post","status-publish","format-standard","has-post-thumbnail","hentry","category-blog","category-sin-categoria","tag-agroenoturismo","tag-el-hierro","tag-enoturismo","tag-universidad-de-la-laguna"],"yoast_head":"<!-- This site is optimized with the Yoast SEO plugin v27.4 - https:\/\/yoast.com\/product\/yoast-seo-wordpress\/ -->\n<title>Clausurado en El Hierro el XI Encuentro Internacional de AgroEnoturismo de Canarias - Enoturismo Canarias<\/title>\n<meta name=\"description\" content=\"Concluye el XI Encuentro de AgroEnoturismo en El Hierro consolidando su \u00e9xito internacional. Descubre las claves del desarrollo rural y el anuncio de Gran Canaria como sede oficial para 2027.\" \/>\n<meta name=\"robots\" content=\"index, follow, max-snippet:-1, max-image-preview:large, max-video-preview:-1\" \/>\n<link rel=\"canonical\" href=\"https:\/\/wp.ull.es\/aenogas\/2026\/04\/24\/clausura-encuentro-internacional-agroenoturismo-el-hierro-sede-gran-canaria-2027\/\" \/>\n<meta property=\"og:locale\" content=\"es_ES\" \/>\n<meta property=\"og:type\" content=\"article\" \/>\n<meta property=\"og:title\" content=\"Clausurado en El Hierro el XI Encuentro Internacional de AgroEnoturismo de Canarias - Enoturismo Canarias\" \/>\n<meta property=\"og:description\" content=\"Concluye el XI Encuentro de AgroEnoturismo en El Hierro consolidando su \u00e9xito internacional. Descubre las claves del desarrollo rural y el anuncio de Gran Canaria como sede oficial para 2027.\" \/>\n<meta property=\"og:url\" content=\"https:\/\/wp.ull.es\/aenogas\/2026\/04\/24\/clausura-encuentro-internacional-agroenoturismo-el-hierro-sede-gran-canaria-2027\/\" \/>\n<meta property=\"og:site_name\" content=\"Enoturismo Canarias\" \/>\n<meta property=\"article:publisher\" content=\"https:\/\/www.facebook.com\/enoturismoull\" \/>\n<meta property=\"article:published_time\" content=\"2026-04-24T12:06:18+00:00\" \/>\n<meta property=\"article:modified_time\" content=\"2026-04-24T12:06:19+00:00\" \/>\n<meta property=\"og:image\" content=\"https:\/\/wp.ull.es\/aenogas\/wp-content\/uploads\/sites\/90\/2026\/04\/Foto-de-participantes.jpg\" \/>\n\t<meta property=\"og:image:width\" content=\"799\" \/>\n\t<meta property=\"og:image:height\" content=\"450\" \/>\n\t<meta property=\"og:image:type\" content=\"image\/jpeg\" \/>\n<meta name=\"author\" content=\"aenogas\" \/>\n<meta name=\"twitter:card\" content=\"summary_large_image\" \/>\n<meta name=\"twitter:creator\" content=\"@enoturismoull\" \/>\n<meta name=\"twitter:site\" content=\"@enoturismoull\" \/>\n<meta name=\"twitter:label1\" content=\"Escrito por\" \/>\n\t<meta name=\"twitter:data1\" content=\"aenogas\" \/>\n\t<meta name=\"twitter:label2\" content=\"Tiempo de lectura\" \/>\n\t<meta name=\"twitter:data2\" content=\"5 minutos\" \/>\n<script type=\"application\/ld+json\" class=\"yoast-schema-graph\">{\"@context\":\"https:\\\/\\\/schema.org\",\"@graph\":[{\"@type\":\"Article\",\"@id\":\"https:\\\/\\\/wp.ull.es\\\/aenogas\\\/2026\\\/04\\\/24\\\/clausura-encuentro-internacional-agroenoturismo-el-hierro-sede-gran-canaria-2027\\\/#article\",\"isPartOf\":{\"@id\":\"https:\\\/\\\/wp.ull.es\\\/aenogas\\\/2026\\\/04\\\/24\\\/clausura-encuentro-internacional-agroenoturismo-el-hierro-sede-gran-canaria-2027\\\/\"},\"author\":{\"name\":\"aenogas\",\"@id\":\"https:\\\/\\\/wp.ull.es\\\/aenogas\\\/#\\\/schema\\\/person\\\/08dc3be5406aba55875ae5024a8e7426\"},\"headline\":\"Clausurado en El Hierro el XI Encuentro Internacional de AgroEnoturismo de Canarias\",\"datePublished\":\"2026-04-24T12:06:18+00:00\",\"dateModified\":\"2026-04-24T12:06:19+00:00\",\"mainEntityOfPage\":{\"@id\":\"https:\\\/\\\/wp.ull.es\\\/aenogas\\\/2026\\\/04\\\/24\\\/clausura-encuentro-internacional-agroenoturismo-el-hierro-sede-gran-canaria-2027\\\/\"},\"wordCount\":797,\"commentCount\":0,\"publisher\":{\"@id\":\"https:\\\/\\\/wp.ull.es\\\/aenogas\\\/#organization\"},\"image\":{\"@id\":\"https:\\\/\\\/wp.ull.es\\\/aenogas\\\/2026\\\/04\\\/24\\\/clausura-encuentro-internacional-agroenoturismo-el-hierro-sede-gran-canaria-2027\\\/#primaryimage\"},\"thumbnailUrl\":\"https:\\\/\\\/wp.ull.es\\\/aenogas\\\/wp-content\\\/uploads\\\/sites\\\/90\\\/2026\\\/04\\\/Foto-de-participantes.jpg\",\"keywords\":[\"agroenoturismo\",\"El Hierro\",\"enoturismo\",\"universidad de la laguna\"],\"articleSection\":[\"Blog\"],\"inLanguage\":\"es\",\"potentialAction\":[{\"@type\":\"CommentAction\",\"name\":\"Comment\",\"target\":[\"https:\\\/\\\/wp.ull.es\\\/aenogas\\\/2026\\\/04\\\/24\\\/clausura-encuentro-internacional-agroenoturismo-el-hierro-sede-gran-canaria-2027\\\/#respond\"]}]},{\"@type\":\"WebPage\",\"@id\":\"https:\\\/\\\/wp.ull.es\\\/aenogas\\\/2026\\\/04\\\/24\\\/clausura-encuentro-internacional-agroenoturismo-el-hierro-sede-gran-canaria-2027\\\/\",\"url\":\"https:\\\/\\\/wp.ull.es\\\/aenogas\\\/2026\\\/04\\\/24\\\/clausura-encuentro-internacional-agroenoturismo-el-hierro-sede-gran-canaria-2027\\\/\",\"name\":\"Clausurado en El Hierro el XI Encuentro Internacional de AgroEnoturismo de Canarias - Enoturismo Canarias\",\"isPartOf\":{\"@id\":\"https:\\\/\\\/wp.ull.es\\\/aenogas\\\/#website\"},\"primaryImageOfPage\":{\"@id\":\"https:\\\/\\\/wp.ull.es\\\/aenogas\\\/2026\\\/04\\\/24\\\/clausura-encuentro-internacional-agroenoturismo-el-hierro-sede-gran-canaria-2027\\\/#primaryimage\"},\"image\":{\"@id\":\"https:\\\/\\\/wp.ull.es\\\/aenogas\\\/2026\\\/04\\\/24\\\/clausura-encuentro-internacional-agroenoturismo-el-hierro-sede-gran-canaria-2027\\\/#primaryimage\"},\"thumbnailUrl\":\"https:\\\/\\\/wp.ull.es\\\/aenogas\\\/wp-content\\\/uploads\\\/sites\\\/90\\\/2026\\\/04\\\/Foto-de-participantes.jpg\",\"datePublished\":\"2026-04-24T12:06:18+00:00\",\"dateModified\":\"2026-04-24T12:06:19+00:00\",\"description\":\"Concluye el XI Encuentro de AgroEnoturismo en El Hierro consolidando su \u00e9xito internacional. Descubre las claves del desarrollo rural y el anuncio de Gran Canaria como sede oficial para 2027.\",\"breadcrumb\":{\"@id\":\"https:\\\/\\\/wp.ull.es\\\/aenogas\\\/2026\\\/04\\\/24\\\/clausura-encuentro-internacional-agroenoturismo-el-hierro-sede-gran-canaria-2027\\\/#breadcrumb\"},\"inLanguage\":\"es\",\"potentialAction\":[{\"@type\":\"ReadAction\",\"target\":[\"https:\\\/\\\/wp.ull.es\\\/aenogas\\\/2026\\\/04\\\/24\\\/clausura-encuentro-internacional-agroenoturismo-el-hierro-sede-gran-canaria-2027\\\/\"]}]},{\"@type\":\"ImageObject\",\"inLanguage\":\"es\",\"@id\":\"https:\\\/\\\/wp.ull.es\\\/aenogas\\\/2026\\\/04\\\/24\\\/clausura-encuentro-internacional-agroenoturismo-el-hierro-sede-gran-canaria-2027\\\/#primaryimage\",\"url\":\"https:\\\/\\\/wp.ull.es\\\/aenogas\\\/wp-content\\\/uploads\\\/sites\\\/90\\\/2026\\\/04\\\/Foto-de-participantes.jpg\",\"contentUrl\":\"https:\\\/\\\/wp.ull.es\\\/aenogas\\\/wp-content\\\/uploads\\\/sites\\\/90\\\/2026\\\/04\\\/Foto-de-participantes.jpg\",\"width\":799,\"height\":450},{\"@type\":\"BreadcrumbList\",\"@id\":\"https:\\\/\\\/wp.ull.es\\\/aenogas\\\/2026\\\/04\\\/24\\\/clausura-encuentro-internacional-agroenoturismo-el-hierro-sede-gran-canaria-2027\\\/#breadcrumb\",\"itemListElement\":[{\"@type\":\"ListItem\",\"position\":1,\"name\":\"Portada\",\"item\":\"https:\\\/\\\/wp.ull.es\\\/aenogas\\\/\"},{\"@type\":\"ListItem\",\"position\":2,\"name\":\"Clausurado en El Hierro el XI Encuentro Internacional de AgroEnoturismo de Canarias\"}]},{\"@type\":\"WebSite\",\"@id\":\"https:\\\/\\\/wp.ull.es\\\/aenogas\\\/#website\",\"url\":\"https:\\\/\\\/wp.ull.es\\\/aenogas\\\/\",\"name\":\"Enoturismo Canarias\",\"description\":\"C\u00e1tedra de Agroturismo y Enoturismo Instituto de Canario de Calidad Agroalimentaria\",\"publisher\":{\"@id\":\"https:\\\/\\\/wp.ull.es\\\/aenogas\\\/#organization\"},\"potentialAction\":[{\"@type\":\"SearchAction\",\"target\":{\"@type\":\"EntryPoint\",\"urlTemplate\":\"https:\\\/\\\/wp.ull.es\\\/aenogas\\\/?s={search_term_string}\"},\"query-input\":{\"@type\":\"PropertyValueSpecification\",\"valueRequired\":true,\"valueName\":\"search_term_string\"}}],\"inLanguage\":\"es\"},{\"@type\":\"Organization\",\"@id\":\"https:\\\/\\\/wp.ull.es\\\/aenogas\\\/#organization\",\"name\":\"C\u00e1tedra de Agroturismo y Enoturismo de Canarias del Instituto Canario de Calidad Agroalimentaria y de la Universidad de La Laguna\",\"url\":\"https:\\\/\\\/wp.ull.es\\\/aenogas\\\/\",\"logo\":{\"@type\":\"ImageObject\",\"inLanguage\":\"es\",\"@id\":\"https:\\\/\\\/wp.ull.es\\\/aenogas\\\/#\\\/schema\\\/logo\\\/image\\\/\",\"url\":\"https:\\\/\\\/wp.ull.es\\\/aenogas\\\/wp-content\\\/uploads\\\/sites\\\/90\\\/2021\\\/03\\\/Logotipo-Catedra.png\",\"contentUrl\":\"https:\\\/\\\/wp.ull.es\\\/aenogas\\\/wp-content\\\/uploads\\\/sites\\\/90\\\/2021\\\/03\\\/Logotipo-Catedra.png\",\"width\":300,\"height\":89,\"caption\":\"C\u00e1tedra de Agroturismo y Enoturismo de Canarias del Instituto Canario de Calidad Agroalimentaria y de la Universidad de La Laguna\"},\"image\":{\"@id\":\"https:\\\/\\\/wp.ull.es\\\/aenogas\\\/#\\\/schema\\\/logo\\\/image\\\/\"},\"sameAs\":[\"https:\\\/\\\/www.facebook.com\\\/enoturismoull\",\"https:\\\/\\\/x.com\\\/enoturismoull\",\"https:\\\/\\\/www.linkedin.com\\\/company\\\/40816665\\\/admin\\\/dashboard\\\/\"]},{\"@type\":\"Person\",\"@id\":\"https:\\\/\\\/wp.ull.es\\\/aenogas\\\/#\\\/schema\\\/person\\\/08dc3be5406aba55875ae5024a8e7426\",\"name\":\"aenogas\",\"image\":{\"@type\":\"ImageObject\",\"inLanguage\":\"es\",\"@id\":\"https:\\\/\\\/secure.gravatar.com\\\/avatar\\\/957f529db4c10409aeb4798f38d978d31a86852b0557feaaa15ada6691fe502f?s=96&d=mm&r=g\",\"url\":\"https:\\\/\\\/secure.gravatar.com\\\/avatar\\\/957f529db4c10409aeb4798f38d978d31a86852b0557feaaa15ada6691fe502f?s=96&d=mm&r=g\",\"contentUrl\":\"https:\\\/\\\/secure.gravatar.com\\\/avatar\\\/957f529db4c10409aeb4798f38d978d31a86852b0557feaaa15ada6691fe502f?s=96&d=mm&r=g\",\"caption\":\"aenogas\"},\"url\":\"https:\\\/\\\/wp.ull.es\\\/aenogas\\\/author\\\/aenogas\\\/\"}]}<\/script>\n<!-- \/ Yoast SEO plugin. -->","yoast_head_json":{"title":"Clausurado en El Hierro el XI Encuentro Internacional de AgroEnoturismo de Canarias - Enoturismo Canarias","description":"Concluye el XI Encuentro de AgroEnoturismo en El Hierro consolidando su \u00e9xito internacional. Descubre las claves del desarrollo rural y el anuncio de Gran Canaria como sede oficial para 2027.","robots":{"index":"index","follow":"follow","max-snippet":"max-snippet:-1","max-image-preview":"max-image-preview:large","max-video-preview":"max-video-preview:-1"},"canonical":"https:\/\/wp.ull.es\/aenogas\/2026\/04\/24\/clausura-encuentro-internacional-agroenoturismo-el-hierro-sede-gran-canaria-2027\/","og_locale":"es_ES","og_type":"article","og_title":"Clausurado en El Hierro el XI Encuentro Internacional de AgroEnoturismo de Canarias - Enoturismo Canarias","og_description":"Concluye el XI Encuentro de AgroEnoturismo en El Hierro consolidando su \u00e9xito internacional. Descubre las claves del desarrollo rural y el anuncio de Gran Canaria como sede oficial para 2027.","og_url":"https:\/\/wp.ull.es\/aenogas\/2026\/04\/24\/clausura-encuentro-internacional-agroenoturismo-el-hierro-sede-gran-canaria-2027\/","og_site_name":"Enoturismo Canarias","article_publisher":"https:\/\/www.facebook.com\/enoturismoull","article_published_time":"2026-04-24T12:06:18+00:00","article_modified_time":"2026-04-24T12:06:19+00:00","og_image":[{"width":799,"height":450,"url":"https:\/\/wp.ull.es\/aenogas\/wp-content\/uploads\/sites\/90\/2026\/04\/Foto-de-participantes.jpg","type":"image\/jpeg"}],"author":"aenogas","twitter_card":"summary_large_image","twitter_creator":"@enoturismoull","twitter_site":"@enoturismoull","twitter_misc":{"Escrito por":"aenogas","Tiempo de lectura":"5 minutos"},"schema":{"@context":"https:\/\/schema.org","@graph":[{"@type":"Article","@id":"https:\/\/wp.ull.es\/aenogas\/2026\/04\/24\/clausura-encuentro-internacional-agroenoturismo-el-hierro-sede-gran-canaria-2027\/#article","isPartOf":{"@id":"https:\/\/wp.ull.es\/aenogas\/2026\/04\/24\/clausura-encuentro-internacional-agroenoturismo-el-hierro-sede-gran-canaria-2027\/"},"author":{"name":"aenogas","@id":"https:\/\/wp.ull.es\/aenogas\/#\/schema\/person\/08dc3be5406aba55875ae5024a8e7426"},"headline":"Clausurado en El Hierro el XI Encuentro Internacional de AgroEnoturismo de Canarias","datePublished":"2026-04-24T12:06:18+00:00","dateModified":"2026-04-24T12:06:19+00:00","mainEntityOfPage":{"@id":"https:\/\/wp.ull.es\/aenogas\/2026\/04\/24\/clausura-encuentro-internacional-agroenoturismo-el-hierro-sede-gran-canaria-2027\/"},"wordCount":797,"commentCount":0,"publisher":{"@id":"https:\/\/wp.ull.es\/aenogas\/#organization"},"image":{"@id":"https:\/\/wp.ull.es\/aenogas\/2026\/04\/24\/clausura-encuentro-internacional-agroenoturismo-el-hierro-sede-gran-canaria-2027\/#primaryimage"},"thumbnailUrl":"https:\/\/wp.ull.es\/aenogas\/wp-content\/uploads\/sites\/90\/2026\/04\/Foto-de-participantes.jpg","keywords":["agroenoturismo","El Hierro","enoturismo","universidad de la laguna"],"articleSection":["Blog"],"inLanguage":"es","potentialAction":[{"@type":"CommentAction","name":"Comment","target":["https:\/\/wp.ull.es\/aenogas\/2026\/04\/24\/clausura-encuentro-internacional-agroenoturismo-el-hierro-sede-gran-canaria-2027\/#respond"]}]},{"@type":"WebPage","@id":"https:\/\/wp.ull.es\/aenogas\/2026\/04\/24\/clausura-encuentro-internacional-agroenoturismo-el-hierro-sede-gran-canaria-2027\/","url":"https:\/\/wp.ull.es\/aenogas\/2026\/04\/24\/clausura-encuentro-internacional-agroenoturismo-el-hierro-sede-gran-canaria-2027\/","name":"Clausurado en El Hierro el XI Encuentro Internacional de AgroEnoturismo de Canarias - Enoturismo Canarias","isPartOf":{"@id":"https:\/\/wp.ull.es\/aenogas\/#website"},"primaryImageOfPage":{"@id":"https:\/\/wp.ull.es\/aenogas\/2026\/04\/24\/clausura-encuentro-internacional-agroenoturismo-el-hierro-sede-gran-canaria-2027\/#primaryimage"},"image":{"@id":"https:\/\/wp.ull.es\/aenogas\/2026\/04\/24\/clausura-encuentro-internacional-agroenoturismo-el-hierro-sede-gran-canaria-2027\/#primaryimage"},"thumbnailUrl":"https:\/\/wp.ull.es\/aenogas\/wp-content\/uploads\/sites\/90\/2026\/04\/Foto-de-participantes.jpg","datePublished":"2026-04-24T12:06:18+00:00","dateModified":"2026-04-24T12:06:19+00:00","description":"Concluye el XI Encuentro de AgroEnoturismo en El Hierro consolidando su \u00e9xito internacional. Descubre las claves del desarrollo rural y el anuncio de Gran Canaria como sede oficial para 2027.","breadcrumb":{"@id":"https:\/\/wp.ull.es\/aenogas\/2026\/04\/24\/clausura-encuentro-internacional-agroenoturismo-el-hierro-sede-gran-canaria-2027\/#breadcrumb"},"inLanguage":"es","potentialAction":[{"@type":"ReadAction","target":["https:\/\/wp.ull.es\/aenogas\/2026\/04\/24\/clausura-encuentro-internacional-agroenoturismo-el-hierro-sede-gran-canaria-2027\/"]}]},{"@type":"ImageObject","inLanguage":"es","@id":"https:\/\/wp.ull.es\/aenogas\/2026\/04\/24\/clausura-encuentro-internacional-agroenoturismo-el-hierro-sede-gran-canaria-2027\/#primaryimage","url":"https:\/\/wp.ull.es\/aenogas\/wp-content\/uploads\/sites\/90\/2026\/04\/Foto-de-participantes.jpg","contentUrl":"https:\/\/wp.ull.es\/aenogas\/wp-content\/uploads\/sites\/90\/2026\/04\/Foto-de-participantes.jpg","width":799,"height":450},{"@type":"BreadcrumbList","@id":"https:\/\/wp.ull.es\/aenogas\/2026\/04\/24\/clausura-encuentro-internacional-agroenoturismo-el-hierro-sede-gran-canaria-2027\/#breadcrumb","itemListElement":[{"@type":"ListItem","position":1,"name":"Portada","item":"https:\/\/wp.ull.es\/aenogas\/"},{"@type":"ListItem","position":2,"name":"Clausurado en El Hierro el XI Encuentro Internacional de AgroEnoturismo de Canarias"}]},{"@type":"WebSite","@id":"https:\/\/wp.ull.es\/aenogas\/#website","url":"https:\/\/wp.ull.es\/aenogas\/","name":"Enoturismo Canarias","description":"C\u00e1tedra de Agroturismo y Enoturismo Instituto de Canario de Calidad Agroalimentaria","publisher":{"@id":"https:\/\/wp.ull.es\/aenogas\/#organization"},"potentialAction":[{"@type":"SearchAction","target":{"@type":"EntryPoint","urlTemplate":"https:\/\/wp.ull.es\/aenogas\/?s={search_term_string}"},"query-input":{"@type":"PropertyValueSpecification","valueRequired":true,"valueName":"search_term_string"}}],"inLanguage":"es"},{"@type":"Organization","@id":"https:\/\/wp.ull.es\/aenogas\/#organization","name":"C\u00e1tedra de Agroturismo y Enoturismo de Canarias del Instituto Canario de Calidad Agroalimentaria y de la Universidad de La Laguna","url":"https:\/\/wp.ull.es\/aenogas\/","logo":{"@type":"ImageObject","inLanguage":"es","@id":"https:\/\/wp.ull.es\/aenogas\/#\/schema\/logo\/image\/","url":"https:\/\/wp.ull.es\/aenogas\/wp-content\/uploads\/sites\/90\/2021\/03\/Logotipo-Catedra.png","contentUrl":"https:\/\/wp.ull.es\/aenogas\/wp-content\/uploads\/sites\/90\/2021\/03\/Logotipo-Catedra.png","width":300,"height":89,"caption":"C\u00e1tedra de Agroturismo y Enoturismo de Canarias del Instituto Canario de Calidad Agroalimentaria y de la Universidad de La Laguna"},"image":{"@id":"https:\/\/wp.ull.es\/aenogas\/#\/schema\/logo\/image\/"},"sameAs":["https:\/\/www.facebook.com\/enoturismoull","https:\/\/x.com\/enoturismoull","https:\/\/www.linkedin.com\/company\/40816665\/admin\/dashboard\/"]},{"@type":"Person","@id":"https:\/\/wp.ull.es\/aenogas\/#\/schema\/person\/08dc3be5406aba55875ae5024a8e7426","name":"aenogas","image":{"@type":"ImageObject","inLanguage":"es","@id":"https:\/\/secure.gravatar.com\/avatar\/957f529db4c10409aeb4798f38d978d31a86852b0557feaaa15ada6691fe502f?s=96&d=mm&r=g","url":"https:\/\/secure.gravatar.com\/avatar\/957f529db4c10409aeb4798f38d978d31a86852b0557feaaa15ada6691fe502f?s=96&d=mm&r=g","contentUrl":"https:\/\/secure.gravatar.com\/avatar\/957f529db4c10409aeb4798f38d978d31a86852b0557feaaa15ada6691fe502f?s=96&d=mm&r=g","caption":"aenogas"},"url":"https:\/\/wp.ull.es\/aenogas\/author\/aenogas\/"}]}},"_links":{"self":[{"href":"https:\/\/wp.ull.es\/aenogas\/wp-json\/wp\/v2\/posts\/9432","targetHints":{"allow":["GET"]}}],"collection":[{"href":"https:\/\/wp.ull.es\/aenogas\/wp-json\/wp\/v2\/posts"}],"about":[{"href":"https:\/\/wp.ull.es\/aenogas\/wp-json\/wp\/v2\/types\/post"}],"author":[{"embeddable":true,"href":"https:\/\/wp.ull.es\/aenogas\/wp-json\/wp\/v2\/users\/227"}],"replies":[{"embeddable":true,"href":"https:\/\/wp.ull.es\/aenogas\/wp-json\/wp\/v2\/comments?post=9432"}],"version-history":[{"count":1,"href":"https:\/\/wp.ull.es\/aenogas\/wp-json\/wp\/v2\/posts\/9432\/revisions"}],"predecessor-version":[{"id":9438,"href":"https:\/\/wp.ull.es\/aenogas\/wp-json\/wp\/v2\/posts\/9432\/revisions\/9438"}],"wp:featuredmedia":[{"embeddable":true,"href":"https:\/\/wp.ull.es\/aenogas\/wp-json\/wp\/v2\/media\/9433"}],"wp:attachment":[{"href":"https:\/\/wp.ull.es\/aenogas\/wp-json\/wp\/v2\/media?parent=9432"}],"wp:term":[{"taxonomy":"category","embeddable":true,"href":"https:\/\/wp.ull.es\/aenogas\/wp-json\/wp\/v2\/categories?post=9432"},{"taxonomy":"post_tag","embeddable":true,"href":"https:\/\/wp.ull.es\/aenogas\/wp-json\/wp\/v2\/tags?post=9432"}],"curies":[{"name":"wp","href":"https:\/\/api.w.org\/{rel}","templated":true}]}}