{"id":8173,"date":"2025-07-17T08:35:54","date_gmt":"2025-07-17T08:35:54","guid":{"rendered":"https:\/\/wp.ull.es\/aenogas\/?p=8173"},"modified":"2025-07-17T08:35:59","modified_gmt":"2025-07-17T08:35:59","slug":"convenio-catedra-agroturismo-ull-ruta-vino-gran-canaria","status":"publish","type":"post","link":"https:\/\/wp.ull.es\/aenogas\/2025\/07\/17\/convenio-catedra-agroturismo-ull-ruta-vino-gran-canaria\/","title":{"rendered":"La Universidad de La Laguna refuerza su colaboraci\u00f3n con la Ruta del Vino de Gran Canaria"},"content":{"rendered":"\n<p>La C\u00e1tedra de Agroturismo y Enoturismo de Canarias del Instituto Canario de Calidad Agroalimentaria y la Universidad de La Laguna lleva colaborando varios a\u00f1os con la Ruta del Vino de Gran Canaria mediante la participaci\u00f3n com\u00fan en diversos eventos y jornadas. Esta relaci\u00f3n ha quedado formalizada mediante la firma hoy, mi\u00e9rcoles 16 de julio, de un convenio que permitir\u00e1 impulsarla mediante la organizaci\u00f3n de actividades formativas, cient\u00edficas y divulgativas conjuntas.<\/p>\n\n\n\n<p>Por parte de la Universidad de La Laguna ha firmado el acuerdo el rector Francisco J. Garc\u00eda Rodr\u00edguez, mientras que por la Ruta del Vino de Gran Canaria lo ha hecho su presidenta, Sandra Armas Juez. Tambi\u00e9n estuvieron en el acto el viceconsejero del Sector Primario del Gobierno de Canarias, Eduardo Garc\u00eda; el consejero de Sector Primario, Soberan\u00eda Alimentaria y Seguridad H\u00eddrica del Cabildo de Gran Canaria, Miguel Hidalgo; la vicerrectora de Cultura y Extensi\u00f3n Universitaria, Isabel Le\u00f3n; el director insular de Agricultura, Ganader\u00eda y Pesca del Cabildo de Gran Canaria, Alejandro B\u00e1ez; y el director y codirector de la C\u00e1tedra de Agroturismo y Enoturismo de Canarias, Jes\u00fas de las Heras y Gabriel Santos, respectivamente.<\/p>\n\n\n\n<p>El rector valor\u00f3 que este convenio es un ejemplo m\u00e1s del dinamismo de la c\u00e1tedra universitaria, que ha entablado relaciones con agentes de todas las islas. Se trata de una iniciativa que facilita a la universidad estar muy apegada a un sector con la implicaci\u00f3n de todas las personas involucradas en \u00e9l, ya sean del \u00e1mbito p\u00fablico como del empresarial y el acad\u00e9mico. Garc\u00eda tambi\u00e9n consider\u00f3 que el impulso al sector enogastrotur\u00edstico puede ayudar a solventar uno de los problemas estructurales de la econom\u00eda canaria: la baja productividad. En este caso, poniendo en valor el sector primario, creando sinergias con el terciario y, de este modo, aumentando su potencial econ\u00f3mico.<\/p>\n\n\n\n<p>La presidenta de Ruta del Vino de Gran Canaria agradeci\u00f3 que la universidad, a trav\u00e9s de su c\u00e1tedra, haya tendido puentes entre las islas. Valor\u00f3 que la firma del acuerdo ha sido un proceso natural, dada la colaboraci\u00f3n que ya exist\u00eda entre ambas entidades y, gracias a \u00e9l, ahora se podr\u00e1n abrir nuevas puertas. En ese sentido, Sandra Armas enfatiz\u00f3 que el objetivo perseguido es lograr un enoturismo m\u00e1s sostenible ligado al campo y tanto la investigaci\u00f3n como la formaci\u00f3n y la difusi\u00f3n son importantes para lograrlo.<\/p>\n\n\n\n<p>El resto de participantes coincidieron en alabar este acuerdo que no solo ampl\u00eda la dimensi\u00f3n regional de la c\u00e1tedra, sino que valoriza el sector primario, la actividad de quienes se dedican a \u00e9l e, incluso, el territorio y el paisaje como recursos. Para la c\u00e1tedra de la universidad, resulta adem\u00e1s muy relevante afianzar la relaci\u00f3n con la \u00fanica ruta del vino canaria que cuenta actualmente con la certificaci\u00f3n de la Asociaci\u00f3n Espa\u00f1ola de Ciudades del Vino (ACEVIN).<\/p>\n\n\n\n<p>El acuerdo firmado hoy es un protocolo general de colaboraci\u00f3n que tiene una vigencia inicial de dos a\u00f1os renovables autom\u00e1ticamente en anualidades si alguna de las partes no manifiesta su deseo de finalizarlo, y recoge las l\u00edneas generales de trabajo y los mecanismos de organizaci\u00f3n y control del cumplimiento del acuerdo, as\u00ed como cuestiones legales relacionadas con la protecci\u00f3n de datos y protecci\u00f3n intelectual de los resultados que puedan emanar de esta colaboraci\u00f3n.<\/p>\n","protected":false},"excerpt":{"rendered":"<p>La C\u00e1tedra de Agroturismo y Enoturismo de Canarias del Instituto Canario de Calidad Agroalimentaria y la Universidad de La Laguna lleva colaborando varios a\u00f1os con la Ruta del Vino de Gran Canaria mediante la participaci\u00f3n com\u00fan en diversos eventos y jornadas. Esta relaci\u00f3n ha quedado formalizada mediante la firma hoy, mi\u00e9rcoles 16 de julio, de un convenio que permitir\u00e1 impulsarla mediante la organizaci\u00f3n de actividades formativas, cient\u00edficas y divulgativas conjuntas.<\/p>\n<div class=\"read-more\"><a href=\"https:\/\/wp.ull.es\/aenogas\/2025\/07\/17\/convenio-catedra-agroturismo-ull-ruta-vino-gran-canaria\/\">Leer m\u00e1s \u203a<\/a><\/div>\n<p><!-- end of .read-more --><\/p>\n","protected":false},"author":227,"featured_media":8174,"comment_status":"open","ping_status":"open","sticky":false,"template":"","format":"standard","meta":{"footnotes":""},"categories":[11,1],"tags":[7,134,6],"class_list":["post-8173","post","type-post","status-publish","format-standard","has-post-thumbnail","hentry","category-blog","category-sin-categoria","tag-enoturismo","tag-ruta-del-vino-gran-canaria","tag-universidad-de-la-laguna"],"yoast_head":"<!-- This site is optimized with the Yoast SEO plugin v27.5 - https:\/\/yoast.com\/product\/yoast-seo-wordpress\/ -->\n<title>La Universidad de La Laguna refuerza su colaboraci\u00f3n con la Ruta del Vino de Gran Canaria - Enoturismo Canarias<\/title>\n<meta name=\"description\" content=\"La C\u00e1tedra de Agroturismo y Enoturismo de Canarias (ULL) y la Ruta del Vino de Gran Canaria firman un acuerdo clave para impulsar la formaci\u00f3n e investigaci\u00f3n en el sector.\" \/>\n<meta name=\"robots\" content=\"index, follow, max-snippet:-1, max-image-preview:large, max-video-preview:-1\" \/>\n<link rel=\"canonical\" href=\"https:\/\/wp.ull.es\/aenogas\/2025\/07\/17\/convenio-catedra-agroturismo-ull-ruta-vino-gran-canaria\/\" \/>\n<meta property=\"og:locale\" content=\"es_ES\" \/>\n<meta property=\"og:type\" content=\"article\" \/>\n<meta property=\"og:title\" content=\"La Universidad de La Laguna refuerza su colaboraci\u00f3n con la Ruta del Vino de Gran Canaria - Enoturismo Canarias\" \/>\n<meta property=\"og:description\" content=\"La C\u00e1tedra de Agroturismo y Enoturismo de Canarias (ULL) y la Ruta del Vino de Gran Canaria firman un acuerdo clave para impulsar la formaci\u00f3n e investigaci\u00f3n en el sector.\" \/>\n<meta property=\"og:url\" content=\"https:\/\/wp.ull.es\/aenogas\/2025\/07\/17\/convenio-catedra-agroturismo-ull-ruta-vino-gran-canaria\/\" \/>\n<meta property=\"og:site_name\" content=\"Enoturismo Canarias\" \/>\n<meta property=\"article:publisher\" content=\"https:\/\/www.facebook.com\/enoturismoull\" \/>\n<meta property=\"article:published_time\" content=\"2025-07-17T08:35:54+00:00\" \/>\n<meta property=\"article:modified_time\" content=\"2025-07-17T08:35:59+00:00\" \/>\n<meta property=\"og:image\" content=\"https:\/\/wp.ull.es\/aenogas\/wp-content\/uploads\/sites\/90\/2025\/07\/2-2.jpg\" \/>\n\t<meta property=\"og:image:width\" content=\"1024\" \/>\n\t<meta property=\"og:image:height\" content=\"683\" \/>\n\t<meta property=\"og:image:type\" content=\"image\/jpeg\" \/>\n<meta name=\"author\" content=\"aenogas\" \/>\n<meta name=\"twitter:card\" content=\"summary_large_image\" \/>\n<meta name=\"twitter:creator\" content=\"@enoturismoull\" \/>\n<meta name=\"twitter:site\" content=\"@enoturismoull\" \/>\n<meta name=\"twitter:label1\" content=\"Escrito por\" \/>\n\t<meta name=\"twitter:data1\" content=\"aenogas\" \/>\n\t<meta name=\"twitter:label2\" content=\"Tiempo de lectura\" \/>\n\t<meta name=\"twitter:data2\" content=\"3 minutos\" \/>\n<script type=\"application\/ld+json\" class=\"yoast-schema-graph\">{\"@context\":\"https:\\\/\\\/schema.org\",\"@graph\":[{\"@type\":\"Article\",\"@id\":\"https:\\\/\\\/wp.ull.es\\\/aenogas\\\/2025\\\/07\\\/17\\\/convenio-catedra-agroturismo-ull-ruta-vino-gran-canaria\\\/#article\",\"isPartOf\":{\"@id\":\"https:\\\/\\\/wp.ull.es\\\/aenogas\\\/2025\\\/07\\\/17\\\/convenio-catedra-agroturismo-ull-ruta-vino-gran-canaria\\\/\"},\"author\":{\"name\":\"aenogas\",\"@id\":\"https:\\\/\\\/wp.ull.es\\\/aenogas\\\/#\\\/schema\\\/person\\\/08dc3be5406aba55875ae5024a8e7426\"},\"headline\":\"La Universidad de La Laguna refuerza su colaboraci\u00f3n con la Ruta del Vino de Gran Canaria\",\"datePublished\":\"2025-07-17T08:35:54+00:00\",\"dateModified\":\"2025-07-17T08:35:59+00:00\",\"mainEntityOfPage\":{\"@id\":\"https:\\\/\\\/wp.ull.es\\\/aenogas\\\/2025\\\/07\\\/17\\\/convenio-catedra-agroturismo-ull-ruta-vino-gran-canaria\\\/\"},\"wordCount\":604,\"commentCount\":0,\"publisher\":{\"@id\":\"https:\\\/\\\/wp.ull.es\\\/aenogas\\\/#organization\"},\"image\":{\"@id\":\"https:\\\/\\\/wp.ull.es\\\/aenogas\\\/2025\\\/07\\\/17\\\/convenio-catedra-agroturismo-ull-ruta-vino-gran-canaria\\\/#primaryimage\"},\"thumbnailUrl\":\"https:\\\/\\\/wp.ull.es\\\/aenogas\\\/wp-content\\\/uploads\\\/sites\\\/90\\\/2025\\\/07\\\/2-2.jpg\",\"keywords\":[\"enoturismo\",\"ruta del vino gran canaria\",\"universidad de la laguna\"],\"articleSection\":[\"Blog\"],\"inLanguage\":\"es\",\"potentialAction\":[{\"@type\":\"CommentAction\",\"name\":\"Comment\",\"target\":[\"https:\\\/\\\/wp.ull.es\\\/aenogas\\\/2025\\\/07\\\/17\\\/convenio-catedra-agroturismo-ull-ruta-vino-gran-canaria\\\/#respond\"]}]},{\"@type\":\"WebPage\",\"@id\":\"https:\\\/\\\/wp.ull.es\\\/aenogas\\\/2025\\\/07\\\/17\\\/convenio-catedra-agroturismo-ull-ruta-vino-gran-canaria\\\/\",\"url\":\"https:\\\/\\\/wp.ull.es\\\/aenogas\\\/2025\\\/07\\\/17\\\/convenio-catedra-agroturismo-ull-ruta-vino-gran-canaria\\\/\",\"name\":\"La Universidad de La Laguna refuerza su colaboraci\u00f3n con la Ruta del Vino de Gran Canaria - Enoturismo Canarias\",\"isPartOf\":{\"@id\":\"https:\\\/\\\/wp.ull.es\\\/aenogas\\\/#website\"},\"primaryImageOfPage\":{\"@id\":\"https:\\\/\\\/wp.ull.es\\\/aenogas\\\/2025\\\/07\\\/17\\\/convenio-catedra-agroturismo-ull-ruta-vino-gran-canaria\\\/#primaryimage\"},\"image\":{\"@id\":\"https:\\\/\\\/wp.ull.es\\\/aenogas\\\/2025\\\/07\\\/17\\\/convenio-catedra-agroturismo-ull-ruta-vino-gran-canaria\\\/#primaryimage\"},\"thumbnailUrl\":\"https:\\\/\\\/wp.ull.es\\\/aenogas\\\/wp-content\\\/uploads\\\/sites\\\/90\\\/2025\\\/07\\\/2-2.jpg\",\"datePublished\":\"2025-07-17T08:35:54+00:00\",\"dateModified\":\"2025-07-17T08:35:59+00:00\",\"description\":\"La C\u00e1tedra de Agroturismo y Enoturismo de Canarias (ULL) y la Ruta del Vino de Gran Canaria firman un acuerdo clave para impulsar la formaci\u00f3n e investigaci\u00f3n en el sector.\",\"breadcrumb\":{\"@id\":\"https:\\\/\\\/wp.ull.es\\\/aenogas\\\/2025\\\/07\\\/17\\\/convenio-catedra-agroturismo-ull-ruta-vino-gran-canaria\\\/#breadcrumb\"},\"inLanguage\":\"es\",\"potentialAction\":[{\"@type\":\"ReadAction\",\"target\":[\"https:\\\/\\\/wp.ull.es\\\/aenogas\\\/2025\\\/07\\\/17\\\/convenio-catedra-agroturismo-ull-ruta-vino-gran-canaria\\\/\"]}]},{\"@type\":\"ImageObject\",\"inLanguage\":\"es\",\"@id\":\"https:\\\/\\\/wp.ull.es\\\/aenogas\\\/2025\\\/07\\\/17\\\/convenio-catedra-agroturismo-ull-ruta-vino-gran-canaria\\\/#primaryimage\",\"url\":\"https:\\\/\\\/wp.ull.es\\\/aenogas\\\/wp-content\\\/uploads\\\/sites\\\/90\\\/2025\\\/07\\\/2-2.jpg\",\"contentUrl\":\"https:\\\/\\\/wp.ull.es\\\/aenogas\\\/wp-content\\\/uploads\\\/sites\\\/90\\\/2025\\\/07\\\/2-2.jpg\",\"width\":1024,\"height\":683},{\"@type\":\"BreadcrumbList\",\"@id\":\"https:\\\/\\\/wp.ull.es\\\/aenogas\\\/2025\\\/07\\\/17\\\/convenio-catedra-agroturismo-ull-ruta-vino-gran-canaria\\\/#breadcrumb\",\"itemListElement\":[{\"@type\":\"ListItem\",\"position\":1,\"name\":\"Portada\",\"item\":\"https:\\\/\\\/wp.ull.es\\\/aenogas\\\/\"},{\"@type\":\"ListItem\",\"position\":2,\"name\":\"La Universidad de La Laguna refuerza su colaboraci\u00f3n con la Ruta del Vino de Gran Canaria\"}]},{\"@type\":\"WebSite\",\"@id\":\"https:\\\/\\\/wp.ull.es\\\/aenogas\\\/#website\",\"url\":\"https:\\\/\\\/wp.ull.es\\\/aenogas\\\/\",\"name\":\"Enoturismo Canarias\",\"description\":\"C\u00e1tedra de Agroturismo y Enoturismo Instituto de Canario de Calidad Agroalimentaria\",\"publisher\":{\"@id\":\"https:\\\/\\\/wp.ull.es\\\/aenogas\\\/#organization\"},\"potentialAction\":[{\"@type\":\"SearchAction\",\"target\":{\"@type\":\"EntryPoint\",\"urlTemplate\":\"https:\\\/\\\/wp.ull.es\\\/aenogas\\\/?s={search_term_string}\"},\"query-input\":{\"@type\":\"PropertyValueSpecification\",\"valueRequired\":true,\"valueName\":\"search_term_string\"}}],\"inLanguage\":\"es\"},{\"@type\":\"Organization\",\"@id\":\"https:\\\/\\\/wp.ull.es\\\/aenogas\\\/#organization\",\"name\":\"C\u00e1tedra de Agroturismo y Enoturismo de Canarias del Instituto Canario de Calidad Agroalimentaria y de la Universidad de La Laguna\",\"url\":\"https:\\\/\\\/wp.ull.es\\\/aenogas\\\/\",\"logo\":{\"@type\":\"ImageObject\",\"inLanguage\":\"es\",\"@id\":\"https:\\\/\\\/wp.ull.es\\\/aenogas\\\/#\\\/schema\\\/logo\\\/image\\\/\",\"url\":\"https:\\\/\\\/wp.ull.es\\\/aenogas\\\/wp-content\\\/uploads\\\/sites\\\/90\\\/2021\\\/03\\\/Logotipo-Catedra.png\",\"contentUrl\":\"https:\\\/\\\/wp.ull.es\\\/aenogas\\\/wp-content\\\/uploads\\\/sites\\\/90\\\/2021\\\/03\\\/Logotipo-Catedra.png\",\"width\":300,\"height\":89,\"caption\":\"C\u00e1tedra de Agroturismo y Enoturismo de Canarias del Instituto Canario de Calidad Agroalimentaria y de la Universidad de La Laguna\"},\"image\":{\"@id\":\"https:\\\/\\\/wp.ull.es\\\/aenogas\\\/#\\\/schema\\\/logo\\\/image\\\/\"},\"sameAs\":[\"https:\\\/\\\/www.facebook.com\\\/enoturismoull\",\"https:\\\/\\\/x.com\\\/enoturismoull\",\"https:\\\/\\\/www.linkedin.com\\\/company\\\/40816665\\\/admin\\\/dashboard\\\/\"]},{\"@type\":\"Person\",\"@id\":\"https:\\\/\\\/wp.ull.es\\\/aenogas\\\/#\\\/schema\\\/person\\\/08dc3be5406aba55875ae5024a8e7426\",\"name\":\"aenogas\",\"image\":{\"@type\":\"ImageObject\",\"inLanguage\":\"es\",\"@id\":\"https:\\\/\\\/secure.gravatar.com\\\/avatar\\\/957f529db4c10409aeb4798f38d978d31a86852b0557feaaa15ada6691fe502f?s=96&d=mm&r=g\",\"url\":\"https:\\\/\\\/secure.gravatar.com\\\/avatar\\\/957f529db4c10409aeb4798f38d978d31a86852b0557feaaa15ada6691fe502f?s=96&d=mm&r=g\",\"contentUrl\":\"https:\\\/\\\/secure.gravatar.com\\\/avatar\\\/957f529db4c10409aeb4798f38d978d31a86852b0557feaaa15ada6691fe502f?s=96&d=mm&r=g\",\"caption\":\"aenogas\"},\"url\":\"https:\\\/\\\/wp.ull.es\\\/aenogas\\\/author\\\/aenogas\\\/\"}]}<\/script>\n<!-- \/ Yoast SEO plugin. -->","yoast_head_json":{"title":"La Universidad de La Laguna refuerza su colaboraci\u00f3n con la Ruta del Vino de Gran Canaria - Enoturismo Canarias","description":"La C\u00e1tedra de Agroturismo y Enoturismo de Canarias (ULL) y la Ruta del Vino de Gran Canaria firman un acuerdo clave para impulsar la formaci\u00f3n e investigaci\u00f3n en el sector.","robots":{"index":"index","follow":"follow","max-snippet":"max-snippet:-1","max-image-preview":"max-image-preview:large","max-video-preview":"max-video-preview:-1"},"canonical":"https:\/\/wp.ull.es\/aenogas\/2025\/07\/17\/convenio-catedra-agroturismo-ull-ruta-vino-gran-canaria\/","og_locale":"es_ES","og_type":"article","og_title":"La Universidad de La Laguna refuerza su colaboraci\u00f3n con la Ruta del Vino de Gran Canaria - Enoturismo Canarias","og_description":"La C\u00e1tedra de Agroturismo y Enoturismo de Canarias (ULL) y la Ruta del Vino de Gran Canaria firman un acuerdo clave para impulsar la formaci\u00f3n e investigaci\u00f3n en el sector.","og_url":"https:\/\/wp.ull.es\/aenogas\/2025\/07\/17\/convenio-catedra-agroturismo-ull-ruta-vino-gran-canaria\/","og_site_name":"Enoturismo Canarias","article_publisher":"https:\/\/www.facebook.com\/enoturismoull","article_published_time":"2025-07-17T08:35:54+00:00","article_modified_time":"2025-07-17T08:35:59+00:00","og_image":[{"width":1024,"height":683,"url":"https:\/\/wp.ull.es\/aenogas\/wp-content\/uploads\/sites\/90\/2025\/07\/2-2.jpg","type":"image\/jpeg"}],"author":"aenogas","twitter_card":"summary_large_image","twitter_creator":"@enoturismoull","twitter_site":"@enoturismoull","twitter_misc":{"Escrito por":"aenogas","Tiempo de lectura":"3 minutos"},"schema":{"@context":"https:\/\/schema.org","@graph":[{"@type":"Article","@id":"https:\/\/wp.ull.es\/aenogas\/2025\/07\/17\/convenio-catedra-agroturismo-ull-ruta-vino-gran-canaria\/#article","isPartOf":{"@id":"https:\/\/wp.ull.es\/aenogas\/2025\/07\/17\/convenio-catedra-agroturismo-ull-ruta-vino-gran-canaria\/"},"author":{"name":"aenogas","@id":"https:\/\/wp.ull.es\/aenogas\/#\/schema\/person\/08dc3be5406aba55875ae5024a8e7426"},"headline":"La Universidad de La Laguna refuerza su colaboraci\u00f3n con la Ruta del Vino de Gran Canaria","datePublished":"2025-07-17T08:35:54+00:00","dateModified":"2025-07-17T08:35:59+00:00","mainEntityOfPage":{"@id":"https:\/\/wp.ull.es\/aenogas\/2025\/07\/17\/convenio-catedra-agroturismo-ull-ruta-vino-gran-canaria\/"},"wordCount":604,"commentCount":0,"publisher":{"@id":"https:\/\/wp.ull.es\/aenogas\/#organization"},"image":{"@id":"https:\/\/wp.ull.es\/aenogas\/2025\/07\/17\/convenio-catedra-agroturismo-ull-ruta-vino-gran-canaria\/#primaryimage"},"thumbnailUrl":"https:\/\/wp.ull.es\/aenogas\/wp-content\/uploads\/sites\/90\/2025\/07\/2-2.jpg","keywords":["enoturismo","ruta del vino gran canaria","universidad de la laguna"],"articleSection":["Blog"],"inLanguage":"es","potentialAction":[{"@type":"CommentAction","name":"Comment","target":["https:\/\/wp.ull.es\/aenogas\/2025\/07\/17\/convenio-catedra-agroturismo-ull-ruta-vino-gran-canaria\/#respond"]}]},{"@type":"WebPage","@id":"https:\/\/wp.ull.es\/aenogas\/2025\/07\/17\/convenio-catedra-agroturismo-ull-ruta-vino-gran-canaria\/","url":"https:\/\/wp.ull.es\/aenogas\/2025\/07\/17\/convenio-catedra-agroturismo-ull-ruta-vino-gran-canaria\/","name":"La Universidad de La Laguna refuerza su colaboraci\u00f3n con la Ruta del Vino de Gran Canaria - Enoturismo Canarias","isPartOf":{"@id":"https:\/\/wp.ull.es\/aenogas\/#website"},"primaryImageOfPage":{"@id":"https:\/\/wp.ull.es\/aenogas\/2025\/07\/17\/convenio-catedra-agroturismo-ull-ruta-vino-gran-canaria\/#primaryimage"},"image":{"@id":"https:\/\/wp.ull.es\/aenogas\/2025\/07\/17\/convenio-catedra-agroturismo-ull-ruta-vino-gran-canaria\/#primaryimage"},"thumbnailUrl":"https:\/\/wp.ull.es\/aenogas\/wp-content\/uploads\/sites\/90\/2025\/07\/2-2.jpg","datePublished":"2025-07-17T08:35:54+00:00","dateModified":"2025-07-17T08:35:59+00:00","description":"La C\u00e1tedra de Agroturismo y Enoturismo de Canarias (ULL) y la Ruta del Vino de Gran Canaria firman un acuerdo clave para impulsar la formaci\u00f3n e investigaci\u00f3n en el sector.","breadcrumb":{"@id":"https:\/\/wp.ull.es\/aenogas\/2025\/07\/17\/convenio-catedra-agroturismo-ull-ruta-vino-gran-canaria\/#breadcrumb"},"inLanguage":"es","potentialAction":[{"@type":"ReadAction","target":["https:\/\/wp.ull.es\/aenogas\/2025\/07\/17\/convenio-catedra-agroturismo-ull-ruta-vino-gran-canaria\/"]}]},{"@type":"ImageObject","inLanguage":"es","@id":"https:\/\/wp.ull.es\/aenogas\/2025\/07\/17\/convenio-catedra-agroturismo-ull-ruta-vino-gran-canaria\/#primaryimage","url":"https:\/\/wp.ull.es\/aenogas\/wp-content\/uploads\/sites\/90\/2025\/07\/2-2.jpg","contentUrl":"https:\/\/wp.ull.es\/aenogas\/wp-content\/uploads\/sites\/90\/2025\/07\/2-2.jpg","width":1024,"height":683},{"@type":"BreadcrumbList","@id":"https:\/\/wp.ull.es\/aenogas\/2025\/07\/17\/convenio-catedra-agroturismo-ull-ruta-vino-gran-canaria\/#breadcrumb","itemListElement":[{"@type":"ListItem","position":1,"name":"Portada","item":"https:\/\/wp.ull.es\/aenogas\/"},{"@type":"ListItem","position":2,"name":"La Universidad de La Laguna refuerza su colaboraci\u00f3n con la Ruta del Vino de Gran Canaria"}]},{"@type":"WebSite","@id":"https:\/\/wp.ull.es\/aenogas\/#website","url":"https:\/\/wp.ull.es\/aenogas\/","name":"Enoturismo Canarias","description":"C\u00e1tedra de Agroturismo y Enoturismo Instituto de Canario de Calidad Agroalimentaria","publisher":{"@id":"https:\/\/wp.ull.es\/aenogas\/#organization"},"potentialAction":[{"@type":"SearchAction","target":{"@type":"EntryPoint","urlTemplate":"https:\/\/wp.ull.es\/aenogas\/?s={search_term_string}"},"query-input":{"@type":"PropertyValueSpecification","valueRequired":true,"valueName":"search_term_string"}}],"inLanguage":"es"},{"@type":"Organization","@id":"https:\/\/wp.ull.es\/aenogas\/#organization","name":"C\u00e1tedra de Agroturismo y Enoturismo de Canarias del Instituto Canario de Calidad Agroalimentaria y de la Universidad de La Laguna","url":"https:\/\/wp.ull.es\/aenogas\/","logo":{"@type":"ImageObject","inLanguage":"es","@id":"https:\/\/wp.ull.es\/aenogas\/#\/schema\/logo\/image\/","url":"https:\/\/wp.ull.es\/aenogas\/wp-content\/uploads\/sites\/90\/2021\/03\/Logotipo-Catedra.png","contentUrl":"https:\/\/wp.ull.es\/aenogas\/wp-content\/uploads\/sites\/90\/2021\/03\/Logotipo-Catedra.png","width":300,"height":89,"caption":"C\u00e1tedra de Agroturismo y Enoturismo de Canarias del Instituto Canario de Calidad Agroalimentaria y de la Universidad de La Laguna"},"image":{"@id":"https:\/\/wp.ull.es\/aenogas\/#\/schema\/logo\/image\/"},"sameAs":["https:\/\/www.facebook.com\/enoturismoull","https:\/\/x.com\/enoturismoull","https:\/\/www.linkedin.com\/company\/40816665\/admin\/dashboard\/"]},{"@type":"Person","@id":"https:\/\/wp.ull.es\/aenogas\/#\/schema\/person\/08dc3be5406aba55875ae5024a8e7426","name":"aenogas","image":{"@type":"ImageObject","inLanguage":"es","@id":"https:\/\/secure.gravatar.com\/avatar\/957f529db4c10409aeb4798f38d978d31a86852b0557feaaa15ada6691fe502f?s=96&d=mm&r=g","url":"https:\/\/secure.gravatar.com\/avatar\/957f529db4c10409aeb4798f38d978d31a86852b0557feaaa15ada6691fe502f?s=96&d=mm&r=g","contentUrl":"https:\/\/secure.gravatar.com\/avatar\/957f529db4c10409aeb4798f38d978d31a86852b0557feaaa15ada6691fe502f?s=96&d=mm&r=g","caption":"aenogas"},"url":"https:\/\/wp.ull.es\/aenogas\/author\/aenogas\/"}]}},"_links":{"self":[{"href":"https:\/\/wp.ull.es\/aenogas\/wp-json\/wp\/v2\/posts\/8173","targetHints":{"allow":["GET"]}}],"collection":[{"href":"https:\/\/wp.ull.es\/aenogas\/wp-json\/wp\/v2\/posts"}],"about":[{"href":"https:\/\/wp.ull.es\/aenogas\/wp-json\/wp\/v2\/types\/post"}],"author":[{"embeddable":true,"href":"https:\/\/wp.ull.es\/aenogas\/wp-json\/wp\/v2\/users\/227"}],"replies":[{"embeddable":true,"href":"https:\/\/wp.ull.es\/aenogas\/wp-json\/wp\/v2\/comments?post=8173"}],"version-history":[{"count":1,"href":"https:\/\/wp.ull.es\/aenogas\/wp-json\/wp\/v2\/posts\/8173\/revisions"}],"predecessor-version":[{"id":8175,"href":"https:\/\/wp.ull.es\/aenogas\/wp-json\/wp\/v2\/posts\/8173\/revisions\/8175"}],"wp:featuredmedia":[{"embeddable":true,"href":"https:\/\/wp.ull.es\/aenogas\/wp-json\/wp\/v2\/media\/8174"}],"wp:attachment":[{"href":"https:\/\/wp.ull.es\/aenogas\/wp-json\/wp\/v2\/media?parent=8173"}],"wp:term":[{"taxonomy":"category","embeddable":true,"href":"https:\/\/wp.ull.es\/aenogas\/wp-json\/wp\/v2\/categories?post=8173"},{"taxonomy":"post_tag","embeddable":true,"href":"https:\/\/wp.ull.es\/aenogas\/wp-json\/wp\/v2\/tags?post=8173"}],"curies":[{"name":"wp","href":"https:\/\/api.w.org\/{rel}","templated":true}]}}