{"id":6604,"date":"2024-09-11T14:42:44","date_gmt":"2024-09-11T14:42:44","guid":{"rendered":"https:\/\/wp.ull.es\/aenogas\/?p=6604"},"modified":"2024-09-11T14:42:44","modified_gmt":"2024-09-11T14:42:44","slug":"la-catedra-de-agroturismo-y-enoturismo-de-canarias-clausura-el-curso-de-especialista-en-analisis-sensorial-de-productos-agroalimentarios-de-la-macaronesia","status":"publish","type":"post","link":"https:\/\/wp.ull.es\/aenogas\/2024\/09\/11\/la-catedra-de-agroturismo-y-enoturismo-de-canarias-clausura-el-curso-de-especialista-en-analisis-sensorial-de-productos-agroalimentarios-de-la-macaronesia\/","title":{"rendered":"La C\u00e1tedra de Agroturismo y Enoturismo de Canarias clausura el Curso de Especialista en An\u00e1lisis Sensorial de Productos Agroalimentarios de la Macaronesia"},"content":{"rendered":"\n<p>Hoy, mi\u00e9rcoles 11 de septiembre, ha tenido lugar en el Aula Magna de la Universidad de La Laguna la clausura de la primera edici\u00f3n del t\u00edtulo de Especialista en An\u00e1lisis Sensorial de Vinos y Productos Agroalimentarios de la Macaronesia. En el acto estuvieron presentes la vicerrectora de Cultura y Extensi\u00f3n Universitaria, Isabel Karely Le\u00f3n P\u00e9rez; el director del Instituto Canario de Calidad Agroalimentaria (ICCA), Luis Arr\u00e1ez Guadalupe; y el equipo de direcci\u00f3n de la C\u00e1tedra de Agroturismo y Enoturismo de Canarias, conformado por Jes\u00fas Enrique de las Heras Roger y Gabriel Santos Garc\u00eda.<\/p>\n\n\n\n<p>Durante su intervenci\u00f3n, la vicerrectora Isabel Karely Le\u00f3n P\u00e9rez expres\u00f3 el orgullo de la Universidad de La Laguna por haber sido el marco para esta formaci\u00f3n tan especializada: \u00ab<em>Es un honor y un privilegio para una universidad p\u00fablica haber dado contexto a esta formaci\u00f3n especializada. Los aromas y sabores estimulan de manera \u00fanica nuestras emociones, nos hacen evolucionar y contribuyen a forjar una identidad cultural<\/em>\u00ab, afirm\u00f3. Adem\u00e1s, destac\u00f3 la cohesi\u00f3n del grupo de estudiantes y los felicit\u00f3 por haberse capacitado como profesionales capaces de responder a las necesidades de conocimiento del sector agroalimentario.<\/p>\n\n\n\n<p>A continuaci\u00f3n, Luis Arr\u00e1ez tom\u00f3 la palabra para agradecer el esfuerzo de los participantes, tanto alumnado como profesorado: \u00ab<em>Quiero empezar felicit\u00e1ndoles, d\u00e1ndoles la enhorabuena al alumnado de este curso. No tengo duda de que ya eran especialistas, pero tras este curso de 160 horas y con la calidad del profesorado, ahora son unos excelentes especialistas. Hemos contado con m\u00e1s de 20 docentes generales e investigadores de alto nivel. Este curso, organizado en colaboraci\u00f3n con el ICCA y la C\u00e1tedra de Agroturismo, es fundamental para seguir formando expertos que conozcan en profundidad nuestros productos \u00fanicos y puedan transmitir su valor a la sociedad<\/em>.\u00bb<\/p>\n\n\n\n<p>Por su parte, Jes\u00fas Enrique de las Heras Roger, director de la C\u00e1tedra de Agroturismo y Enoturismo de Canarias, destac\u00f3 el objetivo principal del curso: \u00ab<em>Este curso part\u00eda con un objetivo claro: proporcionar las herramientas para medir, analizar e interpretar las caracter\u00edsticas sensoriales de los productos \u00fanicos de nuestra tierra. Hoy, al realizar la cata de un queso, no solo aprecian los detalles de los productos, sino que han adquirido una habilidad fundamental: el sentido cr\u00edtico<\/em>.\u00bb Asimismo, recalc\u00f3 la importancia de convertir las sensaciones en datos anal\u00edticos para valorar estos productos.<\/p>\n\n\n\n<p>De las Heras tambi\u00e9n agradeci\u00f3 al profesorado por su dedicaci\u00f3n y al alumnado por su entusiasmo y compromiso. Adem\u00e1s, destac\u00f3 el apoyo clave de la Consejer\u00eda de Agricultura, Ganader\u00eda, Pesca y Soberan\u00eda Alimentaria, que a trav\u00e9s del ICCA, ha posibilitado esta formaci\u00f3n en colaboraci\u00f3n con la Universidad de La Laguna, y esboz\u00f3 el itinerario formativo del curso, que cont\u00f3 con la inscripci\u00f3n de 20 estudiantes provenientes de Tenerife, Gran Canaria, Fuerteventura, La Palma y La Gomera, as\u00ed como dos alumnas de Cabo Verde que participaron en las sesiones online. Durante los cinco meses de formaci\u00f3n, el curso incluy\u00f3 tanto sesiones presenciales como online y cont\u00f3 con la participaci\u00f3n de m\u00e1s de veinte docentes y especialistas, muchos de ellos vinculados a las figuras de calidad que distinguen a las regiones europeas de la Macaronesia.<\/p>\n","protected":false},"excerpt":{"rendered":"<p>Hoy, mi\u00e9rcoles 11 de septiembre, ha tenido lugar en el Aula Magna de la Universidad de La Laguna la clausura de la primera edici\u00f3n del t\u00edtulo de Especialista en An\u00e1lisis Sensorial de Vinos y Productos Agroalimentarios de la Macaronesia. En el acto estuvieron presentes la vicerrectora de Cultura y Extensi\u00f3n Universitaria, Isabel Karely Le\u00f3n P\u00e9rez; el director del Instituto Canario de Calidad Agroalimentaria (ICCA), Luis Arr\u00e1ez Guadalupe; y el equipo de direcci\u00f3n de la C\u00e1tedra de Agroturismo y Enoturismo de Canarias, conformado por Jes\u00fas Enrique de las Heras Roger y Gabriel Santos Garc\u00eda.<\/p>\n<div class=\"read-more\"><a href=\"https:\/\/wp.ull.es\/aenogas\/2024\/09\/11\/la-catedra-de-agroturismo-y-enoturismo-de-canarias-clausura-el-curso-de-especialista-en-analisis-sensorial-de-productos-agroalimentarios-de-la-macaronesia\/\">Leer m\u00e1s \u203a<\/a><\/div>\n<p><!-- end of .read-more --><\/p>\n","protected":false},"author":227,"featured_media":6605,"comment_status":"open","ping_status":"open","sticky":false,"template":"","format":"standard","meta":{"footnotes":""},"categories":[11,1],"tags":[12,73,6],"class_list":["post-6604","post","type-post","status-publish","format-standard","has-post-thumbnail","hentry","category-blog","category-sin-categoria","tag-agroturismoull","tag-macaronesia","tag-universidad-de-la-laguna"],"yoast_head":"<!-- This site is optimized with the Yoast SEO plugin v27.5 - https:\/\/yoast.com\/product\/yoast-seo-wordpress\/ -->\n<title>La C\u00e1tedra de Agroturismo y Enoturismo de Canarias clausura el Curso de Especialista en An\u00e1lisis Sensorial de Productos Agroalimentarios de la Macaronesia - Enoturismo Canarias<\/title>\n<meta name=\"robots\" content=\"index, follow, max-snippet:-1, max-image-preview:large, max-video-preview:-1\" \/>\n<link rel=\"canonical\" href=\"https:\/\/wp.ull.es\/aenogas\/2024\/09\/11\/la-catedra-de-agroturismo-y-enoturismo-de-canarias-clausura-el-curso-de-especialista-en-analisis-sensorial-de-productos-agroalimentarios-de-la-macaronesia\/\" \/>\n<meta property=\"og:locale\" content=\"es_ES\" \/>\n<meta property=\"og:type\" content=\"article\" \/>\n<meta property=\"og:title\" content=\"La C\u00e1tedra de Agroturismo y Enoturismo de Canarias clausura el Curso de Especialista en An\u00e1lisis Sensorial de Productos Agroalimentarios de la Macaronesia - Enoturismo Canarias\" \/>\n<meta property=\"og:description\" content=\"Hoy, mi\u00e9rcoles 11 de septiembre, ha tenido lugar en el Aula Magna de la Universidad de La Laguna la clausura de la primera edici\u00f3n del t\u00edtulo de Especialista en An\u00e1lisis Sensorial de Vinos y Productos Agroalimentarios de la Macaronesia. En el acto estuvieron presentes la vicerrectora de Cultura y Extensi\u00f3n Universitaria, Isabel Karely Le\u00f3n P\u00e9rez; el director del Instituto Canario de Calidad Agroalimentaria (ICCA), Luis Arr\u00e1ez Guadalupe; y el equipo de direcci\u00f3n de la C\u00e1tedra de Agroturismo y Enoturismo de Canarias, conformado por Jes\u00fas Enrique de las Heras Roger y Gabriel Santos Garc\u00eda.Leer m\u00e1s \u203a\" \/>\n<meta property=\"og:url\" content=\"https:\/\/wp.ull.es\/aenogas\/2024\/09\/11\/la-catedra-de-agroturismo-y-enoturismo-de-canarias-clausura-el-curso-de-especialista-en-analisis-sensorial-de-productos-agroalimentarios-de-la-macaronesia\/\" \/>\n<meta property=\"og:site_name\" content=\"Enoturismo Canarias\" \/>\n<meta property=\"article:publisher\" content=\"https:\/\/www.facebook.com\/enoturismoull\" \/>\n<meta property=\"article:published_time\" content=\"2024-09-11T14:42:44+00:00\" \/>\n<meta property=\"og:image\" content=\"https:\/\/wp.ull.es\/aenogas\/wp-content\/uploads\/sites\/90\/2024\/09\/Grupo.jpg\" \/>\n\t<meta property=\"og:image:width\" content=\"750\" \/>\n\t<meta property=\"og:image:height\" content=\"500\" \/>\n\t<meta property=\"og:image:type\" content=\"image\/jpeg\" \/>\n<meta name=\"author\" content=\"aenogas\" \/>\n<meta name=\"twitter:card\" content=\"summary_large_image\" \/>\n<meta name=\"twitter:creator\" content=\"@enoturismoull\" \/>\n<meta name=\"twitter:site\" content=\"@enoturismoull\" \/>\n<meta name=\"twitter:label1\" content=\"Escrito por\" \/>\n\t<meta name=\"twitter:data1\" content=\"aenogas\" \/>\n\t<meta name=\"twitter:label2\" content=\"Tiempo de lectura\" \/>\n\t<meta name=\"twitter:data2\" content=\"3 minutos\" \/>\n<script type=\"application\/ld+json\" class=\"yoast-schema-graph\">{\"@context\":\"https:\\\/\\\/schema.org\",\"@graph\":[{\"@type\":\"Article\",\"@id\":\"https:\\\/\\\/wp.ull.es\\\/aenogas\\\/2024\\\/09\\\/11\\\/la-catedra-de-agroturismo-y-enoturismo-de-canarias-clausura-el-curso-de-especialista-en-analisis-sensorial-de-productos-agroalimentarios-de-la-macaronesia\\\/#article\",\"isPartOf\":{\"@id\":\"https:\\\/\\\/wp.ull.es\\\/aenogas\\\/2024\\\/09\\\/11\\\/la-catedra-de-agroturismo-y-enoturismo-de-canarias-clausura-el-curso-de-especialista-en-analisis-sensorial-de-productos-agroalimentarios-de-la-macaronesia\\\/\"},\"author\":{\"name\":\"aenogas\",\"@id\":\"https:\\\/\\\/wp.ull.es\\\/aenogas\\\/#\\\/schema\\\/person\\\/08dc3be5406aba55875ae5024a8e7426\"},\"headline\":\"La C\u00e1tedra de Agroturismo y Enoturismo de Canarias clausura el Curso de Especialista en An\u00e1lisis Sensorial de Productos Agroalimentarios de la Macaronesia\",\"datePublished\":\"2024-09-11T14:42:44+00:00\",\"mainEntityOfPage\":{\"@id\":\"https:\\\/\\\/wp.ull.es\\\/aenogas\\\/2024\\\/09\\\/11\\\/la-catedra-de-agroturismo-y-enoturismo-de-canarias-clausura-el-curso-de-especialista-en-analisis-sensorial-de-productos-agroalimentarios-de-la-macaronesia\\\/\"},\"wordCount\":578,\"commentCount\":0,\"publisher\":{\"@id\":\"https:\\\/\\\/wp.ull.es\\\/aenogas\\\/#organization\"},\"image\":{\"@id\":\"https:\\\/\\\/wp.ull.es\\\/aenogas\\\/2024\\\/09\\\/11\\\/la-catedra-de-agroturismo-y-enoturismo-de-canarias-clausura-el-curso-de-especialista-en-analisis-sensorial-de-productos-agroalimentarios-de-la-macaronesia\\\/#primaryimage\"},\"thumbnailUrl\":\"https:\\\/\\\/wp.ull.es\\\/aenogas\\\/wp-content\\\/uploads\\\/sites\\\/90\\\/2024\\\/09\\\/Grupo.jpg\",\"keywords\":[\"agroturismoull\",\"macaronesia\",\"universidad de la laguna\"],\"articleSection\":[\"Blog\"],\"inLanguage\":\"es\",\"potentialAction\":[{\"@type\":\"CommentAction\",\"name\":\"Comment\",\"target\":[\"https:\\\/\\\/wp.ull.es\\\/aenogas\\\/2024\\\/09\\\/11\\\/la-catedra-de-agroturismo-y-enoturismo-de-canarias-clausura-el-curso-de-especialista-en-analisis-sensorial-de-productos-agroalimentarios-de-la-macaronesia\\\/#respond\"]}]},{\"@type\":\"WebPage\",\"@id\":\"https:\\\/\\\/wp.ull.es\\\/aenogas\\\/2024\\\/09\\\/11\\\/la-catedra-de-agroturismo-y-enoturismo-de-canarias-clausura-el-curso-de-especialista-en-analisis-sensorial-de-productos-agroalimentarios-de-la-macaronesia\\\/\",\"url\":\"https:\\\/\\\/wp.ull.es\\\/aenogas\\\/2024\\\/09\\\/11\\\/la-catedra-de-agroturismo-y-enoturismo-de-canarias-clausura-el-curso-de-especialista-en-analisis-sensorial-de-productos-agroalimentarios-de-la-macaronesia\\\/\",\"name\":\"La C\u00e1tedra de Agroturismo y Enoturismo de Canarias clausura el Curso de Especialista en An\u00e1lisis Sensorial de Productos Agroalimentarios de la Macaronesia - Enoturismo Canarias\",\"isPartOf\":{\"@id\":\"https:\\\/\\\/wp.ull.es\\\/aenogas\\\/#website\"},\"primaryImageOfPage\":{\"@id\":\"https:\\\/\\\/wp.ull.es\\\/aenogas\\\/2024\\\/09\\\/11\\\/la-catedra-de-agroturismo-y-enoturismo-de-canarias-clausura-el-curso-de-especialista-en-analisis-sensorial-de-productos-agroalimentarios-de-la-macaronesia\\\/#primaryimage\"},\"image\":{\"@id\":\"https:\\\/\\\/wp.ull.es\\\/aenogas\\\/2024\\\/09\\\/11\\\/la-catedra-de-agroturismo-y-enoturismo-de-canarias-clausura-el-curso-de-especialista-en-analisis-sensorial-de-productos-agroalimentarios-de-la-macaronesia\\\/#primaryimage\"},\"thumbnailUrl\":\"https:\\\/\\\/wp.ull.es\\\/aenogas\\\/wp-content\\\/uploads\\\/sites\\\/90\\\/2024\\\/09\\\/Grupo.jpg\",\"datePublished\":\"2024-09-11T14:42:44+00:00\",\"breadcrumb\":{\"@id\":\"https:\\\/\\\/wp.ull.es\\\/aenogas\\\/2024\\\/09\\\/11\\\/la-catedra-de-agroturismo-y-enoturismo-de-canarias-clausura-el-curso-de-especialista-en-analisis-sensorial-de-productos-agroalimentarios-de-la-macaronesia\\\/#breadcrumb\"},\"inLanguage\":\"es\",\"potentialAction\":[{\"@type\":\"ReadAction\",\"target\":[\"https:\\\/\\\/wp.ull.es\\\/aenogas\\\/2024\\\/09\\\/11\\\/la-catedra-de-agroturismo-y-enoturismo-de-canarias-clausura-el-curso-de-especialista-en-analisis-sensorial-de-productos-agroalimentarios-de-la-macaronesia\\\/\"]}]},{\"@type\":\"ImageObject\",\"inLanguage\":\"es\",\"@id\":\"https:\\\/\\\/wp.ull.es\\\/aenogas\\\/2024\\\/09\\\/11\\\/la-catedra-de-agroturismo-y-enoturismo-de-canarias-clausura-el-curso-de-especialista-en-analisis-sensorial-de-productos-agroalimentarios-de-la-macaronesia\\\/#primaryimage\",\"url\":\"https:\\\/\\\/wp.ull.es\\\/aenogas\\\/wp-content\\\/uploads\\\/sites\\\/90\\\/2024\\\/09\\\/Grupo.jpg\",\"contentUrl\":\"https:\\\/\\\/wp.ull.es\\\/aenogas\\\/wp-content\\\/uploads\\\/sites\\\/90\\\/2024\\\/09\\\/Grupo.jpg\",\"width\":750,\"height\":500},{\"@type\":\"BreadcrumbList\",\"@id\":\"https:\\\/\\\/wp.ull.es\\\/aenogas\\\/2024\\\/09\\\/11\\\/la-catedra-de-agroturismo-y-enoturismo-de-canarias-clausura-el-curso-de-especialista-en-analisis-sensorial-de-productos-agroalimentarios-de-la-macaronesia\\\/#breadcrumb\",\"itemListElement\":[{\"@type\":\"ListItem\",\"position\":1,\"name\":\"Portada\",\"item\":\"https:\\\/\\\/wp.ull.es\\\/aenogas\\\/\"},{\"@type\":\"ListItem\",\"position\":2,\"name\":\"La C\u00e1tedra de Agroturismo y Enoturismo de Canarias clausura el Curso de Especialista en An\u00e1lisis Sensorial de Productos Agroalimentarios de la Macaronesia\"}]},{\"@type\":\"WebSite\",\"@id\":\"https:\\\/\\\/wp.ull.es\\\/aenogas\\\/#website\",\"url\":\"https:\\\/\\\/wp.ull.es\\\/aenogas\\\/\",\"name\":\"Enoturismo Canarias\",\"description\":\"C\u00e1tedra de Agroturismo y Enoturismo Instituto de Canario de Calidad Agroalimentaria\",\"publisher\":{\"@id\":\"https:\\\/\\\/wp.ull.es\\\/aenogas\\\/#organization\"},\"potentialAction\":[{\"@type\":\"SearchAction\",\"target\":{\"@type\":\"EntryPoint\",\"urlTemplate\":\"https:\\\/\\\/wp.ull.es\\\/aenogas\\\/?s={search_term_string}\"},\"query-input\":{\"@type\":\"PropertyValueSpecification\",\"valueRequired\":true,\"valueName\":\"search_term_string\"}}],\"inLanguage\":\"es\"},{\"@type\":\"Organization\",\"@id\":\"https:\\\/\\\/wp.ull.es\\\/aenogas\\\/#organization\",\"name\":\"C\u00e1tedra de Agroturismo y Enoturismo de Canarias del Instituto Canario de Calidad Agroalimentaria y de la Universidad de La Laguna\",\"url\":\"https:\\\/\\\/wp.ull.es\\\/aenogas\\\/\",\"logo\":{\"@type\":\"ImageObject\",\"inLanguage\":\"es\",\"@id\":\"https:\\\/\\\/wp.ull.es\\\/aenogas\\\/#\\\/schema\\\/logo\\\/image\\\/\",\"url\":\"https:\\\/\\\/wp.ull.es\\\/aenogas\\\/wp-content\\\/uploads\\\/sites\\\/90\\\/2021\\\/03\\\/Logotipo-Catedra.png\",\"contentUrl\":\"https:\\\/\\\/wp.ull.es\\\/aenogas\\\/wp-content\\\/uploads\\\/sites\\\/90\\\/2021\\\/03\\\/Logotipo-Catedra.png\",\"width\":300,\"height\":89,\"caption\":\"C\u00e1tedra de Agroturismo y Enoturismo de Canarias del Instituto Canario de Calidad Agroalimentaria y de la Universidad de La Laguna\"},\"image\":{\"@id\":\"https:\\\/\\\/wp.ull.es\\\/aenogas\\\/#\\\/schema\\\/logo\\\/image\\\/\"},\"sameAs\":[\"https:\\\/\\\/www.facebook.com\\\/enoturismoull\",\"https:\\\/\\\/x.com\\\/enoturismoull\",\"https:\\\/\\\/www.linkedin.com\\\/company\\\/40816665\\\/admin\\\/dashboard\\\/\"]},{\"@type\":\"Person\",\"@id\":\"https:\\\/\\\/wp.ull.es\\\/aenogas\\\/#\\\/schema\\\/person\\\/08dc3be5406aba55875ae5024a8e7426\",\"name\":\"aenogas\",\"image\":{\"@type\":\"ImageObject\",\"inLanguage\":\"es\",\"@id\":\"https:\\\/\\\/secure.gravatar.com\\\/avatar\\\/957f529db4c10409aeb4798f38d978d31a86852b0557feaaa15ada6691fe502f?s=96&d=mm&r=g\",\"url\":\"https:\\\/\\\/secure.gravatar.com\\\/avatar\\\/957f529db4c10409aeb4798f38d978d31a86852b0557feaaa15ada6691fe502f?s=96&d=mm&r=g\",\"contentUrl\":\"https:\\\/\\\/secure.gravatar.com\\\/avatar\\\/957f529db4c10409aeb4798f38d978d31a86852b0557feaaa15ada6691fe502f?s=96&d=mm&r=g\",\"caption\":\"aenogas\"},\"url\":\"https:\\\/\\\/wp.ull.es\\\/aenogas\\\/author\\\/aenogas\\\/\"}]}<\/script>\n<!-- \/ Yoast SEO plugin. -->","yoast_head_json":{"title":"La C\u00e1tedra de Agroturismo y Enoturismo de Canarias clausura el Curso de Especialista en An\u00e1lisis Sensorial de Productos Agroalimentarios de la Macaronesia - Enoturismo Canarias","robots":{"index":"index","follow":"follow","max-snippet":"max-snippet:-1","max-image-preview":"max-image-preview:large","max-video-preview":"max-video-preview:-1"},"canonical":"https:\/\/wp.ull.es\/aenogas\/2024\/09\/11\/la-catedra-de-agroturismo-y-enoturismo-de-canarias-clausura-el-curso-de-especialista-en-analisis-sensorial-de-productos-agroalimentarios-de-la-macaronesia\/","og_locale":"es_ES","og_type":"article","og_title":"La C\u00e1tedra de Agroturismo y Enoturismo de Canarias clausura el Curso de Especialista en An\u00e1lisis Sensorial de Productos Agroalimentarios de la Macaronesia - Enoturismo Canarias","og_description":"Hoy, mi\u00e9rcoles 11 de septiembre, ha tenido lugar en el Aula Magna de la Universidad de La Laguna la clausura de la primera edici\u00f3n del t\u00edtulo de Especialista en An\u00e1lisis Sensorial de Vinos y Productos Agroalimentarios de la Macaronesia. En el acto estuvieron presentes la vicerrectora de Cultura y Extensi\u00f3n Universitaria, Isabel Karely Le\u00f3n P\u00e9rez; el director del Instituto Canario de Calidad Agroalimentaria (ICCA), Luis Arr\u00e1ez Guadalupe; y el equipo de direcci\u00f3n de la C\u00e1tedra de Agroturismo y Enoturismo de Canarias, conformado por Jes\u00fas Enrique de las Heras Roger y Gabriel Santos Garc\u00eda.Leer m\u00e1s \u203a","og_url":"https:\/\/wp.ull.es\/aenogas\/2024\/09\/11\/la-catedra-de-agroturismo-y-enoturismo-de-canarias-clausura-el-curso-de-especialista-en-analisis-sensorial-de-productos-agroalimentarios-de-la-macaronesia\/","og_site_name":"Enoturismo Canarias","article_publisher":"https:\/\/www.facebook.com\/enoturismoull","article_published_time":"2024-09-11T14:42:44+00:00","og_image":[{"width":750,"height":500,"url":"https:\/\/wp.ull.es\/aenogas\/wp-content\/uploads\/sites\/90\/2024\/09\/Grupo.jpg","type":"image\/jpeg"}],"author":"aenogas","twitter_card":"summary_large_image","twitter_creator":"@enoturismoull","twitter_site":"@enoturismoull","twitter_misc":{"Escrito por":"aenogas","Tiempo de lectura":"3 minutos"},"schema":{"@context":"https:\/\/schema.org","@graph":[{"@type":"Article","@id":"https:\/\/wp.ull.es\/aenogas\/2024\/09\/11\/la-catedra-de-agroturismo-y-enoturismo-de-canarias-clausura-el-curso-de-especialista-en-analisis-sensorial-de-productos-agroalimentarios-de-la-macaronesia\/#article","isPartOf":{"@id":"https:\/\/wp.ull.es\/aenogas\/2024\/09\/11\/la-catedra-de-agroturismo-y-enoturismo-de-canarias-clausura-el-curso-de-especialista-en-analisis-sensorial-de-productos-agroalimentarios-de-la-macaronesia\/"},"author":{"name":"aenogas","@id":"https:\/\/wp.ull.es\/aenogas\/#\/schema\/person\/08dc3be5406aba55875ae5024a8e7426"},"headline":"La C\u00e1tedra de Agroturismo y Enoturismo de Canarias clausura el Curso de Especialista en An\u00e1lisis Sensorial de Productos Agroalimentarios de la Macaronesia","datePublished":"2024-09-11T14:42:44+00:00","mainEntityOfPage":{"@id":"https:\/\/wp.ull.es\/aenogas\/2024\/09\/11\/la-catedra-de-agroturismo-y-enoturismo-de-canarias-clausura-el-curso-de-especialista-en-analisis-sensorial-de-productos-agroalimentarios-de-la-macaronesia\/"},"wordCount":578,"commentCount":0,"publisher":{"@id":"https:\/\/wp.ull.es\/aenogas\/#organization"},"image":{"@id":"https:\/\/wp.ull.es\/aenogas\/2024\/09\/11\/la-catedra-de-agroturismo-y-enoturismo-de-canarias-clausura-el-curso-de-especialista-en-analisis-sensorial-de-productos-agroalimentarios-de-la-macaronesia\/#primaryimage"},"thumbnailUrl":"https:\/\/wp.ull.es\/aenogas\/wp-content\/uploads\/sites\/90\/2024\/09\/Grupo.jpg","keywords":["agroturismoull","macaronesia","universidad de la laguna"],"articleSection":["Blog"],"inLanguage":"es","potentialAction":[{"@type":"CommentAction","name":"Comment","target":["https:\/\/wp.ull.es\/aenogas\/2024\/09\/11\/la-catedra-de-agroturismo-y-enoturismo-de-canarias-clausura-el-curso-de-especialista-en-analisis-sensorial-de-productos-agroalimentarios-de-la-macaronesia\/#respond"]}]},{"@type":"WebPage","@id":"https:\/\/wp.ull.es\/aenogas\/2024\/09\/11\/la-catedra-de-agroturismo-y-enoturismo-de-canarias-clausura-el-curso-de-especialista-en-analisis-sensorial-de-productos-agroalimentarios-de-la-macaronesia\/","url":"https:\/\/wp.ull.es\/aenogas\/2024\/09\/11\/la-catedra-de-agroturismo-y-enoturismo-de-canarias-clausura-el-curso-de-especialista-en-analisis-sensorial-de-productos-agroalimentarios-de-la-macaronesia\/","name":"La C\u00e1tedra de Agroturismo y Enoturismo de Canarias clausura el Curso de Especialista en An\u00e1lisis Sensorial de Productos Agroalimentarios de la Macaronesia - Enoturismo Canarias","isPartOf":{"@id":"https:\/\/wp.ull.es\/aenogas\/#website"},"primaryImageOfPage":{"@id":"https:\/\/wp.ull.es\/aenogas\/2024\/09\/11\/la-catedra-de-agroturismo-y-enoturismo-de-canarias-clausura-el-curso-de-especialista-en-analisis-sensorial-de-productos-agroalimentarios-de-la-macaronesia\/#primaryimage"},"image":{"@id":"https:\/\/wp.ull.es\/aenogas\/2024\/09\/11\/la-catedra-de-agroturismo-y-enoturismo-de-canarias-clausura-el-curso-de-especialista-en-analisis-sensorial-de-productos-agroalimentarios-de-la-macaronesia\/#primaryimage"},"thumbnailUrl":"https:\/\/wp.ull.es\/aenogas\/wp-content\/uploads\/sites\/90\/2024\/09\/Grupo.jpg","datePublished":"2024-09-11T14:42:44+00:00","breadcrumb":{"@id":"https:\/\/wp.ull.es\/aenogas\/2024\/09\/11\/la-catedra-de-agroturismo-y-enoturismo-de-canarias-clausura-el-curso-de-especialista-en-analisis-sensorial-de-productos-agroalimentarios-de-la-macaronesia\/#breadcrumb"},"inLanguage":"es","potentialAction":[{"@type":"ReadAction","target":["https:\/\/wp.ull.es\/aenogas\/2024\/09\/11\/la-catedra-de-agroturismo-y-enoturismo-de-canarias-clausura-el-curso-de-especialista-en-analisis-sensorial-de-productos-agroalimentarios-de-la-macaronesia\/"]}]},{"@type":"ImageObject","inLanguage":"es","@id":"https:\/\/wp.ull.es\/aenogas\/2024\/09\/11\/la-catedra-de-agroturismo-y-enoturismo-de-canarias-clausura-el-curso-de-especialista-en-analisis-sensorial-de-productos-agroalimentarios-de-la-macaronesia\/#primaryimage","url":"https:\/\/wp.ull.es\/aenogas\/wp-content\/uploads\/sites\/90\/2024\/09\/Grupo.jpg","contentUrl":"https:\/\/wp.ull.es\/aenogas\/wp-content\/uploads\/sites\/90\/2024\/09\/Grupo.jpg","width":750,"height":500},{"@type":"BreadcrumbList","@id":"https:\/\/wp.ull.es\/aenogas\/2024\/09\/11\/la-catedra-de-agroturismo-y-enoturismo-de-canarias-clausura-el-curso-de-especialista-en-analisis-sensorial-de-productos-agroalimentarios-de-la-macaronesia\/#breadcrumb","itemListElement":[{"@type":"ListItem","position":1,"name":"Portada","item":"https:\/\/wp.ull.es\/aenogas\/"},{"@type":"ListItem","position":2,"name":"La C\u00e1tedra de Agroturismo y Enoturismo de Canarias clausura el Curso de Especialista en An\u00e1lisis Sensorial de Productos Agroalimentarios de la Macaronesia"}]},{"@type":"WebSite","@id":"https:\/\/wp.ull.es\/aenogas\/#website","url":"https:\/\/wp.ull.es\/aenogas\/","name":"Enoturismo Canarias","description":"C\u00e1tedra de Agroturismo y Enoturismo Instituto de Canario de Calidad Agroalimentaria","publisher":{"@id":"https:\/\/wp.ull.es\/aenogas\/#organization"},"potentialAction":[{"@type":"SearchAction","target":{"@type":"EntryPoint","urlTemplate":"https:\/\/wp.ull.es\/aenogas\/?s={search_term_string}"},"query-input":{"@type":"PropertyValueSpecification","valueRequired":true,"valueName":"search_term_string"}}],"inLanguage":"es"},{"@type":"Organization","@id":"https:\/\/wp.ull.es\/aenogas\/#organization","name":"C\u00e1tedra de Agroturismo y Enoturismo de Canarias del Instituto Canario de Calidad Agroalimentaria y de la Universidad de La Laguna","url":"https:\/\/wp.ull.es\/aenogas\/","logo":{"@type":"ImageObject","inLanguage":"es","@id":"https:\/\/wp.ull.es\/aenogas\/#\/schema\/logo\/image\/","url":"https:\/\/wp.ull.es\/aenogas\/wp-content\/uploads\/sites\/90\/2021\/03\/Logotipo-Catedra.png","contentUrl":"https:\/\/wp.ull.es\/aenogas\/wp-content\/uploads\/sites\/90\/2021\/03\/Logotipo-Catedra.png","width":300,"height":89,"caption":"C\u00e1tedra de Agroturismo y Enoturismo de Canarias del Instituto Canario de Calidad Agroalimentaria y de la Universidad de La Laguna"},"image":{"@id":"https:\/\/wp.ull.es\/aenogas\/#\/schema\/logo\/image\/"},"sameAs":["https:\/\/www.facebook.com\/enoturismoull","https:\/\/x.com\/enoturismoull","https:\/\/www.linkedin.com\/company\/40816665\/admin\/dashboard\/"]},{"@type":"Person","@id":"https:\/\/wp.ull.es\/aenogas\/#\/schema\/person\/08dc3be5406aba55875ae5024a8e7426","name":"aenogas","image":{"@type":"ImageObject","inLanguage":"es","@id":"https:\/\/secure.gravatar.com\/avatar\/957f529db4c10409aeb4798f38d978d31a86852b0557feaaa15ada6691fe502f?s=96&d=mm&r=g","url":"https:\/\/secure.gravatar.com\/avatar\/957f529db4c10409aeb4798f38d978d31a86852b0557feaaa15ada6691fe502f?s=96&d=mm&r=g","contentUrl":"https:\/\/secure.gravatar.com\/avatar\/957f529db4c10409aeb4798f38d978d31a86852b0557feaaa15ada6691fe502f?s=96&d=mm&r=g","caption":"aenogas"},"url":"https:\/\/wp.ull.es\/aenogas\/author\/aenogas\/"}]}},"_links":{"self":[{"href":"https:\/\/wp.ull.es\/aenogas\/wp-json\/wp\/v2\/posts\/6604","targetHints":{"allow":["GET"]}}],"collection":[{"href":"https:\/\/wp.ull.es\/aenogas\/wp-json\/wp\/v2\/posts"}],"about":[{"href":"https:\/\/wp.ull.es\/aenogas\/wp-json\/wp\/v2\/types\/post"}],"author":[{"embeddable":true,"href":"https:\/\/wp.ull.es\/aenogas\/wp-json\/wp\/v2\/users\/227"}],"replies":[{"embeddable":true,"href":"https:\/\/wp.ull.es\/aenogas\/wp-json\/wp\/v2\/comments?post=6604"}],"version-history":[{"count":1,"href":"https:\/\/wp.ull.es\/aenogas\/wp-json\/wp\/v2\/posts\/6604\/revisions"}],"predecessor-version":[{"id":6606,"href":"https:\/\/wp.ull.es\/aenogas\/wp-json\/wp\/v2\/posts\/6604\/revisions\/6606"}],"wp:featuredmedia":[{"embeddable":true,"href":"https:\/\/wp.ull.es\/aenogas\/wp-json\/wp\/v2\/media\/6605"}],"wp:attachment":[{"href":"https:\/\/wp.ull.es\/aenogas\/wp-json\/wp\/v2\/media?parent=6604"}],"wp:term":[{"taxonomy":"category","embeddable":true,"href":"https:\/\/wp.ull.es\/aenogas\/wp-json\/wp\/v2\/categories?post=6604"},{"taxonomy":"post_tag","embeddable":true,"href":"https:\/\/wp.ull.es\/aenogas\/wp-json\/wp\/v2\/tags?post=6604"}],"curies":[{"name":"wp","href":"https:\/\/api.w.org\/{rel}","templated":true}]}}