{"id":4071,"date":"2023-08-07T11:56:45","date_gmt":"2023-08-07T11:56:45","guid":{"rendered":"https:\/\/wp.ull.es\/aenogas\/?p=4071"},"modified":"2023-08-07T11:56:46","modified_gmt":"2023-08-07T11:56:46","slug":"el-cluster-de-enoturismo-fija-con-el-cabildo-de-tenerife-su-estrategia","status":"publish","type":"post","link":"https:\/\/wp.ull.es\/aenogas\/2023\/08\/07\/el-cluster-de-enoturismo-fija-con-el-cabildo-de-tenerife-su-estrategia\/","title":{"rendered":"El Cl\u00faster de Enoturismo fija con el Cabildo de Tenerife su estrategia"},"content":{"rendered":"\n<ul class=\"wp-block-list\">\n<li><strong>Promover la consideraci\u00f3n por los bodegueros de Tenerife del potencial del enoturismo&nbsp;<\/strong><\/li>\n<\/ul>\n\n\n\n<p>La semana pasada, el Cl\u00faster de Enoturismo de Canarias, se reuni\u00f3 con Valent\u00edn Esteban Gonz\u00e1lez \u00c9vora, consejero delegado del Sector Primario y Bienestar Animal del Cabildo de Tenerife, por parte del Cl\u00faster estuvo una representaci\u00f3n de la junta directiva, encabezada por su presidente por Francisco Borja De Mesa Manrique,&nbsp; el vicepresidente Jos\u00e9 Mar\u00eda G\u00f3mez Medina y el gerente Hern\u00e1n Tejera Oval, adem\u00e1s del subdirector de la C\u00e1tedra de Agroturismo y Enoturismo de Canarias del ICCA y de la ULL Gabriel Santos Garc\u00eda, y tambi\u00e9n el jefe del Servicio T\u00e9cnico de Calidad y Valorizaci\u00f3n Agroalimentaria de la instituci\u00f3n insular, Antonio Bentabol Manzanares.&nbsp;<\/p>\n\n\n\n<p>La reuni\u00f3n estuvo marcada por la implicaci\u00f3n del cl\u00faster y el cabildo para potenciar conjuntamente el desarrollo de la actividad enotur\u00edstica en la Isla, a trav\u00e9s de acuerdos de colaboraci\u00f3n, as\u00ed como establecer espacios de trabajo y de contacto permanente entre ambas entidades para consolidar el enoturismo en Tenerife.&nbsp;<\/p>\n\n\n\n<p>El encuentro tambi\u00e9n sirvi\u00f3 para compartir la preocupaci\u00f3n que existe en el sector por el descenso de producci\u00f3n, a causa del abandono de los vi\u00f1edos por falta de relevo generacional al que se le suma los efectos del cambio clim\u00e1tico y las singularidades de nuestros vi\u00f1edos, que arrojan un preocupante incremento del descenso de la ya de por s\u00ed limitada producci\u00f3n de uva en Canarias.&nbsp;<\/p>\n\n\n\n<p>El enoturismo tinerfe\u00f1o, cuenta con los recursos necesarios y en este sentido el Cl\u00faster de Enoturismo de Canarias junto al Cabildo de Tenerife quieren potenciar una estrategia que promueva la consideraci\u00f3n por los bodegueros del potencial del mismo, y en la creaci\u00f3n de productos tur\u00edsticos basados en los productos locales, para contribuir al desarrollo y a la sostenibilidad de las \u00e1reas rurales.&nbsp;<\/p>\n\n\n\n<p>El Cl\u00faster de Enoturismo de Canarias esta compuesto por las bodegas: La Geria, El Grifo, Vega de Yuco, El Lomo, Linaje del Pago, Cooperativa de San Miguel, Bodegas Insulares Tenerife, Los Berrazales, Bentayga, Finca Escudero, La Hubara y la Cooperativa Frontera, situadas en las islas de Lanzarote, Tenerife, Gran Canaria, Fuerteventura y El Hierro&nbsp; junto al intermediador tur\u00edstico EtnoExperience Canarias, la C\u00e1tedra de Agroturismo y Enoturismo de Canarias del Instituto Canario de Calidad Agroalimentaria y de la Universidad de La Laguna y ADP Canarias.<\/p>\n","protected":false},"excerpt":{"rendered":"<p>La semana pasada, el Cl\u00faster de Enoturismo de Canarias, se reuni\u00f3 con Valent\u00edn Esteban Gonz\u00e1lez \u00c9vora, consejero delegado del Sector Primario y Bienestar Animal del Cabildo de Tenerife, por parte del Cl\u00faster estuvo una representaci\u00f3n de la junta directiva, encabezada por su presidente por Francisco Borja De Mesa Manrique,\u00a0 el vicepresidente Jos\u00e9 Mar\u00eda G\u00f3mez Medina y el gerente Hern\u00e1n Tejera Oval, adem\u00e1s del subdirector de la C\u00e1tedra de Agroturismo y Enoturismo de Canarias del ICCA y de la ULL Gabriel Santos Garc\u00eda, y tambi\u00e9n el jefe del Servicio T\u00e9cnico de Calidad y Valorizaci\u00f3n Agroalimentaria de la instituci\u00f3n insular, Antonio Bentabol Manzanares.\u00a0<\/p>\n<div class=\"read-more\"><a href=\"https:\/\/wp.ull.es\/aenogas\/2023\/08\/07\/el-cluster-de-enoturismo-fija-con-el-cabildo-de-tenerife-su-estrategia\/\">Leer m\u00e1s \u203a<\/a><\/div>\n<p><!-- end of .read-more --><\/p>\n","protected":false},"author":227,"featured_media":4072,"comment_status":"open","ping_status":"open","sticky":false,"template":"","format":"standard","meta":{"footnotes":""},"categories":[11,1],"tags":[10,7,6,5],"class_list":["post-4071","post","type-post","status-publish","format-standard","has-post-thumbnail","hentry","category-blog","category-sin-categoria","tag-cluster-de-enoturismo","tag-enoturismo","tag-universidad-de-la-laguna","tag-wineull"],"yoast_head":"<!-- This site is optimized with the Yoast SEO plugin v27.5 - https:\/\/yoast.com\/product\/yoast-seo-wordpress\/ -->\n<title>El Cl\u00faster de Enoturismo fija con el Cabildo de Tenerife su estrategia - Enoturismo Canarias<\/title>\n<meta name=\"robots\" content=\"index, follow, max-snippet:-1, max-image-preview:large, max-video-preview:-1\" \/>\n<link rel=\"canonical\" href=\"https:\/\/wp.ull.es\/aenogas\/2023\/08\/07\/el-cluster-de-enoturismo-fija-con-el-cabildo-de-tenerife-su-estrategia\/\" \/>\n<meta property=\"og:locale\" content=\"es_ES\" \/>\n<meta property=\"og:type\" content=\"article\" \/>\n<meta property=\"og:title\" content=\"El Cl\u00faster de Enoturismo fija con el Cabildo de Tenerife su estrategia - Enoturismo Canarias\" \/>\n<meta property=\"og:description\" content=\"La semana pasada, el Cl\u00faster de Enoturismo de Canarias, se reuni\u00f3 con Valent\u00edn Esteban Gonz\u00e1lez \u00c9vora, consejero delegado del Sector Primario y Bienestar Animal del Cabildo de Tenerife, por parte del Cl\u00faster estuvo una representaci\u00f3n de la junta directiva, encabezada por su presidente por Francisco Borja De Mesa Manrique,\u00a0 el vicepresidente Jos\u00e9 Mar\u00eda G\u00f3mez Medina y el gerente Hern\u00e1n Tejera Oval, adem\u00e1s del subdirector de la C\u00e1tedra de Agroturismo y Enoturismo de Canarias del ICCA y de la ULL Gabriel Santos Garc\u00eda, y tambi\u00e9n el jefe del Servicio T\u00e9cnico de Calidad y Valorizaci\u00f3n Agroalimentaria de la instituci\u00f3n insular, Antonio Bentabol Manzanares.\u00a0Leer m\u00e1s \u203a\" \/>\n<meta property=\"og:url\" content=\"https:\/\/wp.ull.es\/aenogas\/2023\/08\/07\/el-cluster-de-enoturismo-fija-con-el-cabildo-de-tenerife-su-estrategia\/\" \/>\n<meta property=\"og:site_name\" content=\"Enoturismo Canarias\" \/>\n<meta property=\"article:publisher\" content=\"https:\/\/www.facebook.com\/enoturismoull\" \/>\n<meta property=\"article:published_time\" content=\"2023-08-07T11:56:45+00:00\" \/>\n<meta property=\"article:modified_time\" content=\"2023-08-07T11:56:46+00:00\" \/>\n<meta property=\"og:image\" content=\"https:\/\/wp.ull.es\/aenogas\/wp-content\/uploads\/sites\/90\/2023\/08\/Imagen-de-WhatsApp-2023-08-04-a-las-17.57.49.jpg\" \/>\n\t<meta property=\"og:image:width\" content=\"1600\" \/>\n\t<meta property=\"og:image:height\" content=\"901\" \/>\n\t<meta property=\"og:image:type\" content=\"image\/jpeg\" \/>\n<meta name=\"author\" content=\"aenogas\" \/>\n<meta name=\"twitter:card\" content=\"summary_large_image\" \/>\n<meta name=\"twitter:creator\" content=\"@enoturismoull\" \/>\n<meta name=\"twitter:site\" content=\"@enoturismoull\" \/>\n<meta name=\"twitter:label1\" content=\"Escrito por\" \/>\n\t<meta name=\"twitter:data1\" content=\"aenogas\" \/>\n\t<meta name=\"twitter:label2\" content=\"Tiempo de lectura\" \/>\n\t<meta name=\"twitter:data2\" content=\"2 minutos\" \/>\n<script type=\"application\/ld+json\" class=\"yoast-schema-graph\">{\"@context\":\"https:\\\/\\\/schema.org\",\"@graph\":[{\"@type\":\"Article\",\"@id\":\"https:\\\/\\\/wp.ull.es\\\/aenogas\\\/2023\\\/08\\\/07\\\/el-cluster-de-enoturismo-fija-con-el-cabildo-de-tenerife-su-estrategia\\\/#article\",\"isPartOf\":{\"@id\":\"https:\\\/\\\/wp.ull.es\\\/aenogas\\\/2023\\\/08\\\/07\\\/el-cluster-de-enoturismo-fija-con-el-cabildo-de-tenerife-su-estrategia\\\/\"},\"author\":{\"name\":\"aenogas\",\"@id\":\"https:\\\/\\\/wp.ull.es\\\/aenogas\\\/#\\\/schema\\\/person\\\/08dc3be5406aba55875ae5024a8e7426\"},\"headline\":\"El Cl\u00faster de Enoturismo fija con el Cabildo de Tenerife su estrategia\",\"datePublished\":\"2023-08-07T11:56:45+00:00\",\"dateModified\":\"2023-08-07T11:56:46+00:00\",\"mainEntityOfPage\":{\"@id\":\"https:\\\/\\\/wp.ull.es\\\/aenogas\\\/2023\\\/08\\\/07\\\/el-cluster-de-enoturismo-fija-con-el-cabildo-de-tenerife-su-estrategia\\\/\"},\"wordCount\":430,\"commentCount\":0,\"publisher\":{\"@id\":\"https:\\\/\\\/wp.ull.es\\\/aenogas\\\/#organization\"},\"image\":{\"@id\":\"https:\\\/\\\/wp.ull.es\\\/aenogas\\\/2023\\\/08\\\/07\\\/el-cluster-de-enoturismo-fija-con-el-cabildo-de-tenerife-su-estrategia\\\/#primaryimage\"},\"thumbnailUrl\":\"https:\\\/\\\/wp.ull.es\\\/aenogas\\\/wp-content\\\/uploads\\\/sites\\\/90\\\/2023\\\/08\\\/Imagen-de-WhatsApp-2023-08-04-a-las-17.57.49.jpg\",\"keywords\":[\"Cl\u00faster de Enoturismo\",\"enoturismo\",\"universidad de la laguna\",\"wineull\"],\"articleSection\":[\"Blog\"],\"inLanguage\":\"es\",\"potentialAction\":[{\"@type\":\"CommentAction\",\"name\":\"Comment\",\"target\":[\"https:\\\/\\\/wp.ull.es\\\/aenogas\\\/2023\\\/08\\\/07\\\/el-cluster-de-enoturismo-fija-con-el-cabildo-de-tenerife-su-estrategia\\\/#respond\"]}]},{\"@type\":\"WebPage\",\"@id\":\"https:\\\/\\\/wp.ull.es\\\/aenogas\\\/2023\\\/08\\\/07\\\/el-cluster-de-enoturismo-fija-con-el-cabildo-de-tenerife-su-estrategia\\\/\",\"url\":\"https:\\\/\\\/wp.ull.es\\\/aenogas\\\/2023\\\/08\\\/07\\\/el-cluster-de-enoturismo-fija-con-el-cabildo-de-tenerife-su-estrategia\\\/\",\"name\":\"El Cl\u00faster de Enoturismo fija con el Cabildo de Tenerife su estrategia - Enoturismo Canarias\",\"isPartOf\":{\"@id\":\"https:\\\/\\\/wp.ull.es\\\/aenogas\\\/#website\"},\"primaryImageOfPage\":{\"@id\":\"https:\\\/\\\/wp.ull.es\\\/aenogas\\\/2023\\\/08\\\/07\\\/el-cluster-de-enoturismo-fija-con-el-cabildo-de-tenerife-su-estrategia\\\/#primaryimage\"},\"image\":{\"@id\":\"https:\\\/\\\/wp.ull.es\\\/aenogas\\\/2023\\\/08\\\/07\\\/el-cluster-de-enoturismo-fija-con-el-cabildo-de-tenerife-su-estrategia\\\/#primaryimage\"},\"thumbnailUrl\":\"https:\\\/\\\/wp.ull.es\\\/aenogas\\\/wp-content\\\/uploads\\\/sites\\\/90\\\/2023\\\/08\\\/Imagen-de-WhatsApp-2023-08-04-a-las-17.57.49.jpg\",\"datePublished\":\"2023-08-07T11:56:45+00:00\",\"dateModified\":\"2023-08-07T11:56:46+00:00\",\"breadcrumb\":{\"@id\":\"https:\\\/\\\/wp.ull.es\\\/aenogas\\\/2023\\\/08\\\/07\\\/el-cluster-de-enoturismo-fija-con-el-cabildo-de-tenerife-su-estrategia\\\/#breadcrumb\"},\"inLanguage\":\"es\",\"potentialAction\":[{\"@type\":\"ReadAction\",\"target\":[\"https:\\\/\\\/wp.ull.es\\\/aenogas\\\/2023\\\/08\\\/07\\\/el-cluster-de-enoturismo-fija-con-el-cabildo-de-tenerife-su-estrategia\\\/\"]}]},{\"@type\":\"ImageObject\",\"inLanguage\":\"es\",\"@id\":\"https:\\\/\\\/wp.ull.es\\\/aenogas\\\/2023\\\/08\\\/07\\\/el-cluster-de-enoturismo-fija-con-el-cabildo-de-tenerife-su-estrategia\\\/#primaryimage\",\"url\":\"https:\\\/\\\/wp.ull.es\\\/aenogas\\\/wp-content\\\/uploads\\\/sites\\\/90\\\/2023\\\/08\\\/Imagen-de-WhatsApp-2023-08-04-a-las-17.57.49.jpg\",\"contentUrl\":\"https:\\\/\\\/wp.ull.es\\\/aenogas\\\/wp-content\\\/uploads\\\/sites\\\/90\\\/2023\\\/08\\\/Imagen-de-WhatsApp-2023-08-04-a-las-17.57.49.jpg\",\"width\":1600,\"height\":901},{\"@type\":\"BreadcrumbList\",\"@id\":\"https:\\\/\\\/wp.ull.es\\\/aenogas\\\/2023\\\/08\\\/07\\\/el-cluster-de-enoturismo-fija-con-el-cabildo-de-tenerife-su-estrategia\\\/#breadcrumb\",\"itemListElement\":[{\"@type\":\"ListItem\",\"position\":1,\"name\":\"Portada\",\"item\":\"https:\\\/\\\/wp.ull.es\\\/aenogas\\\/\"},{\"@type\":\"ListItem\",\"position\":2,\"name\":\"El Cl\u00faster de Enoturismo fija con el Cabildo de Tenerife su estrategia\"}]},{\"@type\":\"WebSite\",\"@id\":\"https:\\\/\\\/wp.ull.es\\\/aenogas\\\/#website\",\"url\":\"https:\\\/\\\/wp.ull.es\\\/aenogas\\\/\",\"name\":\"Enoturismo Canarias\",\"description\":\"C\u00e1tedra de Agroturismo y Enoturismo Instituto de Canario de Calidad Agroalimentaria\",\"publisher\":{\"@id\":\"https:\\\/\\\/wp.ull.es\\\/aenogas\\\/#organization\"},\"potentialAction\":[{\"@type\":\"SearchAction\",\"target\":{\"@type\":\"EntryPoint\",\"urlTemplate\":\"https:\\\/\\\/wp.ull.es\\\/aenogas\\\/?s={search_term_string}\"},\"query-input\":{\"@type\":\"PropertyValueSpecification\",\"valueRequired\":true,\"valueName\":\"search_term_string\"}}],\"inLanguage\":\"es\"},{\"@type\":\"Organization\",\"@id\":\"https:\\\/\\\/wp.ull.es\\\/aenogas\\\/#organization\",\"name\":\"C\u00e1tedra de Agroturismo y Enoturismo de Canarias del Instituto Canario de Calidad Agroalimentaria y de la Universidad de La Laguna\",\"url\":\"https:\\\/\\\/wp.ull.es\\\/aenogas\\\/\",\"logo\":{\"@type\":\"ImageObject\",\"inLanguage\":\"es\",\"@id\":\"https:\\\/\\\/wp.ull.es\\\/aenogas\\\/#\\\/schema\\\/logo\\\/image\\\/\",\"url\":\"https:\\\/\\\/wp.ull.es\\\/aenogas\\\/wp-content\\\/uploads\\\/sites\\\/90\\\/2021\\\/03\\\/Logotipo-Catedra.png\",\"contentUrl\":\"https:\\\/\\\/wp.ull.es\\\/aenogas\\\/wp-content\\\/uploads\\\/sites\\\/90\\\/2021\\\/03\\\/Logotipo-Catedra.png\",\"width\":300,\"height\":89,\"caption\":\"C\u00e1tedra de Agroturismo y Enoturismo de Canarias del Instituto Canario de Calidad Agroalimentaria y de la Universidad de La Laguna\"},\"image\":{\"@id\":\"https:\\\/\\\/wp.ull.es\\\/aenogas\\\/#\\\/schema\\\/logo\\\/image\\\/\"},\"sameAs\":[\"https:\\\/\\\/www.facebook.com\\\/enoturismoull\",\"https:\\\/\\\/x.com\\\/enoturismoull\",\"https:\\\/\\\/www.linkedin.com\\\/company\\\/40816665\\\/admin\\\/dashboard\\\/\"]},{\"@type\":\"Person\",\"@id\":\"https:\\\/\\\/wp.ull.es\\\/aenogas\\\/#\\\/schema\\\/person\\\/08dc3be5406aba55875ae5024a8e7426\",\"name\":\"aenogas\",\"image\":{\"@type\":\"ImageObject\",\"inLanguage\":\"es\",\"@id\":\"https:\\\/\\\/secure.gravatar.com\\\/avatar\\\/957f529db4c10409aeb4798f38d978d31a86852b0557feaaa15ada6691fe502f?s=96&d=mm&r=g\",\"url\":\"https:\\\/\\\/secure.gravatar.com\\\/avatar\\\/957f529db4c10409aeb4798f38d978d31a86852b0557feaaa15ada6691fe502f?s=96&d=mm&r=g\",\"contentUrl\":\"https:\\\/\\\/secure.gravatar.com\\\/avatar\\\/957f529db4c10409aeb4798f38d978d31a86852b0557feaaa15ada6691fe502f?s=96&d=mm&r=g\",\"caption\":\"aenogas\"},\"url\":\"https:\\\/\\\/wp.ull.es\\\/aenogas\\\/author\\\/aenogas\\\/\"}]}<\/script>\n<!-- \/ Yoast SEO plugin. -->","yoast_head_json":{"title":"El Cl\u00faster de Enoturismo fija con el Cabildo de Tenerife su estrategia - Enoturismo Canarias","robots":{"index":"index","follow":"follow","max-snippet":"max-snippet:-1","max-image-preview":"max-image-preview:large","max-video-preview":"max-video-preview:-1"},"canonical":"https:\/\/wp.ull.es\/aenogas\/2023\/08\/07\/el-cluster-de-enoturismo-fija-con-el-cabildo-de-tenerife-su-estrategia\/","og_locale":"es_ES","og_type":"article","og_title":"El Cl\u00faster de Enoturismo fija con el Cabildo de Tenerife su estrategia - Enoturismo Canarias","og_description":"La semana pasada, el Cl\u00faster de Enoturismo de Canarias, se reuni\u00f3 con Valent\u00edn Esteban Gonz\u00e1lez \u00c9vora, consejero delegado del Sector Primario y Bienestar Animal del Cabildo de Tenerife, por parte del Cl\u00faster estuvo una representaci\u00f3n de la junta directiva, encabezada por su presidente por Francisco Borja De Mesa Manrique,\u00a0 el vicepresidente Jos\u00e9 Mar\u00eda G\u00f3mez Medina y el gerente Hern\u00e1n Tejera Oval, adem\u00e1s del subdirector de la C\u00e1tedra de Agroturismo y Enoturismo de Canarias del ICCA y de la ULL Gabriel Santos Garc\u00eda, y tambi\u00e9n el jefe del Servicio T\u00e9cnico de Calidad y Valorizaci\u00f3n Agroalimentaria de la instituci\u00f3n insular, Antonio Bentabol Manzanares.\u00a0Leer m\u00e1s \u203a","og_url":"https:\/\/wp.ull.es\/aenogas\/2023\/08\/07\/el-cluster-de-enoturismo-fija-con-el-cabildo-de-tenerife-su-estrategia\/","og_site_name":"Enoturismo Canarias","article_publisher":"https:\/\/www.facebook.com\/enoturismoull","article_published_time":"2023-08-07T11:56:45+00:00","article_modified_time":"2023-08-07T11:56:46+00:00","og_image":[{"width":1600,"height":901,"url":"https:\/\/wp.ull.es\/aenogas\/wp-content\/uploads\/sites\/90\/2023\/08\/Imagen-de-WhatsApp-2023-08-04-a-las-17.57.49.jpg","type":"image\/jpeg"}],"author":"aenogas","twitter_card":"summary_large_image","twitter_creator":"@enoturismoull","twitter_site":"@enoturismoull","twitter_misc":{"Escrito por":"aenogas","Tiempo de lectura":"2 minutos"},"schema":{"@context":"https:\/\/schema.org","@graph":[{"@type":"Article","@id":"https:\/\/wp.ull.es\/aenogas\/2023\/08\/07\/el-cluster-de-enoturismo-fija-con-el-cabildo-de-tenerife-su-estrategia\/#article","isPartOf":{"@id":"https:\/\/wp.ull.es\/aenogas\/2023\/08\/07\/el-cluster-de-enoturismo-fija-con-el-cabildo-de-tenerife-su-estrategia\/"},"author":{"name":"aenogas","@id":"https:\/\/wp.ull.es\/aenogas\/#\/schema\/person\/08dc3be5406aba55875ae5024a8e7426"},"headline":"El Cl\u00faster de Enoturismo fija con el Cabildo de Tenerife su estrategia","datePublished":"2023-08-07T11:56:45+00:00","dateModified":"2023-08-07T11:56:46+00:00","mainEntityOfPage":{"@id":"https:\/\/wp.ull.es\/aenogas\/2023\/08\/07\/el-cluster-de-enoturismo-fija-con-el-cabildo-de-tenerife-su-estrategia\/"},"wordCount":430,"commentCount":0,"publisher":{"@id":"https:\/\/wp.ull.es\/aenogas\/#organization"},"image":{"@id":"https:\/\/wp.ull.es\/aenogas\/2023\/08\/07\/el-cluster-de-enoturismo-fija-con-el-cabildo-de-tenerife-su-estrategia\/#primaryimage"},"thumbnailUrl":"https:\/\/wp.ull.es\/aenogas\/wp-content\/uploads\/sites\/90\/2023\/08\/Imagen-de-WhatsApp-2023-08-04-a-las-17.57.49.jpg","keywords":["Cl\u00faster de Enoturismo","enoturismo","universidad de la laguna","wineull"],"articleSection":["Blog"],"inLanguage":"es","potentialAction":[{"@type":"CommentAction","name":"Comment","target":["https:\/\/wp.ull.es\/aenogas\/2023\/08\/07\/el-cluster-de-enoturismo-fija-con-el-cabildo-de-tenerife-su-estrategia\/#respond"]}]},{"@type":"WebPage","@id":"https:\/\/wp.ull.es\/aenogas\/2023\/08\/07\/el-cluster-de-enoturismo-fija-con-el-cabildo-de-tenerife-su-estrategia\/","url":"https:\/\/wp.ull.es\/aenogas\/2023\/08\/07\/el-cluster-de-enoturismo-fija-con-el-cabildo-de-tenerife-su-estrategia\/","name":"El Cl\u00faster de Enoturismo fija con el Cabildo de Tenerife su estrategia - Enoturismo Canarias","isPartOf":{"@id":"https:\/\/wp.ull.es\/aenogas\/#website"},"primaryImageOfPage":{"@id":"https:\/\/wp.ull.es\/aenogas\/2023\/08\/07\/el-cluster-de-enoturismo-fija-con-el-cabildo-de-tenerife-su-estrategia\/#primaryimage"},"image":{"@id":"https:\/\/wp.ull.es\/aenogas\/2023\/08\/07\/el-cluster-de-enoturismo-fija-con-el-cabildo-de-tenerife-su-estrategia\/#primaryimage"},"thumbnailUrl":"https:\/\/wp.ull.es\/aenogas\/wp-content\/uploads\/sites\/90\/2023\/08\/Imagen-de-WhatsApp-2023-08-04-a-las-17.57.49.jpg","datePublished":"2023-08-07T11:56:45+00:00","dateModified":"2023-08-07T11:56:46+00:00","breadcrumb":{"@id":"https:\/\/wp.ull.es\/aenogas\/2023\/08\/07\/el-cluster-de-enoturismo-fija-con-el-cabildo-de-tenerife-su-estrategia\/#breadcrumb"},"inLanguage":"es","potentialAction":[{"@type":"ReadAction","target":["https:\/\/wp.ull.es\/aenogas\/2023\/08\/07\/el-cluster-de-enoturismo-fija-con-el-cabildo-de-tenerife-su-estrategia\/"]}]},{"@type":"ImageObject","inLanguage":"es","@id":"https:\/\/wp.ull.es\/aenogas\/2023\/08\/07\/el-cluster-de-enoturismo-fija-con-el-cabildo-de-tenerife-su-estrategia\/#primaryimage","url":"https:\/\/wp.ull.es\/aenogas\/wp-content\/uploads\/sites\/90\/2023\/08\/Imagen-de-WhatsApp-2023-08-04-a-las-17.57.49.jpg","contentUrl":"https:\/\/wp.ull.es\/aenogas\/wp-content\/uploads\/sites\/90\/2023\/08\/Imagen-de-WhatsApp-2023-08-04-a-las-17.57.49.jpg","width":1600,"height":901},{"@type":"BreadcrumbList","@id":"https:\/\/wp.ull.es\/aenogas\/2023\/08\/07\/el-cluster-de-enoturismo-fija-con-el-cabildo-de-tenerife-su-estrategia\/#breadcrumb","itemListElement":[{"@type":"ListItem","position":1,"name":"Portada","item":"https:\/\/wp.ull.es\/aenogas\/"},{"@type":"ListItem","position":2,"name":"El Cl\u00faster de Enoturismo fija con el Cabildo de Tenerife su estrategia"}]},{"@type":"WebSite","@id":"https:\/\/wp.ull.es\/aenogas\/#website","url":"https:\/\/wp.ull.es\/aenogas\/","name":"Enoturismo Canarias","description":"C\u00e1tedra de Agroturismo y Enoturismo Instituto de Canario de Calidad Agroalimentaria","publisher":{"@id":"https:\/\/wp.ull.es\/aenogas\/#organization"},"potentialAction":[{"@type":"SearchAction","target":{"@type":"EntryPoint","urlTemplate":"https:\/\/wp.ull.es\/aenogas\/?s={search_term_string}"},"query-input":{"@type":"PropertyValueSpecification","valueRequired":true,"valueName":"search_term_string"}}],"inLanguage":"es"},{"@type":"Organization","@id":"https:\/\/wp.ull.es\/aenogas\/#organization","name":"C\u00e1tedra de Agroturismo y Enoturismo de Canarias del Instituto Canario de Calidad Agroalimentaria y de la Universidad de La Laguna","url":"https:\/\/wp.ull.es\/aenogas\/","logo":{"@type":"ImageObject","inLanguage":"es","@id":"https:\/\/wp.ull.es\/aenogas\/#\/schema\/logo\/image\/","url":"https:\/\/wp.ull.es\/aenogas\/wp-content\/uploads\/sites\/90\/2021\/03\/Logotipo-Catedra.png","contentUrl":"https:\/\/wp.ull.es\/aenogas\/wp-content\/uploads\/sites\/90\/2021\/03\/Logotipo-Catedra.png","width":300,"height":89,"caption":"C\u00e1tedra de Agroturismo y Enoturismo de Canarias del Instituto Canario de Calidad Agroalimentaria y de la Universidad de La Laguna"},"image":{"@id":"https:\/\/wp.ull.es\/aenogas\/#\/schema\/logo\/image\/"},"sameAs":["https:\/\/www.facebook.com\/enoturismoull","https:\/\/x.com\/enoturismoull","https:\/\/www.linkedin.com\/company\/40816665\/admin\/dashboard\/"]},{"@type":"Person","@id":"https:\/\/wp.ull.es\/aenogas\/#\/schema\/person\/08dc3be5406aba55875ae5024a8e7426","name":"aenogas","image":{"@type":"ImageObject","inLanguage":"es","@id":"https:\/\/secure.gravatar.com\/avatar\/957f529db4c10409aeb4798f38d978d31a86852b0557feaaa15ada6691fe502f?s=96&d=mm&r=g","url":"https:\/\/secure.gravatar.com\/avatar\/957f529db4c10409aeb4798f38d978d31a86852b0557feaaa15ada6691fe502f?s=96&d=mm&r=g","contentUrl":"https:\/\/secure.gravatar.com\/avatar\/957f529db4c10409aeb4798f38d978d31a86852b0557feaaa15ada6691fe502f?s=96&d=mm&r=g","caption":"aenogas"},"url":"https:\/\/wp.ull.es\/aenogas\/author\/aenogas\/"}]}},"_links":{"self":[{"href":"https:\/\/wp.ull.es\/aenogas\/wp-json\/wp\/v2\/posts\/4071","targetHints":{"allow":["GET"]}}],"collection":[{"href":"https:\/\/wp.ull.es\/aenogas\/wp-json\/wp\/v2\/posts"}],"about":[{"href":"https:\/\/wp.ull.es\/aenogas\/wp-json\/wp\/v2\/types\/post"}],"author":[{"embeddable":true,"href":"https:\/\/wp.ull.es\/aenogas\/wp-json\/wp\/v2\/users\/227"}],"replies":[{"embeddable":true,"href":"https:\/\/wp.ull.es\/aenogas\/wp-json\/wp\/v2\/comments?post=4071"}],"version-history":[{"count":2,"href":"https:\/\/wp.ull.es\/aenogas\/wp-json\/wp\/v2\/posts\/4071\/revisions"}],"predecessor-version":[{"id":4074,"href":"https:\/\/wp.ull.es\/aenogas\/wp-json\/wp\/v2\/posts\/4071\/revisions\/4074"}],"wp:featuredmedia":[{"embeddable":true,"href":"https:\/\/wp.ull.es\/aenogas\/wp-json\/wp\/v2\/media\/4072"}],"wp:attachment":[{"href":"https:\/\/wp.ull.es\/aenogas\/wp-json\/wp\/v2\/media?parent=4071"}],"wp:term":[{"taxonomy":"category","embeddable":true,"href":"https:\/\/wp.ull.es\/aenogas\/wp-json\/wp\/v2\/categories?post=4071"},{"taxonomy":"post_tag","embeddable":true,"href":"https:\/\/wp.ull.es\/aenogas\/wp-json\/wp\/v2\/tags?post=4071"}],"curies":[{"name":"wp","href":"https:\/\/api.w.org\/{rel}","templated":true}]}}