{"id":3931,"date":"2023-06-30T12:26:13","date_gmt":"2023-06-30T12:26:13","guid":{"rendered":"https:\/\/wp.ull.es\/aenogas\/?p=3931"},"modified":"2023-06-30T12:26:14","modified_gmt":"2023-06-30T12:26:14","slug":"la-universidad-de-la-laguna-anuncia-los-galardonados-con-los-premios-enogastroturismo-en-su-decima-edicion","status":"publish","type":"post","link":"https:\/\/wp.ull.es\/aenogas\/2023\/06\/30\/la-universidad-de-la-laguna-anuncia-los-galardonados-con-los-premios-enogastroturismo-en-su-decima-edicion\/","title":{"rendered":"La Universidad de La Laguna anuncia los galardonados con los Premios Enogastroturismo en su d\u00e9cima edici\u00f3n"},"content":{"rendered":"\n<p>Un a\u00f1o m\u00e1s, la Universidad de La Laguna, a trav\u00e9s de su C\u00e1tedra de Agroturismo y Enoturismo de Canarias, que cuenta con el patrocinio del Instituto Canario de Calidad Agroalimentaria, ha comunicado los Premios Enogastroturismo 2023, destinados a galardonar aspectos como la iniciativa, la originalidad y las buenas pr\u00e1cticas en vitivinicultura, enoturismo y turismo gastron\u00f3mico, ya sea de forma individual o colectiva, que supongan la promoci\u00f3n y difusi\u00f3n de los recursos y productos locales para su valorizaci\u00f3n y buen uso.<\/p>\n\n\n\n<p>El Rector de la Universidad de La Laguna, Francisco Rodr\u00edguez Garc\u00eda, ha comunicado la concesi\u00f3n de estos premios a los galardonados, que en esta d\u00e9cima edici\u00f3n han reca\u00eddo en el programa Saborea La Palma, el festival lanzarote\u00f1o Sonidos L\u00edquidos y Mar\u00eda Paz Gil D\u00edaz, gerente del Consejo Regulador de la Denominaci\u00f3n de Origen Protegida de Vinos Tacoronte &#8211; Acentejo.&nbsp;<\/p>\n\n\n\n<p>El jurado de la d\u00e9cima edici\u00f3n ha concedido en la categor\u00eda de iniciativa empresarial al programa Saborea La Palma que lidera la empresa p\u00fablica dependiente del cabildo insular, Sociedad de Promoci\u00f3n Econ\u00f3mica de La Palma; en la categor\u00eda de promoci\u00f3n del enogastroturismo al Festival Enogastron\u00f3mico y M\u00fasica Sonidos L\u00edquidos que se celebra en el escenario lanzatote\u00f1o de La Geria; en la categor\u00eda que lleva el nombre del en\u00f3logo Rafael Armas Ben\u00edtez este a\u00f1o se ha galardonado la labor de Mar\u00eda Paz Gil D\u00edaz, gerente del Consejo de Regulador de la Denominaci\u00f3n de Origen Protegida de Vinos Tacoronte \u2013 Acentejo. Asimismo, los miembros del jurado conformado por reconocidos profesionales con amplia trayectoria en el \u00e1mbito de la vitivinicultura, enolog\u00eda, gastronom\u00eda, turismo, medios de comunicaci\u00f3n especializados y acad\u00e9mico han tenido a bien conceder un acc\u00e9sit al Profesor Antonio Manuel Mac\u00edas Hern\u00e1ndez, Catedr\u00e1tico del \u00c1rea de Historia e Instituciones Econ\u00f3micas de la Universidad de La Laguna.&nbsp;<\/p>\n\n\n\n<p>Los premios ser\u00e1n entregados en un acto que se celebrar\u00e1 el pr\u00f3ximo mes de noviembre en la Isla de La Palma, y los galardonados pasar\u00e1n a la n\u00f3mina de reconocidos por la Universidad de La Laguna, en la que se encuentran las Bodegas Monje, Los Berrazales, Sociedad Cooperativa Frontera, Linaje del Pago, El Cercado y El Grifo,&nbsp; el Mercadillo del Agricultor y el Artesano de la Villa de Tegueste, el proyecto \u201cSensaciones\u201d de Granadilla de Abona, la empresa Canary Taste, el restaurante de la Casa del Vino de Tenerife, el programa de televisi\u00f3n Canarios de Campo y Mar, la Asociaci\u00f3n de Cosecheros de \u201cLa Papa Bonita\u201d, los desaparecidos F\u00e9lix Rodr\u00edguez Rodr\u00edguez y Cayo Armas Ben\u00edtez, el chef Juan Carlos Clemente, la viticultora y bodeguera Patricia Perdomo Hern\u00e1ndez, la t\u00e9cnica Trinidad Fumero Garc\u00eda, los en\u00f3logos Juan Jes\u00fas M\u00e9ndez Siverio, Arsenio G\u00f3mez Gonz\u00e1lez,&nbsp; Manuel Rodr\u00edguez Jim\u00e9nez, la caboverdiana Carla Garc\u00eda Teixeira y la especialista en elaiotecnia Tanaira Rodr\u00edguez D\u00edaz.<\/p>\n","protected":false},"excerpt":{"rendered":"<p>El Rector de la Universidad de La Laguna, Francisco Rodr\u00edguez Garc\u00eda, ha comunicado la concesi\u00f3n de estos premios a los galardonados, que en esta d\u00e9cima edici\u00f3n han reca\u00eddo en el programa Saborea La Palma, el festival lanzarote\u00f1o Sonidos L\u00edquidos y Mar\u00eda Paz Gil D\u00edaz, gerente del Consejo Regulador de la Denominaci\u00f3n de Origen Protegida de Vinos Tacoronte &#8211; Acentejo.\u00a0<\/p>\n<div class=\"read-more\"><a href=\"https:\/\/wp.ull.es\/aenogas\/2023\/06\/30\/la-universidad-de-la-laguna-anuncia-los-galardonados-con-los-premios-enogastroturismo-en-su-decima-edicion\/\">Leer m\u00e1s \u203a<\/a><\/div>\n<p><!-- end of .read-more --><\/p>\n","protected":false},"author":227,"featured_media":3933,"comment_status":"open","ping_status":"open","sticky":false,"template":"","format":"standard","meta":{"footnotes":""},"categories":[11,1],"tags":[7,8,6,5],"class_list":["post-3931","post","type-post","status-publish","format-standard","has-post-thumbnail","hentry","category-blog","category-sin-categoria","tag-enoturismo","tag-premios","tag-universidad-de-la-laguna","tag-wineull"],"yoast_head":"<!-- This site is optimized with the Yoast SEO plugin v27.4 - https:\/\/yoast.com\/product\/yoast-seo-wordpress\/ -->\n<title>La Universidad de La Laguna anuncia los galardonados con los Premios Enogastroturismo en su d\u00e9cima edici\u00f3n - Enoturismo Canarias<\/title>\n<meta name=\"robots\" content=\"index, follow, max-snippet:-1, max-image-preview:large, max-video-preview:-1\" \/>\n<link rel=\"canonical\" href=\"https:\/\/wp.ull.es\/aenogas\/2023\/06\/30\/la-universidad-de-la-laguna-anuncia-los-galardonados-con-los-premios-enogastroturismo-en-su-decima-edicion\/\" \/>\n<meta property=\"og:locale\" content=\"es_ES\" \/>\n<meta property=\"og:type\" content=\"article\" \/>\n<meta property=\"og:title\" content=\"La Universidad de La Laguna anuncia los galardonados con los Premios Enogastroturismo en su d\u00e9cima edici\u00f3n - Enoturismo Canarias\" \/>\n<meta property=\"og:description\" content=\"El Rector de la Universidad de La Laguna, Francisco Rodr\u00edguez Garc\u00eda, ha comunicado la concesi\u00f3n de estos premios a los galardonados, que en esta d\u00e9cima edici\u00f3n han reca\u00eddo en el programa Saborea La Palma, el festival lanzarote\u00f1o Sonidos L\u00edquidos y Mar\u00eda Paz Gil D\u00edaz, gerente del Consejo Regulador de la Denominaci\u00f3n de Origen Protegida de Vinos Tacoronte - Acentejo.\u00a0Leer m\u00e1s \u203a\" \/>\n<meta property=\"og:url\" content=\"https:\/\/wp.ull.es\/aenogas\/2023\/06\/30\/la-universidad-de-la-laguna-anuncia-los-galardonados-con-los-premios-enogastroturismo-en-su-decima-edicion\/\" \/>\n<meta property=\"og:site_name\" content=\"Enoturismo Canarias\" \/>\n<meta property=\"article:publisher\" content=\"https:\/\/www.facebook.com\/enoturismoull\" \/>\n<meta property=\"article:published_time\" content=\"2023-06-30T12:26:13+00:00\" \/>\n<meta property=\"article:modified_time\" content=\"2023-06-30T12:26:14+00:00\" \/>\n<meta property=\"og:image\" content=\"https:\/\/wp.ull.es\/aenogas\/wp-content\/uploads\/sites\/90\/2023\/06\/Diseno-sin-titulo.jpg\" \/>\n\t<meta property=\"og:image:width\" content=\"1600\" \/>\n\t<meta property=\"og:image:height\" content=\"900\" \/>\n\t<meta property=\"og:image:type\" content=\"image\/jpeg\" \/>\n<meta name=\"author\" content=\"aenogas\" \/>\n<meta name=\"twitter:card\" content=\"summary_large_image\" \/>\n<meta name=\"twitter:creator\" content=\"@enoturismoull\" \/>\n<meta name=\"twitter:site\" content=\"@enoturismoull\" \/>\n<meta name=\"twitter:label1\" content=\"Escrito por\" \/>\n\t<meta name=\"twitter:data1\" content=\"aenogas\" \/>\n\t<meta name=\"twitter:label2\" content=\"Tiempo de lectura\" \/>\n\t<meta name=\"twitter:data2\" content=\"3 minutos\" \/>\n<script type=\"application\/ld+json\" class=\"yoast-schema-graph\">{\"@context\":\"https:\\\/\\\/schema.org\",\"@graph\":[{\"@type\":\"Article\",\"@id\":\"https:\\\/\\\/wp.ull.es\\\/aenogas\\\/2023\\\/06\\\/30\\\/la-universidad-de-la-laguna-anuncia-los-galardonados-con-los-premios-enogastroturismo-en-su-decima-edicion\\\/#article\",\"isPartOf\":{\"@id\":\"https:\\\/\\\/wp.ull.es\\\/aenogas\\\/2023\\\/06\\\/30\\\/la-universidad-de-la-laguna-anuncia-los-galardonados-con-los-premios-enogastroturismo-en-su-decima-edicion\\\/\"},\"author\":{\"name\":\"aenogas\",\"@id\":\"https:\\\/\\\/wp.ull.es\\\/aenogas\\\/#\\\/schema\\\/person\\\/08dc3be5406aba55875ae5024a8e7426\"},\"headline\":\"La Universidad de La Laguna anuncia los galardonados con los Premios Enogastroturismo en su d\u00e9cima edici\u00f3n\",\"datePublished\":\"2023-06-30T12:26:13+00:00\",\"dateModified\":\"2023-06-30T12:26:14+00:00\",\"mainEntityOfPage\":{\"@id\":\"https:\\\/\\\/wp.ull.es\\\/aenogas\\\/2023\\\/06\\\/30\\\/la-universidad-de-la-laguna-anuncia-los-galardonados-con-los-premios-enogastroturismo-en-su-decima-edicion\\\/\"},\"wordCount\":540,\"commentCount\":0,\"publisher\":{\"@id\":\"https:\\\/\\\/wp.ull.es\\\/aenogas\\\/#organization\"},\"image\":{\"@id\":\"https:\\\/\\\/wp.ull.es\\\/aenogas\\\/2023\\\/06\\\/30\\\/la-universidad-de-la-laguna-anuncia-los-galardonados-con-los-premios-enogastroturismo-en-su-decima-edicion\\\/#primaryimage\"},\"thumbnailUrl\":\"https:\\\/\\\/wp.ull.es\\\/aenogas\\\/wp-content\\\/uploads\\\/sites\\\/90\\\/2023\\\/06\\\/Diseno-sin-titulo.jpg\",\"keywords\":[\"enoturismo\",\"premios\",\"universidad de la laguna\",\"wineull\"],\"articleSection\":[\"Blog\"],\"inLanguage\":\"es\",\"potentialAction\":[{\"@type\":\"CommentAction\",\"name\":\"Comment\",\"target\":[\"https:\\\/\\\/wp.ull.es\\\/aenogas\\\/2023\\\/06\\\/30\\\/la-universidad-de-la-laguna-anuncia-los-galardonados-con-los-premios-enogastroturismo-en-su-decima-edicion\\\/#respond\"]}]},{\"@type\":\"WebPage\",\"@id\":\"https:\\\/\\\/wp.ull.es\\\/aenogas\\\/2023\\\/06\\\/30\\\/la-universidad-de-la-laguna-anuncia-los-galardonados-con-los-premios-enogastroturismo-en-su-decima-edicion\\\/\",\"url\":\"https:\\\/\\\/wp.ull.es\\\/aenogas\\\/2023\\\/06\\\/30\\\/la-universidad-de-la-laguna-anuncia-los-galardonados-con-los-premios-enogastroturismo-en-su-decima-edicion\\\/\",\"name\":\"La Universidad de La Laguna anuncia los galardonados con los Premios Enogastroturismo en su d\u00e9cima edici\u00f3n - Enoturismo Canarias\",\"isPartOf\":{\"@id\":\"https:\\\/\\\/wp.ull.es\\\/aenogas\\\/#website\"},\"primaryImageOfPage\":{\"@id\":\"https:\\\/\\\/wp.ull.es\\\/aenogas\\\/2023\\\/06\\\/30\\\/la-universidad-de-la-laguna-anuncia-los-galardonados-con-los-premios-enogastroturismo-en-su-decima-edicion\\\/#primaryimage\"},\"image\":{\"@id\":\"https:\\\/\\\/wp.ull.es\\\/aenogas\\\/2023\\\/06\\\/30\\\/la-universidad-de-la-laguna-anuncia-los-galardonados-con-los-premios-enogastroturismo-en-su-decima-edicion\\\/#primaryimage\"},\"thumbnailUrl\":\"https:\\\/\\\/wp.ull.es\\\/aenogas\\\/wp-content\\\/uploads\\\/sites\\\/90\\\/2023\\\/06\\\/Diseno-sin-titulo.jpg\",\"datePublished\":\"2023-06-30T12:26:13+00:00\",\"dateModified\":\"2023-06-30T12:26:14+00:00\",\"breadcrumb\":{\"@id\":\"https:\\\/\\\/wp.ull.es\\\/aenogas\\\/2023\\\/06\\\/30\\\/la-universidad-de-la-laguna-anuncia-los-galardonados-con-los-premios-enogastroturismo-en-su-decima-edicion\\\/#breadcrumb\"},\"inLanguage\":\"es\",\"potentialAction\":[{\"@type\":\"ReadAction\",\"target\":[\"https:\\\/\\\/wp.ull.es\\\/aenogas\\\/2023\\\/06\\\/30\\\/la-universidad-de-la-laguna-anuncia-los-galardonados-con-los-premios-enogastroturismo-en-su-decima-edicion\\\/\"]}]},{\"@type\":\"ImageObject\",\"inLanguage\":\"es\",\"@id\":\"https:\\\/\\\/wp.ull.es\\\/aenogas\\\/2023\\\/06\\\/30\\\/la-universidad-de-la-laguna-anuncia-los-galardonados-con-los-premios-enogastroturismo-en-su-decima-edicion\\\/#primaryimage\",\"url\":\"https:\\\/\\\/wp.ull.es\\\/aenogas\\\/wp-content\\\/uploads\\\/sites\\\/90\\\/2023\\\/06\\\/Diseno-sin-titulo.jpg\",\"contentUrl\":\"https:\\\/\\\/wp.ull.es\\\/aenogas\\\/wp-content\\\/uploads\\\/sites\\\/90\\\/2023\\\/06\\\/Diseno-sin-titulo.jpg\",\"width\":1600,\"height\":900},{\"@type\":\"BreadcrumbList\",\"@id\":\"https:\\\/\\\/wp.ull.es\\\/aenogas\\\/2023\\\/06\\\/30\\\/la-universidad-de-la-laguna-anuncia-los-galardonados-con-los-premios-enogastroturismo-en-su-decima-edicion\\\/#breadcrumb\",\"itemListElement\":[{\"@type\":\"ListItem\",\"position\":1,\"name\":\"Portada\",\"item\":\"https:\\\/\\\/wp.ull.es\\\/aenogas\\\/\"},{\"@type\":\"ListItem\",\"position\":2,\"name\":\"La Universidad de La Laguna anuncia los galardonados con los Premios Enogastroturismo en su d\u00e9cima edici\u00f3n\"}]},{\"@type\":\"WebSite\",\"@id\":\"https:\\\/\\\/wp.ull.es\\\/aenogas\\\/#website\",\"url\":\"https:\\\/\\\/wp.ull.es\\\/aenogas\\\/\",\"name\":\"Enoturismo Canarias\",\"description\":\"C\u00e1tedra de Agroturismo y Enoturismo Instituto de Canario de Calidad Agroalimentaria\",\"publisher\":{\"@id\":\"https:\\\/\\\/wp.ull.es\\\/aenogas\\\/#organization\"},\"potentialAction\":[{\"@type\":\"SearchAction\",\"target\":{\"@type\":\"EntryPoint\",\"urlTemplate\":\"https:\\\/\\\/wp.ull.es\\\/aenogas\\\/?s={search_term_string}\"},\"query-input\":{\"@type\":\"PropertyValueSpecification\",\"valueRequired\":true,\"valueName\":\"search_term_string\"}}],\"inLanguage\":\"es\"},{\"@type\":\"Organization\",\"@id\":\"https:\\\/\\\/wp.ull.es\\\/aenogas\\\/#organization\",\"name\":\"C\u00e1tedra de Agroturismo y Enoturismo de Canarias del Instituto Canario de Calidad Agroalimentaria y de la Universidad de La Laguna\",\"url\":\"https:\\\/\\\/wp.ull.es\\\/aenogas\\\/\",\"logo\":{\"@type\":\"ImageObject\",\"inLanguage\":\"es\",\"@id\":\"https:\\\/\\\/wp.ull.es\\\/aenogas\\\/#\\\/schema\\\/logo\\\/image\\\/\",\"url\":\"https:\\\/\\\/wp.ull.es\\\/aenogas\\\/wp-content\\\/uploads\\\/sites\\\/90\\\/2021\\\/03\\\/Logotipo-Catedra.png\",\"contentUrl\":\"https:\\\/\\\/wp.ull.es\\\/aenogas\\\/wp-content\\\/uploads\\\/sites\\\/90\\\/2021\\\/03\\\/Logotipo-Catedra.png\",\"width\":300,\"height\":89,\"caption\":\"C\u00e1tedra de Agroturismo y Enoturismo de Canarias del Instituto Canario de Calidad Agroalimentaria y de la Universidad de La Laguna\"},\"image\":{\"@id\":\"https:\\\/\\\/wp.ull.es\\\/aenogas\\\/#\\\/schema\\\/logo\\\/image\\\/\"},\"sameAs\":[\"https:\\\/\\\/www.facebook.com\\\/enoturismoull\",\"https:\\\/\\\/x.com\\\/enoturismoull\",\"https:\\\/\\\/www.linkedin.com\\\/company\\\/40816665\\\/admin\\\/dashboard\\\/\"]},{\"@type\":\"Person\",\"@id\":\"https:\\\/\\\/wp.ull.es\\\/aenogas\\\/#\\\/schema\\\/person\\\/08dc3be5406aba55875ae5024a8e7426\",\"name\":\"aenogas\",\"image\":{\"@type\":\"ImageObject\",\"inLanguage\":\"es\",\"@id\":\"https:\\\/\\\/secure.gravatar.com\\\/avatar\\\/957f529db4c10409aeb4798f38d978d31a86852b0557feaaa15ada6691fe502f?s=96&d=mm&r=g\",\"url\":\"https:\\\/\\\/secure.gravatar.com\\\/avatar\\\/957f529db4c10409aeb4798f38d978d31a86852b0557feaaa15ada6691fe502f?s=96&d=mm&r=g\",\"contentUrl\":\"https:\\\/\\\/secure.gravatar.com\\\/avatar\\\/957f529db4c10409aeb4798f38d978d31a86852b0557feaaa15ada6691fe502f?s=96&d=mm&r=g\",\"caption\":\"aenogas\"},\"url\":\"https:\\\/\\\/wp.ull.es\\\/aenogas\\\/author\\\/aenogas\\\/\"}]}<\/script>\n<!-- \/ Yoast SEO plugin. -->","yoast_head_json":{"title":"La Universidad de La Laguna anuncia los galardonados con los Premios Enogastroturismo en su d\u00e9cima edici\u00f3n - Enoturismo Canarias","robots":{"index":"index","follow":"follow","max-snippet":"max-snippet:-1","max-image-preview":"max-image-preview:large","max-video-preview":"max-video-preview:-1"},"canonical":"https:\/\/wp.ull.es\/aenogas\/2023\/06\/30\/la-universidad-de-la-laguna-anuncia-los-galardonados-con-los-premios-enogastroturismo-en-su-decima-edicion\/","og_locale":"es_ES","og_type":"article","og_title":"La Universidad de La Laguna anuncia los galardonados con los Premios Enogastroturismo en su d\u00e9cima edici\u00f3n - Enoturismo Canarias","og_description":"El Rector de la Universidad de La Laguna, Francisco Rodr\u00edguez Garc\u00eda, ha comunicado la concesi\u00f3n de estos premios a los galardonados, que en esta d\u00e9cima edici\u00f3n han reca\u00eddo en el programa Saborea La Palma, el festival lanzarote\u00f1o Sonidos L\u00edquidos y Mar\u00eda Paz Gil D\u00edaz, gerente del Consejo Regulador de la Denominaci\u00f3n de Origen Protegida de Vinos Tacoronte - Acentejo.\u00a0Leer m\u00e1s \u203a","og_url":"https:\/\/wp.ull.es\/aenogas\/2023\/06\/30\/la-universidad-de-la-laguna-anuncia-los-galardonados-con-los-premios-enogastroturismo-en-su-decima-edicion\/","og_site_name":"Enoturismo Canarias","article_publisher":"https:\/\/www.facebook.com\/enoturismoull","article_published_time":"2023-06-30T12:26:13+00:00","article_modified_time":"2023-06-30T12:26:14+00:00","og_image":[{"width":1600,"height":900,"url":"https:\/\/wp.ull.es\/aenogas\/wp-content\/uploads\/sites\/90\/2023\/06\/Diseno-sin-titulo.jpg","type":"image\/jpeg"}],"author":"aenogas","twitter_card":"summary_large_image","twitter_creator":"@enoturismoull","twitter_site":"@enoturismoull","twitter_misc":{"Escrito por":"aenogas","Tiempo de lectura":"3 minutos"},"schema":{"@context":"https:\/\/schema.org","@graph":[{"@type":"Article","@id":"https:\/\/wp.ull.es\/aenogas\/2023\/06\/30\/la-universidad-de-la-laguna-anuncia-los-galardonados-con-los-premios-enogastroturismo-en-su-decima-edicion\/#article","isPartOf":{"@id":"https:\/\/wp.ull.es\/aenogas\/2023\/06\/30\/la-universidad-de-la-laguna-anuncia-los-galardonados-con-los-premios-enogastroturismo-en-su-decima-edicion\/"},"author":{"name":"aenogas","@id":"https:\/\/wp.ull.es\/aenogas\/#\/schema\/person\/08dc3be5406aba55875ae5024a8e7426"},"headline":"La Universidad de La Laguna anuncia los galardonados con los Premios Enogastroturismo en su d\u00e9cima edici\u00f3n","datePublished":"2023-06-30T12:26:13+00:00","dateModified":"2023-06-30T12:26:14+00:00","mainEntityOfPage":{"@id":"https:\/\/wp.ull.es\/aenogas\/2023\/06\/30\/la-universidad-de-la-laguna-anuncia-los-galardonados-con-los-premios-enogastroturismo-en-su-decima-edicion\/"},"wordCount":540,"commentCount":0,"publisher":{"@id":"https:\/\/wp.ull.es\/aenogas\/#organization"},"image":{"@id":"https:\/\/wp.ull.es\/aenogas\/2023\/06\/30\/la-universidad-de-la-laguna-anuncia-los-galardonados-con-los-premios-enogastroturismo-en-su-decima-edicion\/#primaryimage"},"thumbnailUrl":"https:\/\/wp.ull.es\/aenogas\/wp-content\/uploads\/sites\/90\/2023\/06\/Diseno-sin-titulo.jpg","keywords":["enoturismo","premios","universidad de la laguna","wineull"],"articleSection":["Blog"],"inLanguage":"es","potentialAction":[{"@type":"CommentAction","name":"Comment","target":["https:\/\/wp.ull.es\/aenogas\/2023\/06\/30\/la-universidad-de-la-laguna-anuncia-los-galardonados-con-los-premios-enogastroturismo-en-su-decima-edicion\/#respond"]}]},{"@type":"WebPage","@id":"https:\/\/wp.ull.es\/aenogas\/2023\/06\/30\/la-universidad-de-la-laguna-anuncia-los-galardonados-con-los-premios-enogastroturismo-en-su-decima-edicion\/","url":"https:\/\/wp.ull.es\/aenogas\/2023\/06\/30\/la-universidad-de-la-laguna-anuncia-los-galardonados-con-los-premios-enogastroturismo-en-su-decima-edicion\/","name":"La Universidad de La Laguna anuncia los galardonados con los Premios Enogastroturismo en su d\u00e9cima edici\u00f3n - Enoturismo Canarias","isPartOf":{"@id":"https:\/\/wp.ull.es\/aenogas\/#website"},"primaryImageOfPage":{"@id":"https:\/\/wp.ull.es\/aenogas\/2023\/06\/30\/la-universidad-de-la-laguna-anuncia-los-galardonados-con-los-premios-enogastroturismo-en-su-decima-edicion\/#primaryimage"},"image":{"@id":"https:\/\/wp.ull.es\/aenogas\/2023\/06\/30\/la-universidad-de-la-laguna-anuncia-los-galardonados-con-los-premios-enogastroturismo-en-su-decima-edicion\/#primaryimage"},"thumbnailUrl":"https:\/\/wp.ull.es\/aenogas\/wp-content\/uploads\/sites\/90\/2023\/06\/Diseno-sin-titulo.jpg","datePublished":"2023-06-30T12:26:13+00:00","dateModified":"2023-06-30T12:26:14+00:00","breadcrumb":{"@id":"https:\/\/wp.ull.es\/aenogas\/2023\/06\/30\/la-universidad-de-la-laguna-anuncia-los-galardonados-con-los-premios-enogastroturismo-en-su-decima-edicion\/#breadcrumb"},"inLanguage":"es","potentialAction":[{"@type":"ReadAction","target":["https:\/\/wp.ull.es\/aenogas\/2023\/06\/30\/la-universidad-de-la-laguna-anuncia-los-galardonados-con-los-premios-enogastroturismo-en-su-decima-edicion\/"]}]},{"@type":"ImageObject","inLanguage":"es","@id":"https:\/\/wp.ull.es\/aenogas\/2023\/06\/30\/la-universidad-de-la-laguna-anuncia-los-galardonados-con-los-premios-enogastroturismo-en-su-decima-edicion\/#primaryimage","url":"https:\/\/wp.ull.es\/aenogas\/wp-content\/uploads\/sites\/90\/2023\/06\/Diseno-sin-titulo.jpg","contentUrl":"https:\/\/wp.ull.es\/aenogas\/wp-content\/uploads\/sites\/90\/2023\/06\/Diseno-sin-titulo.jpg","width":1600,"height":900},{"@type":"BreadcrumbList","@id":"https:\/\/wp.ull.es\/aenogas\/2023\/06\/30\/la-universidad-de-la-laguna-anuncia-los-galardonados-con-los-premios-enogastroturismo-en-su-decima-edicion\/#breadcrumb","itemListElement":[{"@type":"ListItem","position":1,"name":"Portada","item":"https:\/\/wp.ull.es\/aenogas\/"},{"@type":"ListItem","position":2,"name":"La Universidad de La Laguna anuncia los galardonados con los Premios Enogastroturismo en su d\u00e9cima edici\u00f3n"}]},{"@type":"WebSite","@id":"https:\/\/wp.ull.es\/aenogas\/#website","url":"https:\/\/wp.ull.es\/aenogas\/","name":"Enoturismo Canarias","description":"C\u00e1tedra de Agroturismo y Enoturismo Instituto de Canario de Calidad Agroalimentaria","publisher":{"@id":"https:\/\/wp.ull.es\/aenogas\/#organization"},"potentialAction":[{"@type":"SearchAction","target":{"@type":"EntryPoint","urlTemplate":"https:\/\/wp.ull.es\/aenogas\/?s={search_term_string}"},"query-input":{"@type":"PropertyValueSpecification","valueRequired":true,"valueName":"search_term_string"}}],"inLanguage":"es"},{"@type":"Organization","@id":"https:\/\/wp.ull.es\/aenogas\/#organization","name":"C\u00e1tedra de Agroturismo y Enoturismo de Canarias del Instituto Canario de Calidad Agroalimentaria y de la Universidad de La Laguna","url":"https:\/\/wp.ull.es\/aenogas\/","logo":{"@type":"ImageObject","inLanguage":"es","@id":"https:\/\/wp.ull.es\/aenogas\/#\/schema\/logo\/image\/","url":"https:\/\/wp.ull.es\/aenogas\/wp-content\/uploads\/sites\/90\/2021\/03\/Logotipo-Catedra.png","contentUrl":"https:\/\/wp.ull.es\/aenogas\/wp-content\/uploads\/sites\/90\/2021\/03\/Logotipo-Catedra.png","width":300,"height":89,"caption":"C\u00e1tedra de Agroturismo y Enoturismo de Canarias del Instituto Canario de Calidad Agroalimentaria y de la Universidad de La Laguna"},"image":{"@id":"https:\/\/wp.ull.es\/aenogas\/#\/schema\/logo\/image\/"},"sameAs":["https:\/\/www.facebook.com\/enoturismoull","https:\/\/x.com\/enoturismoull","https:\/\/www.linkedin.com\/company\/40816665\/admin\/dashboard\/"]},{"@type":"Person","@id":"https:\/\/wp.ull.es\/aenogas\/#\/schema\/person\/08dc3be5406aba55875ae5024a8e7426","name":"aenogas","image":{"@type":"ImageObject","inLanguage":"es","@id":"https:\/\/secure.gravatar.com\/avatar\/957f529db4c10409aeb4798f38d978d31a86852b0557feaaa15ada6691fe502f?s=96&d=mm&r=g","url":"https:\/\/secure.gravatar.com\/avatar\/957f529db4c10409aeb4798f38d978d31a86852b0557feaaa15ada6691fe502f?s=96&d=mm&r=g","contentUrl":"https:\/\/secure.gravatar.com\/avatar\/957f529db4c10409aeb4798f38d978d31a86852b0557feaaa15ada6691fe502f?s=96&d=mm&r=g","caption":"aenogas"},"url":"https:\/\/wp.ull.es\/aenogas\/author\/aenogas\/"}]}},"_links":{"self":[{"href":"https:\/\/wp.ull.es\/aenogas\/wp-json\/wp\/v2\/posts\/3931","targetHints":{"allow":["GET"]}}],"collection":[{"href":"https:\/\/wp.ull.es\/aenogas\/wp-json\/wp\/v2\/posts"}],"about":[{"href":"https:\/\/wp.ull.es\/aenogas\/wp-json\/wp\/v2\/types\/post"}],"author":[{"embeddable":true,"href":"https:\/\/wp.ull.es\/aenogas\/wp-json\/wp\/v2\/users\/227"}],"replies":[{"embeddable":true,"href":"https:\/\/wp.ull.es\/aenogas\/wp-json\/wp\/v2\/comments?post=3931"}],"version-history":[{"count":1,"href":"https:\/\/wp.ull.es\/aenogas\/wp-json\/wp\/v2\/posts\/3931\/revisions"}],"predecessor-version":[{"id":3934,"href":"https:\/\/wp.ull.es\/aenogas\/wp-json\/wp\/v2\/posts\/3931\/revisions\/3934"}],"wp:featuredmedia":[{"embeddable":true,"href":"https:\/\/wp.ull.es\/aenogas\/wp-json\/wp\/v2\/media\/3933"}],"wp:attachment":[{"href":"https:\/\/wp.ull.es\/aenogas\/wp-json\/wp\/v2\/media?parent=3931"}],"wp:term":[{"taxonomy":"category","embeddable":true,"href":"https:\/\/wp.ull.es\/aenogas\/wp-json\/wp\/v2\/categories?post=3931"},{"taxonomy":"post_tag","embeddable":true,"href":"https:\/\/wp.ull.es\/aenogas\/wp-json\/wp\/v2\/tags?post=3931"}],"curies":[{"name":"wp","href":"https:\/\/api.w.org\/{rel}","templated":true}]}}