{"id":3895,"date":"2023-06-25T09:33:23","date_gmt":"2023-06-25T09:33:23","guid":{"rendered":"https:\/\/wp.ull.es\/aenogas\/?p=3895"},"modified":"2023-06-25T18:23:08","modified_gmt":"2023-06-25T18:23:08","slug":"expertos-establecen-las-bases-de-la-innovacion-y-la-sostenibilidad-en-el-enoturismo","status":"publish","type":"post","link":"https:\/\/wp.ull.es\/aenogas\/2023\/06\/25\/expertos-establecen-las-bases-de-la-innovacion-y-la-sostenibilidad-en-el-enoturismo\/","title":{"rendered":"Expertos establecen las\u00a0 bases de la innovaci\u00f3n y la\u00a0 sostenibilidad en el Enoturismo"},"content":{"rendered":"\n<p><strong>Docentes de universidades en Vietnam y Portugal exponen sus experiencias en el \u00e1rea junto con profesionales de Canarias en un panel de debate <\/strong><strong><\/strong><\/p>\n\n\n\n<p>La isla de La Palma acogi\u00f3 el pasado 23 de junio la segunda edici\u00f3n del Foro de Innovaci\u00f3n y Sostenibilidad Enotur\u00edstica. La C\u00e1tedra de Agroturismo y Enoturismo de Canarias del Instituto Canario de Calidad Agroalimentaria y la Universidad de La Laguna organiz\u00f3 un encuentro en el que, agentes y profesionales del sector, comparten sus formas y herramientas para&nbsp; transmitir la esencia de una regi\u00f3n a trav\u00e9s de su vinculaci\u00f3n con el producto vitivin\u00edcola, desde una perspectiva innovadora y sostenible.<\/p>\n\n\n\n<p>El evento arranc\u00f3 con la bienvenida de Carolina Real Torres, subdirectora de la C\u00e1tedra, junto con el director del Instituto Canario de Calidad Agroalimentaria, Jos\u00e9 Basilio P\u00e9rez Rodr\u00edguez, quien dio la bienvenida a los participantes y expres\u00f3 ante los invitados la importancia de crear espacios de debate en el que surjan proyectos de mejora para el enoturismo en el Archipi\u00e9lago. Asimismo, Marta Dom\u00ednguez Herrera, directora de Secretariado de C\u00e1tedras Institucionales y de Empresa de la Universidad de La Laguna, reforz\u00f3 el compromiso que tiene la Universidad con la C\u00e1tedra y con toda actividad que realce y potencie el sector primario y vitivin\u00edcola.<\/p>\n\n\n\n<p>La primera sesi\u00f3n del Foro comenz\u00f3 con la intervenci\u00f3n del experto en Enoturismo y Administraci\u00f3n de Empresas por la Western Michigan University, Abel Duarte Alonso. El actual docente titular en International Business en la Escuela de Negocios y Gesti\u00f3n de la RMIT University Vietnam, defini\u00f3 los t\u00e9rminos principales por los que se desarroll\u00f3 el encuentro, es decir, la innovaci\u00f3n y la sostenibilidad. Para \u00e9l, la innovaci\u00f3n, se asocia al concepto que establec\u00eda Kanter en 1983: \u201cel proceso de poner en uso cualquier idea nueva que resuelva problemas\u201d y, la sostenibilidad, como una herramienta que \u201cimplica buscar formas de conciliar el equilibrio entre el desarrollo econ\u00f3mico, ambiental y social\u201d.<\/p>\n\n\n\n<p><strong>El enoturismo: una actividad dinamizadora del medio rural&nbsp;<\/strong><\/p>\n\n\n\n<p>El enoturismo entendido como una actividad dinamizadora del medio rural necesita de la fusi\u00f3n entre la cultura, la gastronom\u00eda y la m\u00fasica de la regi\u00f3n. Seg\u00fan Abel, es en este punto en donde confluye realmente la sostenibilidad y el enoturismo y convierte a un destino tur\u00edstico en competitivo y de calidad.<\/p>\n\n\n\n<p>Alexandre Sousa Guedes, profesor en el Departamento de Econom\u00eda, Sociolog\u00eda y Administraci\u00f3n en la Universidad De Tr\u00e1s-Os-Montes e Alto Douro en Portugal ense\u00f1\u00f3 a los participantes, a trav\u00e9s de datos, la influencia que tiene el enoturismo sobre distintos pa\u00edses y sobre el mundo. Sousa Guedes parti\u00f3 de la idea de que si todos los pa\u00edses productores de vino utilizaran de referencia los modelos ejemplares de c\u00f3mo ofrecer experiencias enotur\u00edsticas de calidad, para el 2030 las cifras de ingresos por la actividad se triplicar\u00edan.<\/p>\n\n\n\n<p>\u201cSe trata de otorgarle distintas dimensiones al enoturismo. Una centrada en la vi\u00f1a, es decir, en actividades al aire libre. Otra, m\u00e1s enfocada en las infraestructuras de explotaci\u00f3n como el ciclo de la producci\u00f3n del vino y, por \u00faltimo, dise\u00f1ar una experiencia que acerque al turista al entorno y a los sectores complementarios del enoturismo, por ejemplo, el sector primario\u201d, a\u00f1adi\u00f3 el docente como una soluci\u00f3n para diversificar una misma actividad.<\/p>\n\n\n\n<p><strong>\u00bfQu\u00e9 le falta a Canarias para ser un destino enotur\u00edstico ideal?<\/strong><\/p>\n\n\n\n<p>Tras dos horas de sesi\u00f3n, Gabriel Santos Garc\u00eda, subdirector de la C\u00e1tedra de Agroturismo y Enoturismo de Canarias dio inicio al panel de debate pregunt\u00e1ndole a los ponentes qu\u00e9 le hace falta a Canarias para ser un destino enotur\u00edstico ideal. Miren Stillitani Mugica, coordinadora del Proyecto INTER-Acciones de la Ruta del Vino de Gran Canaria considera que: \u201cUno de los puntos a trabajar es la recaudaci\u00f3n de datos y de elaboraci\u00f3n de informes que permitan conocer los intereses y perfiles de ese p\u00fablico objetivo que desea vivir experiencias enotur\u00edsticas \u00fanicas\u201d. Adicionalmente, comparte que la clave tambi\u00e9n se encuentra en invertir en profesionales especializados en el \u00e1rea para ofrecer una oferta tur\u00edstica diferenciada.<\/p>\n\n\n\n<p>Asimismo, Hern\u00e1n Tejera Oval, gerente del Cl\u00faster de Enoturismo de Canarias confiesa que los empresarios arriesgan un capital para obtener un leg\u00edtimo beneficio; afirmando que: \u201cEl enoturismo puede ser viable y econ\u00f3micamente rentable en Canarias al igual que en regiones vecinas que no producen tampoco una gran cantidad de litros de vino al a\u00f1o y, a\u00fan as\u00ed, son referencia mundial en el sector\u201d.<\/p>\n\n\n\n<p>Abel Duarte Alonso, hizo hincapi\u00e9 en que: \u201cEn Canarias no se busca conseguir un turismo de masas, sino por el contrario, crear experiencias que realcen el patrimonio y la cultura, ya que ah\u00ed es donde est\u00e1 gran parte de su atractivo\u201d. En contraste,&nbsp; Alexandre Sousa Guedes enfoc\u00f3 m\u00e1s su intervenci\u00f3n hacia el estudio del perfil del turista y el valor a\u00f1adido que le dar\u00eda a las Islas un buen uso de la digitalizaci\u00f3n, m\u00e1s all\u00e1 de una buena experiencia enotur\u00edstica. \u201cEl Archipi\u00e9lago por su singularidad ya es un destino diferenciado, pero si analizan los datos que los turistas dejan al elegirlos seguro que pueden mejorar aspectos. Por ejemplo, la conectividad a\u00e9rea para visitantes extranjeros\u201d.<\/p>\n\n\n\n<p>Por su parte, Miguel Angel Mej\u00edas Vera, profesor de la Universidad de La Laguna y miembro de la C\u00e1tedra, a la par, menciona la importancia de a\u00f1adir a la experiencia enotur\u00edstica, la promoci\u00f3n de los productos locales canarios desde el primer encuentro que tienen los turistas: \u201cLa presencia de los vinos y alimentos producidos en el archipi\u00e9lago en todos los aeropuertos, como primer contacto. Luego, en restaurantes, con un personal capacitado para dar pinceladas de las historias que hay detr\u00e1s de cada uno de ellos\u00bb, a\u00f1ade Mej\u00edas.<\/p>\n\n\n\n<p><strong>\u201cNo descuidemos lo que le da sentido a la actividad\u201d<\/strong><\/p>\n\n\n\n<p>Como miembro de la C\u00e1tedra y profesor de la ULL, Miguel Angel insiste en que en este camino no debe pesar m\u00e1s la parte tur\u00edstica que la eno. \u201cNo descuidemos lo que le da sentido a la actividad, aprovechemos la pluralidad y la variedad de nuestras bodegas para ofrecer actividades exclusivas y cercanas\u201d, comenta.<\/p>\n\n\n\n<p>Al culminar, el subdirector de la C\u00e1tedra, Gabriel Santos Garc\u00eda, agradeci\u00f3 a todos los ponentes, autoridades y espectadores, as\u00ed como a las entidades que colaboraron en la celebraci\u00f3n del evento, en especial a las instituciones que desarrollan el proyecto \u201cRevivir El Valle\u201d por ceder sus instalaciones para poder desarrollar y emitir v\u00eda <em>streaming<\/em> desde los Llanos de Aridane.<\/p>\n\n\n\n<p>En este sentido Santos, adem\u00e1s record\u00f3 que en noviembre del a\u00f1o en curso La Palma acoger\u00e1 el VIII Encuentro de Agroenoturismo de Canarias, un ciclo que comenz\u00f3 en Lanzarote en el a\u00f1o 2016 y que ha pasado por las diferentes islas del archipi\u00e9lago creando sinergias entre los sectores primario y tur\u00edstico, permitiendo aglutinar ideas, trabajos y experiencias, con el fin de desarrollar una red multidisciplinar de profesionales, empresarios y entidades que trabajan en la promoci\u00f3n y explotaci\u00f3n del enoturismo y de agroturismo en Canarias.<\/p>\n\n\n\n<figure class=\"wp-block-gallery has-nested-images columns-default is-cropped wp-block-gallery-1 is-layout-flex wp-block-gallery-is-layout-flex\">\n<figure class=\"wp-block-image size-large\"><img fetchpriority=\"high\" decoding=\"async\" width=\"1024\" height=\"684\" data-id=\"3902\" src=\"https:\/\/wp.ull.es\/aenogas\/wp-content\/uploads\/sites\/90\/2023\/06\/1.-Panel-de-debate-entre-docentes-y-profesionales-del-sector-enoturistico-1024x684.jpeg\" alt=\"\" class=\"wp-image-3902\" srcset=\"https:\/\/wp.ull.es\/aenogas\/wp-content\/uploads\/sites\/90\/2023\/06\/1.-Panel-de-debate-entre-docentes-y-profesionales-del-sector-enoturistico-1024x684.jpeg 1024w, https:\/\/wp.ull.es\/aenogas\/wp-content\/uploads\/sites\/90\/2023\/06\/1.-Panel-de-debate-entre-docentes-y-profesionales-del-sector-enoturistico-300x200.jpeg 300w, https:\/\/wp.ull.es\/aenogas\/wp-content\/uploads\/sites\/90\/2023\/06\/1.-Panel-de-debate-entre-docentes-y-profesionales-del-sector-enoturistico-768x513.jpeg 768w, https:\/\/wp.ull.es\/aenogas\/wp-content\/uploads\/sites\/90\/2023\/06\/1.-Panel-de-debate-entre-docentes-y-profesionales-del-sector-enoturistico-1536x1026.jpeg 1536w, https:\/\/wp.ull.es\/aenogas\/wp-content\/uploads\/sites\/90\/2023\/06\/1.-Panel-de-debate-entre-docentes-y-profesionales-del-sector-enoturistico-100x67.jpeg 100w, https:\/\/wp.ull.es\/aenogas\/wp-content\/uploads\/sites\/90\/2023\/06\/1.-Panel-de-debate-entre-docentes-y-profesionales-del-sector-enoturistico-150x100.jpeg 150w, https:\/\/wp.ull.es\/aenogas\/wp-content\/uploads\/sites\/90\/2023\/06\/1.-Panel-de-debate-entre-docentes-y-profesionales-del-sector-enoturistico-200x134.jpeg 200w, https:\/\/wp.ull.es\/aenogas\/wp-content\/uploads\/sites\/90\/2023\/06\/1.-Panel-de-debate-entre-docentes-y-profesionales-del-sector-enoturistico-450x301.jpeg 450w, https:\/\/wp.ull.es\/aenogas\/wp-content\/uploads\/sites\/90\/2023\/06\/1.-Panel-de-debate-entre-docentes-y-profesionales-del-sector-enoturistico-600x401.jpeg 600w, https:\/\/wp.ull.es\/aenogas\/wp-content\/uploads\/sites\/90\/2023\/06\/1.-Panel-de-debate-entre-docentes-y-profesionales-del-sector-enoturistico-900x601.jpeg 900w, https:\/\/wp.ull.es\/aenogas\/wp-content\/uploads\/sites\/90\/2023\/06\/1.-Panel-de-debate-entre-docentes-y-profesionales-del-sector-enoturistico.jpeg 1600w\" sizes=\"(max-width: 1024px) 100vw, 1024px\" \/><\/figure>\n\n\n\n<figure class=\"wp-block-image size-large\"><img decoding=\"async\" width=\"1024\" height=\"684\" data-id=\"3899\" src=\"https:\/\/wp.ull.es\/aenogas\/wp-content\/uploads\/sites\/90\/2023\/06\/2.-Abel-Duarte-Alonso-1024x684.jpeg\" alt=\"\" class=\"wp-image-3899\" srcset=\"https:\/\/wp.ull.es\/aenogas\/wp-content\/uploads\/sites\/90\/2023\/06\/2.-Abel-Duarte-Alonso-1024x684.jpeg 1024w, https:\/\/wp.ull.es\/aenogas\/wp-content\/uploads\/sites\/90\/2023\/06\/2.-Abel-Duarte-Alonso-300x200.jpeg 300w, https:\/\/wp.ull.es\/aenogas\/wp-content\/uploads\/sites\/90\/2023\/06\/2.-Abel-Duarte-Alonso-768x513.jpeg 768w, https:\/\/wp.ull.es\/aenogas\/wp-content\/uploads\/sites\/90\/2023\/06\/2.-Abel-Duarte-Alonso-1536x1026.jpeg 1536w, https:\/\/wp.ull.es\/aenogas\/wp-content\/uploads\/sites\/90\/2023\/06\/2.-Abel-Duarte-Alonso-100x67.jpeg 100w, https:\/\/wp.ull.es\/aenogas\/wp-content\/uploads\/sites\/90\/2023\/06\/2.-Abel-Duarte-Alonso-150x100.jpeg 150w, https:\/\/wp.ull.es\/aenogas\/wp-content\/uploads\/sites\/90\/2023\/06\/2.-Abel-Duarte-Alonso-200x134.jpeg 200w, https:\/\/wp.ull.es\/aenogas\/wp-content\/uploads\/sites\/90\/2023\/06\/2.-Abel-Duarte-Alonso-450x301.jpeg 450w, https:\/\/wp.ull.es\/aenogas\/wp-content\/uploads\/sites\/90\/2023\/06\/2.-Abel-Duarte-Alonso-600x401.jpeg 600w, https:\/\/wp.ull.es\/aenogas\/wp-content\/uploads\/sites\/90\/2023\/06\/2.-Abel-Duarte-Alonso-900x601.jpeg 900w, https:\/\/wp.ull.es\/aenogas\/wp-content\/uploads\/sites\/90\/2023\/06\/2.-Abel-Duarte-Alonso.jpeg 1600w\" sizes=\"(max-width: 1024px) 100vw, 1024px\" \/><\/figure>\n\n\n\n<figure class=\"wp-block-image size-large\"><img decoding=\"async\" width=\"1024\" height=\"684\" data-id=\"3901\" src=\"https:\/\/wp.ull.es\/aenogas\/wp-content\/uploads\/sites\/90\/2023\/06\/3.-Alexandre-Sousa-Guedes-1024x684.jpeg\" alt=\"\" class=\"wp-image-3901\" srcset=\"https:\/\/wp.ull.es\/aenogas\/wp-content\/uploads\/sites\/90\/2023\/06\/3.-Alexandre-Sousa-Guedes-1024x684.jpeg 1024w, https:\/\/wp.ull.es\/aenogas\/wp-content\/uploads\/sites\/90\/2023\/06\/3.-Alexandre-Sousa-Guedes-300x200.jpeg 300w, https:\/\/wp.ull.es\/aenogas\/wp-content\/uploads\/sites\/90\/2023\/06\/3.-Alexandre-Sousa-Guedes-768x513.jpeg 768w, https:\/\/wp.ull.es\/aenogas\/wp-content\/uploads\/sites\/90\/2023\/06\/3.-Alexandre-Sousa-Guedes-1536x1027.jpeg 1536w, https:\/\/wp.ull.es\/aenogas\/wp-content\/uploads\/sites\/90\/2023\/06\/3.-Alexandre-Sousa-Guedes-100x67.jpeg 100w, https:\/\/wp.ull.es\/aenogas\/wp-content\/uploads\/sites\/90\/2023\/06\/3.-Alexandre-Sousa-Guedes-150x100.jpeg 150w, https:\/\/wp.ull.es\/aenogas\/wp-content\/uploads\/sites\/90\/2023\/06\/3.-Alexandre-Sousa-Guedes-200x134.jpeg 200w, https:\/\/wp.ull.es\/aenogas\/wp-content\/uploads\/sites\/90\/2023\/06\/3.-Alexandre-Sousa-Guedes-450x301.jpeg 450w, https:\/\/wp.ull.es\/aenogas\/wp-content\/uploads\/sites\/90\/2023\/06\/3.-Alexandre-Sousa-Guedes-600x401.jpeg 600w, https:\/\/wp.ull.es\/aenogas\/wp-content\/uploads\/sites\/90\/2023\/06\/3.-Alexandre-Sousa-Guedes-900x601.jpeg 900w, https:\/\/wp.ull.es\/aenogas\/wp-content\/uploads\/sites\/90\/2023\/06\/3.-Alexandre-Sousa-Guedes.jpeg 1616w\" sizes=\"(max-width: 1024px) 100vw, 1024px\" \/><\/figure>\n\n\n\n<figure class=\"wp-block-image size-large\"><img loading=\"lazy\" decoding=\"async\" width=\"1024\" height=\"684\" data-id=\"3898\" src=\"https:\/\/wp.ull.es\/aenogas\/wp-content\/uploads\/sites\/90\/2023\/06\/6.-Marta-Dominguez-Herrera-y-Jose-Basilio-Perez-1024x684.jpeg\" alt=\"\" class=\"wp-image-3898\" srcset=\"https:\/\/wp.ull.es\/aenogas\/wp-content\/uploads\/sites\/90\/2023\/06\/6.-Marta-Dominguez-Herrera-y-Jose-Basilio-Perez-1024x684.jpeg 1024w, https:\/\/wp.ull.es\/aenogas\/wp-content\/uploads\/sites\/90\/2023\/06\/6.-Marta-Dominguez-Herrera-y-Jose-Basilio-Perez-300x200.jpeg 300w, https:\/\/wp.ull.es\/aenogas\/wp-content\/uploads\/sites\/90\/2023\/06\/6.-Marta-Dominguez-Herrera-y-Jose-Basilio-Perez-768x513.jpeg 768w, https:\/\/wp.ull.es\/aenogas\/wp-content\/uploads\/sites\/90\/2023\/06\/6.-Marta-Dominguez-Herrera-y-Jose-Basilio-Perez-1536x1026.jpeg 1536w, https:\/\/wp.ull.es\/aenogas\/wp-content\/uploads\/sites\/90\/2023\/06\/6.-Marta-Dominguez-Herrera-y-Jose-Basilio-Perez-100x67.jpeg 100w, https:\/\/wp.ull.es\/aenogas\/wp-content\/uploads\/sites\/90\/2023\/06\/6.-Marta-Dominguez-Herrera-y-Jose-Basilio-Perez-150x100.jpeg 150w, https:\/\/wp.ull.es\/aenogas\/wp-content\/uploads\/sites\/90\/2023\/06\/6.-Marta-Dominguez-Herrera-y-Jose-Basilio-Perez-200x134.jpeg 200w, https:\/\/wp.ull.es\/aenogas\/wp-content\/uploads\/sites\/90\/2023\/06\/6.-Marta-Dominguez-Herrera-y-Jose-Basilio-Perez-450x301.jpeg 450w, https:\/\/wp.ull.es\/aenogas\/wp-content\/uploads\/sites\/90\/2023\/06\/6.-Marta-Dominguez-Herrera-y-Jose-Basilio-Perez-600x401.jpeg 600w, https:\/\/wp.ull.es\/aenogas\/wp-content\/uploads\/sites\/90\/2023\/06\/6.-Marta-Dominguez-Herrera-y-Jose-Basilio-Perez-900x601.jpeg 900w, https:\/\/wp.ull.es\/aenogas\/wp-content\/uploads\/sites\/90\/2023\/06\/6.-Marta-Dominguez-Herrera-y-Jose-Basilio-Perez.jpeg 1600w\" sizes=\"(max-width: 1024px) 100vw, 1024px\" \/><\/figure>\n\n\n\n<figure class=\"wp-block-image size-large\"><img loading=\"lazy\" decoding=\"async\" width=\"1024\" height=\"684\" data-id=\"3900\" src=\"https:\/\/wp.ull.es\/aenogas\/wp-content\/uploads\/sites\/90\/2023\/06\/5.-Carolina-Real-subdirectora-de-la-Catedra-de-Agroturismo-y-Enoturismo-de-Canarias-1024x684.jpeg\" alt=\"\" class=\"wp-image-3900\" srcset=\"https:\/\/wp.ull.es\/aenogas\/wp-content\/uploads\/sites\/90\/2023\/06\/5.-Carolina-Real-subdirectora-de-la-Catedra-de-Agroturismo-y-Enoturismo-de-Canarias-1024x684.jpeg 1024w, https:\/\/wp.ull.es\/aenogas\/wp-content\/uploads\/sites\/90\/2023\/06\/5.-Carolina-Real-subdirectora-de-la-Catedra-de-Agroturismo-y-Enoturismo-de-Canarias-300x200.jpeg 300w, https:\/\/wp.ull.es\/aenogas\/wp-content\/uploads\/sites\/90\/2023\/06\/5.-Carolina-Real-subdirectora-de-la-Catedra-de-Agroturismo-y-Enoturismo-de-Canarias-768x513.jpeg 768w, https:\/\/wp.ull.es\/aenogas\/wp-content\/uploads\/sites\/90\/2023\/06\/5.-Carolina-Real-subdirectora-de-la-Catedra-de-Agroturismo-y-Enoturismo-de-Canarias-1536x1026.jpeg 1536w, https:\/\/wp.ull.es\/aenogas\/wp-content\/uploads\/sites\/90\/2023\/06\/5.-Carolina-Real-subdirectora-de-la-Catedra-de-Agroturismo-y-Enoturismo-de-Canarias-100x67.jpeg 100w, https:\/\/wp.ull.es\/aenogas\/wp-content\/uploads\/sites\/90\/2023\/06\/5.-Carolina-Real-subdirectora-de-la-Catedra-de-Agroturismo-y-Enoturismo-de-Canarias-150x100.jpeg 150w, https:\/\/wp.ull.es\/aenogas\/wp-content\/uploads\/sites\/90\/2023\/06\/5.-Carolina-Real-subdirectora-de-la-Catedra-de-Agroturismo-y-Enoturismo-de-Canarias-200x134.jpeg 200w, https:\/\/wp.ull.es\/aenogas\/wp-content\/uploads\/sites\/90\/2023\/06\/5.-Carolina-Real-subdirectora-de-la-Catedra-de-Agroturismo-y-Enoturismo-de-Canarias-450x301.jpeg 450w, https:\/\/wp.ull.es\/aenogas\/wp-content\/uploads\/sites\/90\/2023\/06\/5.-Carolina-Real-subdirectora-de-la-Catedra-de-Agroturismo-y-Enoturismo-de-Canarias-600x401.jpeg 600w, https:\/\/wp.ull.es\/aenogas\/wp-content\/uploads\/sites\/90\/2023\/06\/5.-Carolina-Real-subdirectora-de-la-Catedra-de-Agroturismo-y-Enoturismo-de-Canarias-900x601.jpeg 900w, https:\/\/wp.ull.es\/aenogas\/wp-content\/uploads\/sites\/90\/2023\/06\/5.-Carolina-Real-subdirectora-de-la-Catedra-de-Agroturismo-y-Enoturismo-de-Canarias.jpeg 1600w\" sizes=\"(max-width: 1024px) 100vw, 1024px\" \/><\/figure>\n<\/figure>\n","protected":false},"excerpt":{"rendered":"<p>La isla de La Palma acogi\u00f3 el pasado 23 de junio la segunda edici\u00f3n del Foro de Innovaci\u00f3n y Sostenibilidad Enotur\u00edstica. La C\u00e1tedra de Agroturismo y Enoturismo de Canarias del Instituto Canario de Calidad Agroalimentaria y la Universidad de La Laguna organiz\u00f3 un encuentro en el que, agentes y profesionales del sector, comparten sus formas y herramientas para\u00a0 transmitir la esencia de una regi\u00f3n a trav\u00e9s de su vinculaci\u00f3n con el producto vitivin\u00edcola, desde una perspectiva innovadora y sostenible.<\/p>\n<div class=\"read-more\"><a href=\"https:\/\/wp.ull.es\/aenogas\/2023\/06\/25\/expertos-establecen-las-bases-de-la-innovacion-y-la-sostenibilidad-en-el-enoturismo\/\">Leer m\u00e1s \u203a<\/a><\/div>\n<p><!-- end of .read-more --><\/p>\n","protected":false},"author":227,"featured_media":3896,"comment_status":"open","ping_status":"open","sticky":false,"template":"","format":"standard","meta":{"footnotes":""},"categories":[11,1],"tags":[7,26,6],"class_list":["post-3895","post","type-post","status-publish","format-standard","has-post-thumbnail","hentry","category-blog","category-sin-categoria","tag-enoturismo","tag-innovacion","tag-universidad-de-la-laguna"],"yoast_head":"<!-- This site is optimized with the Yoast SEO plugin v27.4 - https:\/\/yoast.com\/product\/yoast-seo-wordpress\/ -->\n<title>Expertos establecen las\u00a0 bases de la innovaci\u00f3n y la\u00a0 sostenibilidad en el Enoturismo - Enoturismo Canarias<\/title>\n<meta name=\"robots\" content=\"index, follow, max-snippet:-1, max-image-preview:large, max-video-preview:-1\" \/>\n<link rel=\"canonical\" href=\"https:\/\/wp.ull.es\/aenogas\/2023\/06\/25\/expertos-establecen-las-bases-de-la-innovacion-y-la-sostenibilidad-en-el-enoturismo\/\" \/>\n<meta property=\"og:locale\" content=\"es_ES\" \/>\n<meta property=\"og:type\" content=\"article\" \/>\n<meta property=\"og:title\" content=\"Expertos establecen las\u00a0 bases de la innovaci\u00f3n y la\u00a0 sostenibilidad en el Enoturismo - Enoturismo Canarias\" \/>\n<meta property=\"og:description\" content=\"La isla de La Palma acogi\u00f3 el pasado 23 de junio la segunda edici\u00f3n del Foro de Innovaci\u00f3n y Sostenibilidad Enotur\u00edstica. La C\u00e1tedra de Agroturismo y Enoturismo de Canarias del Instituto Canario de Calidad Agroalimentaria y la Universidad de La Laguna organiz\u00f3 un encuentro en el que, agentes y profesionales del sector, comparten sus formas y herramientas para\u00a0 transmitir la esencia de una regi\u00f3n a trav\u00e9s de su vinculaci\u00f3n con el producto vitivin\u00edcola, desde una perspectiva innovadora y sostenible.Leer m\u00e1s \u203a\" \/>\n<meta property=\"og:url\" content=\"https:\/\/wp.ull.es\/aenogas\/2023\/06\/25\/expertos-establecen-las-bases-de-la-innovacion-y-la-sostenibilidad-en-el-enoturismo\/\" \/>\n<meta property=\"og:site_name\" content=\"Enoturismo Canarias\" \/>\n<meta property=\"article:publisher\" content=\"https:\/\/www.facebook.com\/enoturismoull\" \/>\n<meta property=\"article:published_time\" content=\"2023-06-25T09:33:23+00:00\" \/>\n<meta property=\"article:modified_time\" content=\"2023-06-25T18:23:08+00:00\" \/>\n<meta property=\"og:image\" content=\"https:\/\/wp.ull.es\/aenogas\/wp-content\/uploads\/sites\/90\/2023\/06\/4.-Intercambio-de-ideas-y-de-herramientas-para-la-actividad.jpeg\" \/>\n\t<meta property=\"og:image:width\" content=\"1616\" \/>\n\t<meta property=\"og:image:height\" content=\"1080\" \/>\n\t<meta property=\"og:image:type\" content=\"image\/jpeg\" \/>\n<meta name=\"author\" content=\"aenogas\" \/>\n<meta name=\"twitter:card\" content=\"summary_large_image\" \/>\n<meta name=\"twitter:creator\" content=\"@enoturismoull\" \/>\n<meta name=\"twitter:site\" content=\"@enoturismoull\" \/>\n<meta name=\"twitter:label1\" content=\"Escrito por\" \/>\n\t<meta name=\"twitter:data1\" content=\"aenogas\" \/>\n\t<meta name=\"twitter:label2\" content=\"Tiempo de lectura\" \/>\n\t<meta name=\"twitter:data2\" content=\"6 minutos\" \/>\n<script type=\"application\/ld+json\" class=\"yoast-schema-graph\">{\"@context\":\"https:\\\/\\\/schema.org\",\"@graph\":[{\"@type\":\"Article\",\"@id\":\"https:\\\/\\\/wp.ull.es\\\/aenogas\\\/2023\\\/06\\\/25\\\/expertos-establecen-las-bases-de-la-innovacion-y-la-sostenibilidad-en-el-enoturismo\\\/#article\",\"isPartOf\":{\"@id\":\"https:\\\/\\\/wp.ull.es\\\/aenogas\\\/2023\\\/06\\\/25\\\/expertos-establecen-las-bases-de-la-innovacion-y-la-sostenibilidad-en-el-enoturismo\\\/\"},\"author\":{\"name\":\"aenogas\",\"@id\":\"https:\\\/\\\/wp.ull.es\\\/aenogas\\\/#\\\/schema\\\/person\\\/08dc3be5406aba55875ae5024a8e7426\"},\"headline\":\"Expertos establecen las\u00a0 bases de la innovaci\u00f3n y la\u00a0 sostenibilidad en el Enoturismo\",\"datePublished\":\"2023-06-25T09:33:23+00:00\",\"dateModified\":\"2023-06-25T18:23:08+00:00\",\"mainEntityOfPage\":{\"@id\":\"https:\\\/\\\/wp.ull.es\\\/aenogas\\\/2023\\\/06\\\/25\\\/expertos-establecen-las-bases-de-la-innovacion-y-la-sostenibilidad-en-el-enoturismo\\\/\"},\"wordCount\":1229,\"commentCount\":0,\"publisher\":{\"@id\":\"https:\\\/\\\/wp.ull.es\\\/aenogas\\\/#organization\"},\"image\":{\"@id\":\"https:\\\/\\\/wp.ull.es\\\/aenogas\\\/2023\\\/06\\\/25\\\/expertos-establecen-las-bases-de-la-innovacion-y-la-sostenibilidad-en-el-enoturismo\\\/#primaryimage\"},\"thumbnailUrl\":\"https:\\\/\\\/wp.ull.es\\\/aenogas\\\/wp-content\\\/uploads\\\/sites\\\/90\\\/2023\\\/06\\\/4.-Intercambio-de-ideas-y-de-herramientas-para-la-actividad.jpeg\",\"keywords\":[\"enoturismo\",\"innovaci\u00f3n\",\"universidad de la laguna\"],\"articleSection\":[\"Blog\"],\"inLanguage\":\"es\",\"potentialAction\":[{\"@type\":\"CommentAction\",\"name\":\"Comment\",\"target\":[\"https:\\\/\\\/wp.ull.es\\\/aenogas\\\/2023\\\/06\\\/25\\\/expertos-establecen-las-bases-de-la-innovacion-y-la-sostenibilidad-en-el-enoturismo\\\/#respond\"]}]},{\"@type\":\"WebPage\",\"@id\":\"https:\\\/\\\/wp.ull.es\\\/aenogas\\\/2023\\\/06\\\/25\\\/expertos-establecen-las-bases-de-la-innovacion-y-la-sostenibilidad-en-el-enoturismo\\\/\",\"url\":\"https:\\\/\\\/wp.ull.es\\\/aenogas\\\/2023\\\/06\\\/25\\\/expertos-establecen-las-bases-de-la-innovacion-y-la-sostenibilidad-en-el-enoturismo\\\/\",\"name\":\"Expertos establecen las\u00a0 bases de la innovaci\u00f3n y la\u00a0 sostenibilidad en el Enoturismo - Enoturismo Canarias\",\"isPartOf\":{\"@id\":\"https:\\\/\\\/wp.ull.es\\\/aenogas\\\/#website\"},\"primaryImageOfPage\":{\"@id\":\"https:\\\/\\\/wp.ull.es\\\/aenogas\\\/2023\\\/06\\\/25\\\/expertos-establecen-las-bases-de-la-innovacion-y-la-sostenibilidad-en-el-enoturismo\\\/#primaryimage\"},\"image\":{\"@id\":\"https:\\\/\\\/wp.ull.es\\\/aenogas\\\/2023\\\/06\\\/25\\\/expertos-establecen-las-bases-de-la-innovacion-y-la-sostenibilidad-en-el-enoturismo\\\/#primaryimage\"},\"thumbnailUrl\":\"https:\\\/\\\/wp.ull.es\\\/aenogas\\\/wp-content\\\/uploads\\\/sites\\\/90\\\/2023\\\/06\\\/4.-Intercambio-de-ideas-y-de-herramientas-para-la-actividad.jpeg\",\"datePublished\":\"2023-06-25T09:33:23+00:00\",\"dateModified\":\"2023-06-25T18:23:08+00:00\",\"breadcrumb\":{\"@id\":\"https:\\\/\\\/wp.ull.es\\\/aenogas\\\/2023\\\/06\\\/25\\\/expertos-establecen-las-bases-de-la-innovacion-y-la-sostenibilidad-en-el-enoturismo\\\/#breadcrumb\"},\"inLanguage\":\"es\",\"potentialAction\":[{\"@type\":\"ReadAction\",\"target\":[\"https:\\\/\\\/wp.ull.es\\\/aenogas\\\/2023\\\/06\\\/25\\\/expertos-establecen-las-bases-de-la-innovacion-y-la-sostenibilidad-en-el-enoturismo\\\/\"]}]},{\"@type\":\"ImageObject\",\"inLanguage\":\"es\",\"@id\":\"https:\\\/\\\/wp.ull.es\\\/aenogas\\\/2023\\\/06\\\/25\\\/expertos-establecen-las-bases-de-la-innovacion-y-la-sostenibilidad-en-el-enoturismo\\\/#primaryimage\",\"url\":\"https:\\\/\\\/wp.ull.es\\\/aenogas\\\/wp-content\\\/uploads\\\/sites\\\/90\\\/2023\\\/06\\\/4.-Intercambio-de-ideas-y-de-herramientas-para-la-actividad.jpeg\",\"contentUrl\":\"https:\\\/\\\/wp.ull.es\\\/aenogas\\\/wp-content\\\/uploads\\\/sites\\\/90\\\/2023\\\/06\\\/4.-Intercambio-de-ideas-y-de-herramientas-para-la-actividad.jpeg\",\"width\":1616,\"height\":1080},{\"@type\":\"BreadcrumbList\",\"@id\":\"https:\\\/\\\/wp.ull.es\\\/aenogas\\\/2023\\\/06\\\/25\\\/expertos-establecen-las-bases-de-la-innovacion-y-la-sostenibilidad-en-el-enoturismo\\\/#breadcrumb\",\"itemListElement\":[{\"@type\":\"ListItem\",\"position\":1,\"name\":\"Portada\",\"item\":\"https:\\\/\\\/wp.ull.es\\\/aenogas\\\/\"},{\"@type\":\"ListItem\",\"position\":2,\"name\":\"Expertos establecen las\u00a0 bases de la innovaci\u00f3n y la\u00a0 sostenibilidad en el Enoturismo\"}]},{\"@type\":\"WebSite\",\"@id\":\"https:\\\/\\\/wp.ull.es\\\/aenogas\\\/#website\",\"url\":\"https:\\\/\\\/wp.ull.es\\\/aenogas\\\/\",\"name\":\"Enoturismo Canarias\",\"description\":\"C\u00e1tedra de Agroturismo y Enoturismo Instituto de Canario de Calidad Agroalimentaria\",\"publisher\":{\"@id\":\"https:\\\/\\\/wp.ull.es\\\/aenogas\\\/#organization\"},\"potentialAction\":[{\"@type\":\"SearchAction\",\"target\":{\"@type\":\"EntryPoint\",\"urlTemplate\":\"https:\\\/\\\/wp.ull.es\\\/aenogas\\\/?s={search_term_string}\"},\"query-input\":{\"@type\":\"PropertyValueSpecification\",\"valueRequired\":true,\"valueName\":\"search_term_string\"}}],\"inLanguage\":\"es\"},{\"@type\":\"Organization\",\"@id\":\"https:\\\/\\\/wp.ull.es\\\/aenogas\\\/#organization\",\"name\":\"C\u00e1tedra de Agroturismo y Enoturismo de Canarias del Instituto Canario de Calidad Agroalimentaria y de la Universidad de La Laguna\",\"url\":\"https:\\\/\\\/wp.ull.es\\\/aenogas\\\/\",\"logo\":{\"@type\":\"ImageObject\",\"inLanguage\":\"es\",\"@id\":\"https:\\\/\\\/wp.ull.es\\\/aenogas\\\/#\\\/schema\\\/logo\\\/image\\\/\",\"url\":\"https:\\\/\\\/wp.ull.es\\\/aenogas\\\/wp-content\\\/uploads\\\/sites\\\/90\\\/2021\\\/03\\\/Logotipo-Catedra.png\",\"contentUrl\":\"https:\\\/\\\/wp.ull.es\\\/aenogas\\\/wp-content\\\/uploads\\\/sites\\\/90\\\/2021\\\/03\\\/Logotipo-Catedra.png\",\"width\":300,\"height\":89,\"caption\":\"C\u00e1tedra de Agroturismo y Enoturismo de Canarias del Instituto Canario de Calidad Agroalimentaria y de la Universidad de La Laguna\"},\"image\":{\"@id\":\"https:\\\/\\\/wp.ull.es\\\/aenogas\\\/#\\\/schema\\\/logo\\\/image\\\/\"},\"sameAs\":[\"https:\\\/\\\/www.facebook.com\\\/enoturismoull\",\"https:\\\/\\\/x.com\\\/enoturismoull\",\"https:\\\/\\\/www.linkedin.com\\\/company\\\/40816665\\\/admin\\\/dashboard\\\/\"]},{\"@type\":\"Person\",\"@id\":\"https:\\\/\\\/wp.ull.es\\\/aenogas\\\/#\\\/schema\\\/person\\\/08dc3be5406aba55875ae5024a8e7426\",\"name\":\"aenogas\",\"image\":{\"@type\":\"ImageObject\",\"inLanguage\":\"es\",\"@id\":\"https:\\\/\\\/secure.gravatar.com\\\/avatar\\\/957f529db4c10409aeb4798f38d978d31a86852b0557feaaa15ada6691fe502f?s=96&d=mm&r=g\",\"url\":\"https:\\\/\\\/secure.gravatar.com\\\/avatar\\\/957f529db4c10409aeb4798f38d978d31a86852b0557feaaa15ada6691fe502f?s=96&d=mm&r=g\",\"contentUrl\":\"https:\\\/\\\/secure.gravatar.com\\\/avatar\\\/957f529db4c10409aeb4798f38d978d31a86852b0557feaaa15ada6691fe502f?s=96&d=mm&r=g\",\"caption\":\"aenogas\"},\"url\":\"https:\\\/\\\/wp.ull.es\\\/aenogas\\\/author\\\/aenogas\\\/\"}]}<\/script>\n<!-- \/ Yoast SEO plugin. -->","yoast_head_json":{"title":"Expertos establecen las\u00a0 bases de la innovaci\u00f3n y la\u00a0 sostenibilidad en el Enoturismo - Enoturismo Canarias","robots":{"index":"index","follow":"follow","max-snippet":"max-snippet:-1","max-image-preview":"max-image-preview:large","max-video-preview":"max-video-preview:-1"},"canonical":"https:\/\/wp.ull.es\/aenogas\/2023\/06\/25\/expertos-establecen-las-bases-de-la-innovacion-y-la-sostenibilidad-en-el-enoturismo\/","og_locale":"es_ES","og_type":"article","og_title":"Expertos establecen las\u00a0 bases de la innovaci\u00f3n y la\u00a0 sostenibilidad en el Enoturismo - Enoturismo Canarias","og_description":"La isla de La Palma acogi\u00f3 el pasado 23 de junio la segunda edici\u00f3n del Foro de Innovaci\u00f3n y Sostenibilidad Enotur\u00edstica. La C\u00e1tedra de Agroturismo y Enoturismo de Canarias del Instituto Canario de Calidad Agroalimentaria y la Universidad de La Laguna organiz\u00f3 un encuentro en el que, agentes y profesionales del sector, comparten sus formas y herramientas para\u00a0 transmitir la esencia de una regi\u00f3n a trav\u00e9s de su vinculaci\u00f3n con el producto vitivin\u00edcola, desde una perspectiva innovadora y sostenible.Leer m\u00e1s \u203a","og_url":"https:\/\/wp.ull.es\/aenogas\/2023\/06\/25\/expertos-establecen-las-bases-de-la-innovacion-y-la-sostenibilidad-en-el-enoturismo\/","og_site_name":"Enoturismo Canarias","article_publisher":"https:\/\/www.facebook.com\/enoturismoull","article_published_time":"2023-06-25T09:33:23+00:00","article_modified_time":"2023-06-25T18:23:08+00:00","og_image":[{"width":1616,"height":1080,"url":"https:\/\/wp.ull.es\/aenogas\/wp-content\/uploads\/sites\/90\/2023\/06\/4.-Intercambio-de-ideas-y-de-herramientas-para-la-actividad.jpeg","type":"image\/jpeg"}],"author":"aenogas","twitter_card":"summary_large_image","twitter_creator":"@enoturismoull","twitter_site":"@enoturismoull","twitter_misc":{"Escrito por":"aenogas","Tiempo de lectura":"6 minutos"},"schema":{"@context":"https:\/\/schema.org","@graph":[{"@type":"Article","@id":"https:\/\/wp.ull.es\/aenogas\/2023\/06\/25\/expertos-establecen-las-bases-de-la-innovacion-y-la-sostenibilidad-en-el-enoturismo\/#article","isPartOf":{"@id":"https:\/\/wp.ull.es\/aenogas\/2023\/06\/25\/expertos-establecen-las-bases-de-la-innovacion-y-la-sostenibilidad-en-el-enoturismo\/"},"author":{"name":"aenogas","@id":"https:\/\/wp.ull.es\/aenogas\/#\/schema\/person\/08dc3be5406aba55875ae5024a8e7426"},"headline":"Expertos establecen las\u00a0 bases de la innovaci\u00f3n y la\u00a0 sostenibilidad en el Enoturismo","datePublished":"2023-06-25T09:33:23+00:00","dateModified":"2023-06-25T18:23:08+00:00","mainEntityOfPage":{"@id":"https:\/\/wp.ull.es\/aenogas\/2023\/06\/25\/expertos-establecen-las-bases-de-la-innovacion-y-la-sostenibilidad-en-el-enoturismo\/"},"wordCount":1229,"commentCount":0,"publisher":{"@id":"https:\/\/wp.ull.es\/aenogas\/#organization"},"image":{"@id":"https:\/\/wp.ull.es\/aenogas\/2023\/06\/25\/expertos-establecen-las-bases-de-la-innovacion-y-la-sostenibilidad-en-el-enoturismo\/#primaryimage"},"thumbnailUrl":"https:\/\/wp.ull.es\/aenogas\/wp-content\/uploads\/sites\/90\/2023\/06\/4.-Intercambio-de-ideas-y-de-herramientas-para-la-actividad.jpeg","keywords":["enoturismo","innovaci\u00f3n","universidad de la laguna"],"articleSection":["Blog"],"inLanguage":"es","potentialAction":[{"@type":"CommentAction","name":"Comment","target":["https:\/\/wp.ull.es\/aenogas\/2023\/06\/25\/expertos-establecen-las-bases-de-la-innovacion-y-la-sostenibilidad-en-el-enoturismo\/#respond"]}]},{"@type":"WebPage","@id":"https:\/\/wp.ull.es\/aenogas\/2023\/06\/25\/expertos-establecen-las-bases-de-la-innovacion-y-la-sostenibilidad-en-el-enoturismo\/","url":"https:\/\/wp.ull.es\/aenogas\/2023\/06\/25\/expertos-establecen-las-bases-de-la-innovacion-y-la-sostenibilidad-en-el-enoturismo\/","name":"Expertos establecen las\u00a0 bases de la innovaci\u00f3n y la\u00a0 sostenibilidad en el Enoturismo - Enoturismo Canarias","isPartOf":{"@id":"https:\/\/wp.ull.es\/aenogas\/#website"},"primaryImageOfPage":{"@id":"https:\/\/wp.ull.es\/aenogas\/2023\/06\/25\/expertos-establecen-las-bases-de-la-innovacion-y-la-sostenibilidad-en-el-enoturismo\/#primaryimage"},"image":{"@id":"https:\/\/wp.ull.es\/aenogas\/2023\/06\/25\/expertos-establecen-las-bases-de-la-innovacion-y-la-sostenibilidad-en-el-enoturismo\/#primaryimage"},"thumbnailUrl":"https:\/\/wp.ull.es\/aenogas\/wp-content\/uploads\/sites\/90\/2023\/06\/4.-Intercambio-de-ideas-y-de-herramientas-para-la-actividad.jpeg","datePublished":"2023-06-25T09:33:23+00:00","dateModified":"2023-06-25T18:23:08+00:00","breadcrumb":{"@id":"https:\/\/wp.ull.es\/aenogas\/2023\/06\/25\/expertos-establecen-las-bases-de-la-innovacion-y-la-sostenibilidad-en-el-enoturismo\/#breadcrumb"},"inLanguage":"es","potentialAction":[{"@type":"ReadAction","target":["https:\/\/wp.ull.es\/aenogas\/2023\/06\/25\/expertos-establecen-las-bases-de-la-innovacion-y-la-sostenibilidad-en-el-enoturismo\/"]}]},{"@type":"ImageObject","inLanguage":"es","@id":"https:\/\/wp.ull.es\/aenogas\/2023\/06\/25\/expertos-establecen-las-bases-de-la-innovacion-y-la-sostenibilidad-en-el-enoturismo\/#primaryimage","url":"https:\/\/wp.ull.es\/aenogas\/wp-content\/uploads\/sites\/90\/2023\/06\/4.-Intercambio-de-ideas-y-de-herramientas-para-la-actividad.jpeg","contentUrl":"https:\/\/wp.ull.es\/aenogas\/wp-content\/uploads\/sites\/90\/2023\/06\/4.-Intercambio-de-ideas-y-de-herramientas-para-la-actividad.jpeg","width":1616,"height":1080},{"@type":"BreadcrumbList","@id":"https:\/\/wp.ull.es\/aenogas\/2023\/06\/25\/expertos-establecen-las-bases-de-la-innovacion-y-la-sostenibilidad-en-el-enoturismo\/#breadcrumb","itemListElement":[{"@type":"ListItem","position":1,"name":"Portada","item":"https:\/\/wp.ull.es\/aenogas\/"},{"@type":"ListItem","position":2,"name":"Expertos establecen las\u00a0 bases de la innovaci\u00f3n y la\u00a0 sostenibilidad en el Enoturismo"}]},{"@type":"WebSite","@id":"https:\/\/wp.ull.es\/aenogas\/#website","url":"https:\/\/wp.ull.es\/aenogas\/","name":"Enoturismo Canarias","description":"C\u00e1tedra de Agroturismo y Enoturismo Instituto de Canario de Calidad Agroalimentaria","publisher":{"@id":"https:\/\/wp.ull.es\/aenogas\/#organization"},"potentialAction":[{"@type":"SearchAction","target":{"@type":"EntryPoint","urlTemplate":"https:\/\/wp.ull.es\/aenogas\/?s={search_term_string}"},"query-input":{"@type":"PropertyValueSpecification","valueRequired":true,"valueName":"search_term_string"}}],"inLanguage":"es"},{"@type":"Organization","@id":"https:\/\/wp.ull.es\/aenogas\/#organization","name":"C\u00e1tedra de Agroturismo y Enoturismo de Canarias del Instituto Canario de Calidad Agroalimentaria y de la Universidad de La Laguna","url":"https:\/\/wp.ull.es\/aenogas\/","logo":{"@type":"ImageObject","inLanguage":"es","@id":"https:\/\/wp.ull.es\/aenogas\/#\/schema\/logo\/image\/","url":"https:\/\/wp.ull.es\/aenogas\/wp-content\/uploads\/sites\/90\/2021\/03\/Logotipo-Catedra.png","contentUrl":"https:\/\/wp.ull.es\/aenogas\/wp-content\/uploads\/sites\/90\/2021\/03\/Logotipo-Catedra.png","width":300,"height":89,"caption":"C\u00e1tedra de Agroturismo y Enoturismo de Canarias del Instituto Canario de Calidad Agroalimentaria y de la Universidad de La Laguna"},"image":{"@id":"https:\/\/wp.ull.es\/aenogas\/#\/schema\/logo\/image\/"},"sameAs":["https:\/\/www.facebook.com\/enoturismoull","https:\/\/x.com\/enoturismoull","https:\/\/www.linkedin.com\/company\/40816665\/admin\/dashboard\/"]},{"@type":"Person","@id":"https:\/\/wp.ull.es\/aenogas\/#\/schema\/person\/08dc3be5406aba55875ae5024a8e7426","name":"aenogas","image":{"@type":"ImageObject","inLanguage":"es","@id":"https:\/\/secure.gravatar.com\/avatar\/957f529db4c10409aeb4798f38d978d31a86852b0557feaaa15ada6691fe502f?s=96&d=mm&r=g","url":"https:\/\/secure.gravatar.com\/avatar\/957f529db4c10409aeb4798f38d978d31a86852b0557feaaa15ada6691fe502f?s=96&d=mm&r=g","contentUrl":"https:\/\/secure.gravatar.com\/avatar\/957f529db4c10409aeb4798f38d978d31a86852b0557feaaa15ada6691fe502f?s=96&d=mm&r=g","caption":"aenogas"},"url":"https:\/\/wp.ull.es\/aenogas\/author\/aenogas\/"}]}},"_links":{"self":[{"href":"https:\/\/wp.ull.es\/aenogas\/wp-json\/wp\/v2\/posts\/3895","targetHints":{"allow":["GET"]}}],"collection":[{"href":"https:\/\/wp.ull.es\/aenogas\/wp-json\/wp\/v2\/posts"}],"about":[{"href":"https:\/\/wp.ull.es\/aenogas\/wp-json\/wp\/v2\/types\/post"}],"author":[{"embeddable":true,"href":"https:\/\/wp.ull.es\/aenogas\/wp-json\/wp\/v2\/users\/227"}],"replies":[{"embeddable":true,"href":"https:\/\/wp.ull.es\/aenogas\/wp-json\/wp\/v2\/comments?post=3895"}],"version-history":[{"count":1,"href":"https:\/\/wp.ull.es\/aenogas\/wp-json\/wp\/v2\/posts\/3895\/revisions"}],"predecessor-version":[{"id":3905,"href":"https:\/\/wp.ull.es\/aenogas\/wp-json\/wp\/v2\/posts\/3895\/revisions\/3905"}],"wp:featuredmedia":[{"embeddable":true,"href":"https:\/\/wp.ull.es\/aenogas\/wp-json\/wp\/v2\/media\/3896"}],"wp:attachment":[{"href":"https:\/\/wp.ull.es\/aenogas\/wp-json\/wp\/v2\/media?parent=3895"}],"wp:term":[{"taxonomy":"category","embeddable":true,"href":"https:\/\/wp.ull.es\/aenogas\/wp-json\/wp\/v2\/categories?post=3895"},{"taxonomy":"post_tag","embeddable":true,"href":"https:\/\/wp.ull.es\/aenogas\/wp-json\/wp\/v2\/tags?post=3895"}],"curies":[{"name":"wp","href":"https:\/\/api.w.org\/{rel}","templated":true}]}}