{"id":3652,"date":"2023-04-04T12:00:00","date_gmt":"2023-04-04T12:00:00","guid":{"rendered":"https:\/\/wp.ull.es\/aenogas\/?p=3652"},"modified":"2023-04-04T12:09:10","modified_gmt":"2023-04-04T12:09:10","slug":"la-ull-y-el-icca-renuevan-su-compromiso-con-la-catedra-de-agroturismo-y-enoturismo-de-canarias%ef%bf%bc","status":"publish","type":"post","link":"https:\/\/wp.ull.es\/aenogas\/2023\/04\/04\/la-ull-y-el-icca-renuevan-su-compromiso-con-la-catedra-de-agroturismo-y-enoturismo-de-canarias%ef%bf%bc\/","title":{"rendered":"La ULL y el ICCA renuevan su compromiso con la C\u00e1tedra de Agroturismo y Enoturismo de Canarias"},"content":{"rendered":"\n<p><strong>La Universidad de La Laguna y el Instituto Canario de Calidad Agroalimentaria firman el convenio correspondiente al 2023-2024<\/strong><\/p>\n\n\n\n<p>La Universidad de La Laguna y el Instituto Canario de Calidad Agroalimentaria consolidan el desarrollo de la C\u00e1tedra de Agroturismo y Enoturismo de Canarias para el nuevo per\u00edodo 2023-2024. Tras la rubricaci\u00f3n del convenio por la rectora de la ULL, Rosa Mar\u00eda Aguilar Chinea y la consejera de Agricultura, Ganader\u00eda y Pesca del Gobierno de Canarias, Alicia Vanoostende Simili, se ha constituido la Comisi\u00f3n Mixta de la entidad<\/p>\n\n\n\n<p>Asimismo, la C\u00e1tedra anunci\u00f3 el comienzo de ejecuci\u00f3n de su plan de acci\u00f3n establecido para la anualidad en curso, una estrategia enfocada en la consolidaci\u00f3n de investigaci\u00f3n y formaci\u00f3n especializada, as\u00ed como trabajar en la internacionalizaci\u00f3n.<\/p>\n\n\n\n<p>Durante la celebraci\u00f3n de la reuni\u00f3n de la Comisi\u00f3n Mixta, el profesor titular de la Universidad de La Laguna, Jos\u00e9 Antonio Gonz\u00e1lez Marrero, fue designado como nuevo director de la C\u00e1tedra. El docente sustituir\u00e1 en sus labores al profesor Carlos Fern\u00e1ndez Hern\u00e1ndez, quien desde el 2020 se encarg\u00f3 de la gesti\u00f3n de proyectos y acciones de la C\u00e1tedra. Gonz\u00e1lez Marrero comenta ante los presentes su entusiasmo y satisfacci\u00f3n por ser parte del proyecto ya consolidado. En la misma l\u00ednea, recalc\u00f3 que: \u201cla C\u00e1tedra tiene un objetivo com\u00fan muy importante: ser un espacio de reflexi\u00f3n desde el seno de la Universidad en los \u00e1mbitos del sector primario y la actividad enotur\u00edstica\u201d.<\/p>\n\n\n\n<p>El encuentro cont\u00f3 con la presencia del vicerrector de Cultura y Participaci\u00f3n Social, Juan Albino M\u00e9ndez; el director del Instituto Canario de Calidad Agroalimentaria, Jos\u00e9 Basilio P\u00e9rez Rodr\u00edguez; el director de secretariado de C\u00e1tedras Institucionales, Manuel Gonz\u00e1lez de la Rosa; el director entrante y saliente, as\u00ed como el subdirector de la C\u00e1tedra, Gabriel Santos Garc\u00eda.&nbsp;<\/p>\n\n\n\n<p><strong>\u201cEl ICCA apoya los proyectos que le den luz al sector agroenotur\u00edstico en el Archipi\u00e9lago, por eso apuesta por la C\u00e1tedra\u201d&nbsp;<\/strong><\/p>\n\n\n\n<p>Juan Albino, en su intervenci\u00f3n, hizo hincapi\u00e9 en la importancia de renovar la relaci\u00f3n con el ICCA, ya que lo que en la actualidad es una C\u00e1tedra comenz\u00f3 siendo tan solo un aula cultural. \u201cLa C\u00e1tedra, ahora mismo, tiene una proyecci\u00f3n en toda Canarias y una relaci\u00f3n directa con los agentes del sector primario\u201d, se\u00f1al\u00f3. Jos\u00e9 Basilio, en su respuesta, coment\u00f3 que el ICCA apoya los proyectos que den luz al sector agroenotur\u00edstico en el Archipi\u00e9lago y que por eso apuesta por ella.&nbsp;<\/p>\n\n\n\n<p>El profesor Jos\u00e9 Antonio Gonz\u00e1lez, a partir de ahora, coge las riendas de la C\u00e1tedra de Agroturismo y Enoturismo de Canarias junto a un equipo multidisciplinar. Es decir, no solo docentes titulares de la Universidad de La Laguna y de la Universidad de Las Palmas de Gran Canaria, sino tambi\u00e9n profesionales vinculados al enogastroturismo. En conjunto, trabajar\u00e1n por mantener y promover los cambios necesarios que ameriten la confluencia entre el sector primario y la actividad tur\u00edstica amplia y diversa con la que cuentan las Islas Canarias.&nbsp;<\/p>\n","protected":false},"excerpt":{"rendered":"<p>Durante la celebraci\u00f3n de la reuni\u00f3n de la Comisi\u00f3n Mixta, el profesor titular de la Universidad de La Laguna, Jos\u00e9 Antonio Gonz\u00e1lez Marrero, fue designado como nuevo director de la C\u00e1tedra. El docente sustituir\u00e1 en sus labores al profesor Carlos Fern\u00e1ndez Hern\u00e1ndez, quien desde el 2020 se encarg\u00f3 de la gesti\u00f3n de proyectos y acciones de la C\u00e1tedra. Gonz\u00e1lez Marrero comenta ante los presentes su entusiasmo y satisfacci\u00f3n por ser parte del proyecto ya consolidado. En la misma l\u00ednea, recalc\u00f3 que: \u201cla C\u00e1tedra tiene un objetivo com\u00fan muy importante: ser un espacio de reflexi\u00f3n desde el seno de la Universidad en los \u00e1mbitos del sector primario y la actividad enotur\u00edstica\u201d.<\/p>\n<div class=\"read-more\"><a href=\"https:\/\/wp.ull.es\/aenogas\/2023\/04\/04\/la-ull-y-el-icca-renuevan-su-compromiso-con-la-catedra-de-agroturismo-y-enoturismo-de-canarias%ef%bf%bc\/\">Leer m\u00e1s \u203a<\/a><\/div>\n<p><!-- end of .read-more --><\/p>\n","protected":false},"author":227,"featured_media":3653,"comment_status":"open","ping_status":"open","sticky":false,"template":"","format":"standard","meta":{"footnotes":""},"categories":[11],"tags":[7,48,6,5],"class_list":["post-3652","post","type-post","status-publish","format-standard","has-post-thumbnail","hentry","category-blog","tag-enoturismo","tag-jose-antonio-gonzalez-marrero","tag-universidad-de-la-laguna","tag-wineull"],"yoast_head":"<!-- This site is optimized with the Yoast SEO plugin v27.5 - https:\/\/yoast.com\/product\/yoast-seo-wordpress\/ -->\n<title>La ULL y el ICCA renuevan su compromiso con la C\u00e1tedra de Agroturismo y Enoturismo de Canarias - Enoturismo Canarias<\/title>\n<meta name=\"robots\" content=\"index, follow, max-snippet:-1, max-image-preview:large, max-video-preview:-1\" \/>\n<link rel=\"canonical\" href=\"https:\/\/wp.ull.es\/aenogas\/2023\/04\/04\/la-ull-y-el-icca-renuevan-su-compromiso-con-la-catedra-de-agroturismo-y-enoturismo-de-canarias\ufffc\/\" \/>\n<meta property=\"og:locale\" content=\"es_ES\" \/>\n<meta property=\"og:type\" content=\"article\" \/>\n<meta property=\"og:title\" content=\"La ULL y el ICCA renuevan su compromiso con la C\u00e1tedra de Agroturismo y Enoturismo de Canarias - Enoturismo Canarias\" \/>\n<meta property=\"og:description\" content=\"Durante la celebraci\u00f3n de la reuni\u00f3n de la Comisi\u00f3n Mixta, el profesor titular de la Universidad de La Laguna, Jos\u00e9 Antonio Gonz\u00e1lez Marrero, fue designado como nuevo director de la C\u00e1tedra. El docente sustituir\u00e1 en sus labores al profesor Carlos Fern\u00e1ndez Hern\u00e1ndez, quien desde el 2020 se encarg\u00f3 de la gesti\u00f3n de proyectos y acciones de la C\u00e1tedra. Gonz\u00e1lez Marrero comenta ante los presentes su entusiasmo y satisfacci\u00f3n por ser parte del proyecto ya consolidado. En la misma l\u00ednea, recalc\u00f3 que: \u201cla C\u00e1tedra tiene un objetivo com\u00fan muy importante: ser un espacio de reflexi\u00f3n desde el seno de la Universidad en los \u00e1mbitos del sector primario y la actividad enotur\u00edstica\u201d.Leer m\u00e1s \u203a\" \/>\n<meta property=\"og:url\" content=\"https:\/\/wp.ull.es\/aenogas\/2023\/04\/04\/la-ull-y-el-icca-renuevan-su-compromiso-con-la-catedra-de-agroturismo-y-enoturismo-de-canarias\ufffc\/\" \/>\n<meta property=\"og:site_name\" content=\"Enoturismo Canarias\" \/>\n<meta property=\"article:publisher\" content=\"https:\/\/www.facebook.com\/enoturismoull\" \/>\n<meta property=\"article:published_time\" content=\"2023-04-04T12:00:00+00:00\" \/>\n<meta property=\"article:modified_time\" content=\"2023-04-04T12:09:10+00:00\" \/>\n<meta property=\"og:image\" content=\"https:\/\/wp.ull.es\/aenogas\/wp-content\/uploads\/sites\/90\/2023\/04\/1.-Jose-Antonio-Gonzalez-Marrero-nuevo-director-de-la-Catedra-de-Agroturismo-y-Enoturismo-de-Canarias.-.jpg\" \/>\n\t<meta property=\"og:image:width\" content=\"1600\" \/>\n\t<meta property=\"og:image:height\" content=\"1060\" \/>\n\t<meta property=\"og:image:type\" content=\"image\/jpeg\" \/>\n<meta name=\"author\" content=\"aenogas\" \/>\n<meta name=\"twitter:card\" content=\"summary_large_image\" \/>\n<meta name=\"twitter:creator\" content=\"@enoturismoull\" \/>\n<meta name=\"twitter:site\" content=\"@enoturismoull\" \/>\n<meta name=\"twitter:label1\" content=\"Escrito por\" \/>\n\t<meta name=\"twitter:data1\" content=\"aenogas\" \/>\n\t<meta name=\"twitter:label2\" content=\"Tiempo de lectura\" \/>\n\t<meta name=\"twitter:data2\" content=\"3 minutos\" \/>\n<script type=\"application\/ld+json\" class=\"yoast-schema-graph\">{\"@context\":\"https:\\\/\\\/schema.org\",\"@graph\":[{\"@type\":\"Article\",\"@id\":\"https:\\\/\\\/wp.ull.es\\\/aenogas\\\/2023\\\/04\\\/04\\\/la-ull-y-el-icca-renuevan-su-compromiso-con-la-catedra-de-agroturismo-y-enoturismo-de-canarias%ef%bf%bc\\\/#article\",\"isPartOf\":{\"@id\":\"https:\\\/\\\/wp.ull.es\\\/aenogas\\\/2023\\\/04\\\/04\\\/la-ull-y-el-icca-renuevan-su-compromiso-con-la-catedra-de-agroturismo-y-enoturismo-de-canarias%ef%bf%bc\\\/\"},\"author\":{\"name\":\"aenogas\",\"@id\":\"https:\\\/\\\/wp.ull.es\\\/aenogas\\\/#\\\/schema\\\/person\\\/08dc3be5406aba55875ae5024a8e7426\"},\"headline\":\"La ULL y el ICCA renuevan su compromiso con la C\u00e1tedra de Agroturismo y Enoturismo de Canarias\",\"datePublished\":\"2023-04-04T12:00:00+00:00\",\"dateModified\":\"2023-04-04T12:09:10+00:00\",\"mainEntityOfPage\":{\"@id\":\"https:\\\/\\\/wp.ull.es\\\/aenogas\\\/2023\\\/04\\\/04\\\/la-ull-y-el-icca-renuevan-su-compromiso-con-la-catedra-de-agroturismo-y-enoturismo-de-canarias%ef%bf%bc\\\/\"},\"wordCount\":552,\"commentCount\":0,\"publisher\":{\"@id\":\"https:\\\/\\\/wp.ull.es\\\/aenogas\\\/#organization\"},\"image\":{\"@id\":\"https:\\\/\\\/wp.ull.es\\\/aenogas\\\/2023\\\/04\\\/04\\\/la-ull-y-el-icca-renuevan-su-compromiso-con-la-catedra-de-agroturismo-y-enoturismo-de-canarias%ef%bf%bc\\\/#primaryimage\"},\"thumbnailUrl\":\"https:\\\/\\\/wp.ull.es\\\/aenogas\\\/wp-content\\\/uploads\\\/sites\\\/90\\\/2023\\\/04\\\/1.-Jose-Antonio-Gonzalez-Marrero-nuevo-director-de-la-Catedra-de-Agroturismo-y-Enoturismo-de-Canarias.-.jpg\",\"keywords\":[\"enoturismo\",\"Jos\u00e9 Antonio Gonz\u00e1lez Marrero\",\"universidad de la laguna\",\"wineull\"],\"articleSection\":[\"Blog\"],\"inLanguage\":\"es\",\"potentialAction\":[{\"@type\":\"CommentAction\",\"name\":\"Comment\",\"target\":[\"https:\\\/\\\/wp.ull.es\\\/aenogas\\\/2023\\\/04\\\/04\\\/la-ull-y-el-icca-renuevan-su-compromiso-con-la-catedra-de-agroturismo-y-enoturismo-de-canarias%ef%bf%bc\\\/#respond\"]}]},{\"@type\":\"WebPage\",\"@id\":\"https:\\\/\\\/wp.ull.es\\\/aenogas\\\/2023\\\/04\\\/04\\\/la-ull-y-el-icca-renuevan-su-compromiso-con-la-catedra-de-agroturismo-y-enoturismo-de-canarias%ef%bf%bc\\\/\",\"url\":\"https:\\\/\\\/wp.ull.es\\\/aenogas\\\/2023\\\/04\\\/04\\\/la-ull-y-el-icca-renuevan-su-compromiso-con-la-catedra-de-agroturismo-y-enoturismo-de-canarias%ef%bf%bc\\\/\",\"name\":\"La ULL y el ICCA renuevan su compromiso con la C\u00e1tedra de Agroturismo y Enoturismo de Canarias - Enoturismo Canarias\",\"isPartOf\":{\"@id\":\"https:\\\/\\\/wp.ull.es\\\/aenogas\\\/#website\"},\"primaryImageOfPage\":{\"@id\":\"https:\\\/\\\/wp.ull.es\\\/aenogas\\\/2023\\\/04\\\/04\\\/la-ull-y-el-icca-renuevan-su-compromiso-con-la-catedra-de-agroturismo-y-enoturismo-de-canarias%ef%bf%bc\\\/#primaryimage\"},\"image\":{\"@id\":\"https:\\\/\\\/wp.ull.es\\\/aenogas\\\/2023\\\/04\\\/04\\\/la-ull-y-el-icca-renuevan-su-compromiso-con-la-catedra-de-agroturismo-y-enoturismo-de-canarias%ef%bf%bc\\\/#primaryimage\"},\"thumbnailUrl\":\"https:\\\/\\\/wp.ull.es\\\/aenogas\\\/wp-content\\\/uploads\\\/sites\\\/90\\\/2023\\\/04\\\/1.-Jose-Antonio-Gonzalez-Marrero-nuevo-director-de-la-Catedra-de-Agroturismo-y-Enoturismo-de-Canarias.-.jpg\",\"datePublished\":\"2023-04-04T12:00:00+00:00\",\"dateModified\":\"2023-04-04T12:09:10+00:00\",\"breadcrumb\":{\"@id\":\"https:\\\/\\\/wp.ull.es\\\/aenogas\\\/2023\\\/04\\\/04\\\/la-ull-y-el-icca-renuevan-su-compromiso-con-la-catedra-de-agroturismo-y-enoturismo-de-canarias%ef%bf%bc\\\/#breadcrumb\"},\"inLanguage\":\"es\",\"potentialAction\":[{\"@type\":\"ReadAction\",\"target\":[\"https:\\\/\\\/wp.ull.es\\\/aenogas\\\/2023\\\/04\\\/04\\\/la-ull-y-el-icca-renuevan-su-compromiso-con-la-catedra-de-agroturismo-y-enoturismo-de-canarias%ef%bf%bc\\\/\"]}]},{\"@type\":\"ImageObject\",\"inLanguage\":\"es\",\"@id\":\"https:\\\/\\\/wp.ull.es\\\/aenogas\\\/2023\\\/04\\\/04\\\/la-ull-y-el-icca-renuevan-su-compromiso-con-la-catedra-de-agroturismo-y-enoturismo-de-canarias%ef%bf%bc\\\/#primaryimage\",\"url\":\"https:\\\/\\\/wp.ull.es\\\/aenogas\\\/wp-content\\\/uploads\\\/sites\\\/90\\\/2023\\\/04\\\/1.-Jose-Antonio-Gonzalez-Marrero-nuevo-director-de-la-Catedra-de-Agroturismo-y-Enoturismo-de-Canarias.-.jpg\",\"contentUrl\":\"https:\\\/\\\/wp.ull.es\\\/aenogas\\\/wp-content\\\/uploads\\\/sites\\\/90\\\/2023\\\/04\\\/1.-Jose-Antonio-Gonzalez-Marrero-nuevo-director-de-la-Catedra-de-Agroturismo-y-Enoturismo-de-Canarias.-.jpg\",\"width\":1600,\"height\":1060},{\"@type\":\"BreadcrumbList\",\"@id\":\"https:\\\/\\\/wp.ull.es\\\/aenogas\\\/2023\\\/04\\\/04\\\/la-ull-y-el-icca-renuevan-su-compromiso-con-la-catedra-de-agroturismo-y-enoturismo-de-canarias%ef%bf%bc\\\/#breadcrumb\",\"itemListElement\":[{\"@type\":\"ListItem\",\"position\":1,\"name\":\"Portada\",\"item\":\"https:\\\/\\\/wp.ull.es\\\/aenogas\\\/\"},{\"@type\":\"ListItem\",\"position\":2,\"name\":\"La ULL y el ICCA renuevan su compromiso con la C\u00e1tedra de Agroturismo y Enoturismo de Canarias\"}]},{\"@type\":\"WebSite\",\"@id\":\"https:\\\/\\\/wp.ull.es\\\/aenogas\\\/#website\",\"url\":\"https:\\\/\\\/wp.ull.es\\\/aenogas\\\/\",\"name\":\"Enoturismo Canarias\",\"description\":\"C\u00e1tedra de Agroturismo y Enoturismo Instituto de Canario de Calidad Agroalimentaria\",\"publisher\":{\"@id\":\"https:\\\/\\\/wp.ull.es\\\/aenogas\\\/#organization\"},\"potentialAction\":[{\"@type\":\"SearchAction\",\"target\":{\"@type\":\"EntryPoint\",\"urlTemplate\":\"https:\\\/\\\/wp.ull.es\\\/aenogas\\\/?s={search_term_string}\"},\"query-input\":{\"@type\":\"PropertyValueSpecification\",\"valueRequired\":true,\"valueName\":\"search_term_string\"}}],\"inLanguage\":\"es\"},{\"@type\":\"Organization\",\"@id\":\"https:\\\/\\\/wp.ull.es\\\/aenogas\\\/#organization\",\"name\":\"C\u00e1tedra de Agroturismo y Enoturismo de Canarias del Instituto Canario de Calidad Agroalimentaria y de la Universidad de La Laguna\",\"url\":\"https:\\\/\\\/wp.ull.es\\\/aenogas\\\/\",\"logo\":{\"@type\":\"ImageObject\",\"inLanguage\":\"es\",\"@id\":\"https:\\\/\\\/wp.ull.es\\\/aenogas\\\/#\\\/schema\\\/logo\\\/image\\\/\",\"url\":\"https:\\\/\\\/wp.ull.es\\\/aenogas\\\/wp-content\\\/uploads\\\/sites\\\/90\\\/2021\\\/03\\\/Logotipo-Catedra.png\",\"contentUrl\":\"https:\\\/\\\/wp.ull.es\\\/aenogas\\\/wp-content\\\/uploads\\\/sites\\\/90\\\/2021\\\/03\\\/Logotipo-Catedra.png\",\"width\":300,\"height\":89,\"caption\":\"C\u00e1tedra de Agroturismo y Enoturismo de Canarias del Instituto Canario de Calidad Agroalimentaria y de la Universidad de La Laguna\"},\"image\":{\"@id\":\"https:\\\/\\\/wp.ull.es\\\/aenogas\\\/#\\\/schema\\\/logo\\\/image\\\/\"},\"sameAs\":[\"https:\\\/\\\/www.facebook.com\\\/enoturismoull\",\"https:\\\/\\\/x.com\\\/enoturismoull\",\"https:\\\/\\\/www.linkedin.com\\\/company\\\/40816665\\\/admin\\\/dashboard\\\/\"]},{\"@type\":\"Person\",\"@id\":\"https:\\\/\\\/wp.ull.es\\\/aenogas\\\/#\\\/schema\\\/person\\\/08dc3be5406aba55875ae5024a8e7426\",\"name\":\"aenogas\",\"image\":{\"@type\":\"ImageObject\",\"inLanguage\":\"es\",\"@id\":\"https:\\\/\\\/secure.gravatar.com\\\/avatar\\\/957f529db4c10409aeb4798f38d978d31a86852b0557feaaa15ada6691fe502f?s=96&d=mm&r=g\",\"url\":\"https:\\\/\\\/secure.gravatar.com\\\/avatar\\\/957f529db4c10409aeb4798f38d978d31a86852b0557feaaa15ada6691fe502f?s=96&d=mm&r=g\",\"contentUrl\":\"https:\\\/\\\/secure.gravatar.com\\\/avatar\\\/957f529db4c10409aeb4798f38d978d31a86852b0557feaaa15ada6691fe502f?s=96&d=mm&r=g\",\"caption\":\"aenogas\"},\"url\":\"https:\\\/\\\/wp.ull.es\\\/aenogas\\\/author\\\/aenogas\\\/\"}]}<\/script>\n<!-- \/ Yoast SEO plugin. -->","yoast_head_json":{"title":"La ULL y el ICCA renuevan su compromiso con la C\u00e1tedra de Agroturismo y Enoturismo de Canarias - Enoturismo Canarias","robots":{"index":"index","follow":"follow","max-snippet":"max-snippet:-1","max-image-preview":"max-image-preview:large","max-video-preview":"max-video-preview:-1"},"canonical":"https:\/\/wp.ull.es\/aenogas\/2023\/04\/04\/la-ull-y-el-icca-renuevan-su-compromiso-con-la-catedra-de-agroturismo-y-enoturismo-de-canarias\ufffc\/","og_locale":"es_ES","og_type":"article","og_title":"La ULL y el ICCA renuevan su compromiso con la C\u00e1tedra de Agroturismo y Enoturismo de Canarias - Enoturismo Canarias","og_description":"Durante la celebraci\u00f3n de la reuni\u00f3n de la Comisi\u00f3n Mixta, el profesor titular de la Universidad de La Laguna, Jos\u00e9 Antonio Gonz\u00e1lez Marrero, fue designado como nuevo director de la C\u00e1tedra. El docente sustituir\u00e1 en sus labores al profesor Carlos Fern\u00e1ndez Hern\u00e1ndez, quien desde el 2020 se encarg\u00f3 de la gesti\u00f3n de proyectos y acciones de la C\u00e1tedra. Gonz\u00e1lez Marrero comenta ante los presentes su entusiasmo y satisfacci\u00f3n por ser parte del proyecto ya consolidado. En la misma l\u00ednea, recalc\u00f3 que: \u201cla C\u00e1tedra tiene un objetivo com\u00fan muy importante: ser un espacio de reflexi\u00f3n desde el seno de la Universidad en los \u00e1mbitos del sector primario y la actividad enotur\u00edstica\u201d.Leer m\u00e1s \u203a","og_url":"https:\/\/wp.ull.es\/aenogas\/2023\/04\/04\/la-ull-y-el-icca-renuevan-su-compromiso-con-la-catedra-de-agroturismo-y-enoturismo-de-canarias\ufffc\/","og_site_name":"Enoturismo Canarias","article_publisher":"https:\/\/www.facebook.com\/enoturismoull","article_published_time":"2023-04-04T12:00:00+00:00","article_modified_time":"2023-04-04T12:09:10+00:00","og_image":[{"width":1600,"height":1060,"url":"https:\/\/wp.ull.es\/aenogas\/wp-content\/uploads\/sites\/90\/2023\/04\/1.-Jose-Antonio-Gonzalez-Marrero-nuevo-director-de-la-Catedra-de-Agroturismo-y-Enoturismo-de-Canarias.-.jpg","type":"image\/jpeg"}],"author":"aenogas","twitter_card":"summary_large_image","twitter_creator":"@enoturismoull","twitter_site":"@enoturismoull","twitter_misc":{"Escrito por":"aenogas","Tiempo de lectura":"3 minutos"},"schema":{"@context":"https:\/\/schema.org","@graph":[{"@type":"Article","@id":"https:\/\/wp.ull.es\/aenogas\/2023\/04\/04\/la-ull-y-el-icca-renuevan-su-compromiso-con-la-catedra-de-agroturismo-y-enoturismo-de-canarias%ef%bf%bc\/#article","isPartOf":{"@id":"https:\/\/wp.ull.es\/aenogas\/2023\/04\/04\/la-ull-y-el-icca-renuevan-su-compromiso-con-la-catedra-de-agroturismo-y-enoturismo-de-canarias%ef%bf%bc\/"},"author":{"name":"aenogas","@id":"https:\/\/wp.ull.es\/aenogas\/#\/schema\/person\/08dc3be5406aba55875ae5024a8e7426"},"headline":"La ULL y el ICCA renuevan su compromiso con la C\u00e1tedra de Agroturismo y Enoturismo de Canarias","datePublished":"2023-04-04T12:00:00+00:00","dateModified":"2023-04-04T12:09:10+00:00","mainEntityOfPage":{"@id":"https:\/\/wp.ull.es\/aenogas\/2023\/04\/04\/la-ull-y-el-icca-renuevan-su-compromiso-con-la-catedra-de-agroturismo-y-enoturismo-de-canarias%ef%bf%bc\/"},"wordCount":552,"commentCount":0,"publisher":{"@id":"https:\/\/wp.ull.es\/aenogas\/#organization"},"image":{"@id":"https:\/\/wp.ull.es\/aenogas\/2023\/04\/04\/la-ull-y-el-icca-renuevan-su-compromiso-con-la-catedra-de-agroturismo-y-enoturismo-de-canarias%ef%bf%bc\/#primaryimage"},"thumbnailUrl":"https:\/\/wp.ull.es\/aenogas\/wp-content\/uploads\/sites\/90\/2023\/04\/1.-Jose-Antonio-Gonzalez-Marrero-nuevo-director-de-la-Catedra-de-Agroturismo-y-Enoturismo-de-Canarias.-.jpg","keywords":["enoturismo","Jos\u00e9 Antonio Gonz\u00e1lez Marrero","universidad de la laguna","wineull"],"articleSection":["Blog"],"inLanguage":"es","potentialAction":[{"@type":"CommentAction","name":"Comment","target":["https:\/\/wp.ull.es\/aenogas\/2023\/04\/04\/la-ull-y-el-icca-renuevan-su-compromiso-con-la-catedra-de-agroturismo-y-enoturismo-de-canarias%ef%bf%bc\/#respond"]}]},{"@type":"WebPage","@id":"https:\/\/wp.ull.es\/aenogas\/2023\/04\/04\/la-ull-y-el-icca-renuevan-su-compromiso-con-la-catedra-de-agroturismo-y-enoturismo-de-canarias%ef%bf%bc\/","url":"https:\/\/wp.ull.es\/aenogas\/2023\/04\/04\/la-ull-y-el-icca-renuevan-su-compromiso-con-la-catedra-de-agroturismo-y-enoturismo-de-canarias%ef%bf%bc\/","name":"La ULL y el ICCA renuevan su compromiso con la C\u00e1tedra de Agroturismo y Enoturismo de Canarias - Enoturismo Canarias","isPartOf":{"@id":"https:\/\/wp.ull.es\/aenogas\/#website"},"primaryImageOfPage":{"@id":"https:\/\/wp.ull.es\/aenogas\/2023\/04\/04\/la-ull-y-el-icca-renuevan-su-compromiso-con-la-catedra-de-agroturismo-y-enoturismo-de-canarias%ef%bf%bc\/#primaryimage"},"image":{"@id":"https:\/\/wp.ull.es\/aenogas\/2023\/04\/04\/la-ull-y-el-icca-renuevan-su-compromiso-con-la-catedra-de-agroturismo-y-enoturismo-de-canarias%ef%bf%bc\/#primaryimage"},"thumbnailUrl":"https:\/\/wp.ull.es\/aenogas\/wp-content\/uploads\/sites\/90\/2023\/04\/1.-Jose-Antonio-Gonzalez-Marrero-nuevo-director-de-la-Catedra-de-Agroturismo-y-Enoturismo-de-Canarias.-.jpg","datePublished":"2023-04-04T12:00:00+00:00","dateModified":"2023-04-04T12:09:10+00:00","breadcrumb":{"@id":"https:\/\/wp.ull.es\/aenogas\/2023\/04\/04\/la-ull-y-el-icca-renuevan-su-compromiso-con-la-catedra-de-agroturismo-y-enoturismo-de-canarias%ef%bf%bc\/#breadcrumb"},"inLanguage":"es","potentialAction":[{"@type":"ReadAction","target":["https:\/\/wp.ull.es\/aenogas\/2023\/04\/04\/la-ull-y-el-icca-renuevan-su-compromiso-con-la-catedra-de-agroturismo-y-enoturismo-de-canarias%ef%bf%bc\/"]}]},{"@type":"ImageObject","inLanguage":"es","@id":"https:\/\/wp.ull.es\/aenogas\/2023\/04\/04\/la-ull-y-el-icca-renuevan-su-compromiso-con-la-catedra-de-agroturismo-y-enoturismo-de-canarias%ef%bf%bc\/#primaryimage","url":"https:\/\/wp.ull.es\/aenogas\/wp-content\/uploads\/sites\/90\/2023\/04\/1.-Jose-Antonio-Gonzalez-Marrero-nuevo-director-de-la-Catedra-de-Agroturismo-y-Enoturismo-de-Canarias.-.jpg","contentUrl":"https:\/\/wp.ull.es\/aenogas\/wp-content\/uploads\/sites\/90\/2023\/04\/1.-Jose-Antonio-Gonzalez-Marrero-nuevo-director-de-la-Catedra-de-Agroturismo-y-Enoturismo-de-Canarias.-.jpg","width":1600,"height":1060},{"@type":"BreadcrumbList","@id":"https:\/\/wp.ull.es\/aenogas\/2023\/04\/04\/la-ull-y-el-icca-renuevan-su-compromiso-con-la-catedra-de-agroturismo-y-enoturismo-de-canarias%ef%bf%bc\/#breadcrumb","itemListElement":[{"@type":"ListItem","position":1,"name":"Portada","item":"https:\/\/wp.ull.es\/aenogas\/"},{"@type":"ListItem","position":2,"name":"La ULL y el ICCA renuevan su compromiso con la C\u00e1tedra de Agroturismo y Enoturismo de Canarias"}]},{"@type":"WebSite","@id":"https:\/\/wp.ull.es\/aenogas\/#website","url":"https:\/\/wp.ull.es\/aenogas\/","name":"Enoturismo Canarias","description":"C\u00e1tedra de Agroturismo y Enoturismo Instituto de Canario de Calidad Agroalimentaria","publisher":{"@id":"https:\/\/wp.ull.es\/aenogas\/#organization"},"potentialAction":[{"@type":"SearchAction","target":{"@type":"EntryPoint","urlTemplate":"https:\/\/wp.ull.es\/aenogas\/?s={search_term_string}"},"query-input":{"@type":"PropertyValueSpecification","valueRequired":true,"valueName":"search_term_string"}}],"inLanguage":"es"},{"@type":"Organization","@id":"https:\/\/wp.ull.es\/aenogas\/#organization","name":"C\u00e1tedra de Agroturismo y Enoturismo de Canarias del Instituto Canario de Calidad Agroalimentaria y de la Universidad de La Laguna","url":"https:\/\/wp.ull.es\/aenogas\/","logo":{"@type":"ImageObject","inLanguage":"es","@id":"https:\/\/wp.ull.es\/aenogas\/#\/schema\/logo\/image\/","url":"https:\/\/wp.ull.es\/aenogas\/wp-content\/uploads\/sites\/90\/2021\/03\/Logotipo-Catedra.png","contentUrl":"https:\/\/wp.ull.es\/aenogas\/wp-content\/uploads\/sites\/90\/2021\/03\/Logotipo-Catedra.png","width":300,"height":89,"caption":"C\u00e1tedra de Agroturismo y Enoturismo de Canarias del Instituto Canario de Calidad Agroalimentaria y de la Universidad de La Laguna"},"image":{"@id":"https:\/\/wp.ull.es\/aenogas\/#\/schema\/logo\/image\/"},"sameAs":["https:\/\/www.facebook.com\/enoturismoull","https:\/\/x.com\/enoturismoull","https:\/\/www.linkedin.com\/company\/40816665\/admin\/dashboard\/"]},{"@type":"Person","@id":"https:\/\/wp.ull.es\/aenogas\/#\/schema\/person\/08dc3be5406aba55875ae5024a8e7426","name":"aenogas","image":{"@type":"ImageObject","inLanguage":"es","@id":"https:\/\/secure.gravatar.com\/avatar\/957f529db4c10409aeb4798f38d978d31a86852b0557feaaa15ada6691fe502f?s=96&d=mm&r=g","url":"https:\/\/secure.gravatar.com\/avatar\/957f529db4c10409aeb4798f38d978d31a86852b0557feaaa15ada6691fe502f?s=96&d=mm&r=g","contentUrl":"https:\/\/secure.gravatar.com\/avatar\/957f529db4c10409aeb4798f38d978d31a86852b0557feaaa15ada6691fe502f?s=96&d=mm&r=g","caption":"aenogas"},"url":"https:\/\/wp.ull.es\/aenogas\/author\/aenogas\/"}]}},"_links":{"self":[{"href":"https:\/\/wp.ull.es\/aenogas\/wp-json\/wp\/v2\/posts\/3652","targetHints":{"allow":["GET"]}}],"collection":[{"href":"https:\/\/wp.ull.es\/aenogas\/wp-json\/wp\/v2\/posts"}],"about":[{"href":"https:\/\/wp.ull.es\/aenogas\/wp-json\/wp\/v2\/types\/post"}],"author":[{"embeddable":true,"href":"https:\/\/wp.ull.es\/aenogas\/wp-json\/wp\/v2\/users\/227"}],"replies":[{"embeddable":true,"href":"https:\/\/wp.ull.es\/aenogas\/wp-json\/wp\/v2\/comments?post=3652"}],"version-history":[{"count":2,"href":"https:\/\/wp.ull.es\/aenogas\/wp-json\/wp\/v2\/posts\/3652\/revisions"}],"predecessor-version":[{"id":3678,"href":"https:\/\/wp.ull.es\/aenogas\/wp-json\/wp\/v2\/posts\/3652\/revisions\/3678"}],"wp:featuredmedia":[{"embeddable":true,"href":"https:\/\/wp.ull.es\/aenogas\/wp-json\/wp\/v2\/media\/3653"}],"wp:attachment":[{"href":"https:\/\/wp.ull.es\/aenogas\/wp-json\/wp\/v2\/media?parent=3652"}],"wp:term":[{"taxonomy":"category","embeddable":true,"href":"https:\/\/wp.ull.es\/aenogas\/wp-json\/wp\/v2\/categories?post=3652"},{"taxonomy":"post_tag","embeddable":true,"href":"https:\/\/wp.ull.es\/aenogas\/wp-json\/wp\/v2\/tags?post=3652"}],"curies":[{"name":"wp","href":"https:\/\/api.w.org\/{rel}","templated":true}]}}