{"id":3391,"date":"2022-11-10T12:44:11","date_gmt":"2022-11-10T12:44:11","guid":{"rendered":"https:\/\/wp.ull.es\/aenogas\/?p=3391"},"modified":"2022-11-10T12:44:11","modified_gmt":"2022-11-10T12:44:11","slug":"la-universidad-de-verano-de-la-palma-llega-a-su-termino-con-el-taller-tendencias-enologicas-de-la-macaronesia-desde-la-perspectiva-de-genero","status":"publish","type":"post","link":"https:\/\/wp.ull.es\/aenogas\/2022\/11\/10\/la-universidad-de-verano-de-la-palma-llega-a-su-termino-con-el-taller-tendencias-enologicas-de-la-macaronesia-desde-la-perspectiva-de-genero\/","title":{"rendered":"La Universidad de Verano de La Palma llega a su t\u00e9rmino con el taller tendencias enol\u00f3gicas de la Macaronesia desde la perspectiva de g\u00e9nero"},"content":{"rendered":"\n<p><strong>El taller comenzar\u00e1 con un di\u00e1logo compartido por Ana Rita Marques Bou\u00e7ade de Azores, Carla Evelin Garcia Teixeira de Cavo Verde, Patricia Perdomo Hern\u00e1ndez de La Palma,\u00a0 Noelia Morales Febles de Tenerife, y la madeirense Sofia Cl\u00e1udia Fernandes Caldeira Ferreira, y continuar\u00e1 con una cata guiada de los vinos que elaboran estas prestigiosas especialistas.<\/strong><\/p>\n\n\n\n<p>Con el taller de la Universidad de Verano de La Palma 2022, Tendencias enol\u00f3gicas de la Macaronesia desde la perspectiva de g\u00e9nero finalizar\u00e1 la oferta formativa de cursos de extensi\u00f3n universitaria promovidos por el \u00c1rea de Educaci\u00f3n del Cabildo de La Palma y la Universidad de La Laguna.<\/p>\n\n\n\n<p>El taller abierto al p\u00fablico en general se desarrollar\u00e1 el pr\u00f3ximo viernes 19 de noviembre en la Villa de Garaf\u00eda a partir de las 16:30 horas, con la participaci\u00f3n de cinco profesionales del sector vitivin\u00edcola provenientes de los diferentes archipi\u00e9lagos que componen la Macaronesia, Azores, Madeira, Cabo Verde y Canarias.<\/p>\n\n\n\n<p>Seg\u00fan ha explicado el subdirector de la C\u00e1tedra de Agroturismo y Enoturismo de Canarias del Instituto Canario de Calidad Agroalimentaria y de la Universidad de La Laguna, este taller tiene como objetivo proporcionar el encuentro, la puesta en com\u00fan y la colaboraci\u00f3n, adem\u00e1s de dar visibilidad a todas las mujeres que trabajan en cualquiera de los \u00e1mbitos vitivin\u00edcola.<\/p>\n\n\n\n<p>La celebraci\u00f3n de este taller en La Palma, y especialmente en Garaf\u00eda, refuerza el compromiso de la Universidad de La Laguna de mantener actualizados los conocimientos y reconocer el papel de la mujer en la diversificaci\u00f3n econ\u00f3mica del medio rural de cara a fijar poblaci\u00f3n en el territorio y mejorar la calidad de vida de la poblaci\u00f3n rural, inform\u00f3 Santos.<\/p>\n\n\n\n<p>El taller comenzar\u00e1 con un di\u00e1logo compartido desde la perspectiva de un grupo de profesionales compuesto por Ana Rita Marques Bou\u00e7ade de Azores, Carla Evelin Garcia Teixeira de Cavo Verde, Patricia Perdomo Hern\u00e1ndez de La Palma, Noelia Morales Febles de Tenerife, y la madeirense Sofia Cl\u00e1udia Fernandes Caldeira Ferreira, que moderar\u00e1 el equipo de direcci\u00f3n de la C\u00e1tedra, y que posteriormente continuar\u00e1 con una cata guiada de los vinos que elaboran estas prestigiosas especialistas.<\/p>\n\n\n\n<p>Las personas interesadas pueden inscribirse a trav\u00e9s de la web de la ULL www.ull.es\/cultura\/cursos-extension-universitaria o de la propia C\u00e1tedra www.gestionenoturistica.com . Este taller est\u00e1 promovido por el \u00c1rea de Educaci\u00f3n del Cabildo de La Palma y la Universidad de La Laguna, en coordinaci\u00f3n con la C\u00e1tedra de Agroturismo y Enoturismo de Canarias, y cuenta con la colaboraci\u00f3n del Ayuntamiento de la Villa de Garaf\u00eda, Asociaci\u00f3n de Catadores El Almud, y la emisora Radio Luz.<\/p>\n","protected":false},"excerpt":{"rendered":"<p>El taller comenzar\u00e1 con un di\u00e1logo compartido por Ana Rita Marques Bou\u00e7ade de Azores, Carla Evelin Garcia Teixeira de Cavo Verde, Patricia Perdomo Hern\u00e1ndez de La Palma,  Noelia Morales Febles de Tenerife, y la madeirense Sofia Cl\u00e1udia Fernandes Caldeira Ferreira, y continuar\u00e1 con una cata guiada de los vinos que elaboran estas prestigiosas especialistas.<\/p>\n<div class=\"read-more\"><a href=\"https:\/\/wp.ull.es\/aenogas\/2022\/11\/10\/la-universidad-de-verano-de-la-palma-llega-a-su-termino-con-el-taller-tendencias-enologicas-de-la-macaronesia-desde-la-perspectiva-de-genero\/\">Leer m\u00e1s \u203a<\/a><\/div>\n<p><!-- end of .read-more --><\/p>\n","protected":false},"author":227,"featured_media":0,"comment_status":"open","ping_status":"open","sticky":false,"template":"","format":"standard","meta":{"footnotes":""},"categories":[11,1],"tags":[7,45,6],"class_list":["post-3391","post","type-post","status-publish","format-standard","hentry","category-blog","category-sin-categoria","tag-enoturismo","tag-la-palma","tag-universidad-de-la-laguna"],"yoast_head":"<!-- This site is optimized with the Yoast SEO plugin v27.4 - https:\/\/yoast.com\/product\/yoast-seo-wordpress\/ -->\n<title>La Universidad de Verano de La Palma llega a su t\u00e9rmino con el taller tendencias enol\u00f3gicas de la Macaronesia desde la perspectiva de g\u00e9nero - Enoturismo Canarias<\/title>\n<meta name=\"robots\" content=\"index, follow, max-snippet:-1, max-image-preview:large, max-video-preview:-1\" \/>\n<link rel=\"canonical\" href=\"https:\/\/wp.ull.es\/aenogas\/2022\/11\/10\/la-universidad-de-verano-de-la-palma-llega-a-su-termino-con-el-taller-tendencias-enologicas-de-la-macaronesia-desde-la-perspectiva-de-genero\/\" \/>\n<meta property=\"og:locale\" content=\"es_ES\" \/>\n<meta property=\"og:type\" content=\"article\" \/>\n<meta property=\"og:title\" content=\"La Universidad de Verano de La Palma llega a su t\u00e9rmino con el taller tendencias enol\u00f3gicas de la Macaronesia desde la perspectiva de g\u00e9nero - Enoturismo Canarias\" \/>\n<meta property=\"og:description\" content=\"El taller comenzar\u00e1 con un di\u00e1logo compartido por Ana Rita Marques Bou\u00e7ade de Azores, Carla Evelin Garcia Teixeira de Cavo Verde, Patricia Perdomo Hern\u00e1ndez de La Palma, Noelia Morales Febles de Tenerife, y la madeirense Sofia Cl\u00e1udia Fernandes Caldeira Ferreira, y continuar\u00e1 con una cata guiada de los vinos que elaboran estas prestigiosas especialistas.Leer m\u00e1s \u203a\" \/>\n<meta property=\"og:url\" content=\"https:\/\/wp.ull.es\/aenogas\/2022\/11\/10\/la-universidad-de-verano-de-la-palma-llega-a-su-termino-con-el-taller-tendencias-enologicas-de-la-macaronesia-desde-la-perspectiva-de-genero\/\" \/>\n<meta property=\"og:site_name\" content=\"Enoturismo Canarias\" \/>\n<meta property=\"article:publisher\" content=\"https:\/\/www.facebook.com\/enoturismoull\" \/>\n<meta property=\"article:published_time\" content=\"2022-11-10T12:44:11+00:00\" \/>\n<meta name=\"author\" content=\"aenogas\" \/>\n<meta name=\"twitter:card\" content=\"summary_large_image\" \/>\n<meta name=\"twitter:creator\" content=\"@enoturismoull\" \/>\n<meta name=\"twitter:site\" content=\"@enoturismoull\" \/>\n<meta name=\"twitter:label1\" content=\"Escrito por\" \/>\n\t<meta name=\"twitter:data1\" content=\"aenogas\" \/>\n\t<meta name=\"twitter:label2\" content=\"Tiempo de lectura\" \/>\n\t<meta name=\"twitter:data2\" content=\"2 minutos\" \/>\n<script type=\"application\/ld+json\" class=\"yoast-schema-graph\">{\"@context\":\"https:\\\/\\\/schema.org\",\"@graph\":[{\"@type\":\"Article\",\"@id\":\"https:\\\/\\\/wp.ull.es\\\/aenogas\\\/2022\\\/11\\\/10\\\/la-universidad-de-verano-de-la-palma-llega-a-su-termino-con-el-taller-tendencias-enologicas-de-la-macaronesia-desde-la-perspectiva-de-genero\\\/#article\",\"isPartOf\":{\"@id\":\"https:\\\/\\\/wp.ull.es\\\/aenogas\\\/2022\\\/11\\\/10\\\/la-universidad-de-verano-de-la-palma-llega-a-su-termino-con-el-taller-tendencias-enologicas-de-la-macaronesia-desde-la-perspectiva-de-genero\\\/\"},\"author\":{\"name\":\"aenogas\",\"@id\":\"https:\\\/\\\/wp.ull.es\\\/aenogas\\\/#\\\/schema\\\/person\\\/08dc3be5406aba55875ae5024a8e7426\"},\"headline\":\"La Universidad de Verano de La Palma llega a su t\u00e9rmino con el taller tendencias enol\u00f3gicas de la Macaronesia desde la perspectiva de g\u00e9nero\",\"datePublished\":\"2022-11-10T12:44:11+00:00\",\"mainEntityOfPage\":{\"@id\":\"https:\\\/\\\/wp.ull.es\\\/aenogas\\\/2022\\\/11\\\/10\\\/la-universidad-de-verano-de-la-palma-llega-a-su-termino-con-el-taller-tendencias-enologicas-de-la-macaronesia-desde-la-perspectiva-de-genero\\\/\"},\"wordCount\":487,\"commentCount\":0,\"publisher\":{\"@id\":\"https:\\\/\\\/wp.ull.es\\\/aenogas\\\/#organization\"},\"keywords\":[\"enoturismo\",\"La Palma\",\"universidad de la laguna\"],\"articleSection\":[\"Blog\"],\"inLanguage\":\"es\",\"potentialAction\":[{\"@type\":\"CommentAction\",\"name\":\"Comment\",\"target\":[\"https:\\\/\\\/wp.ull.es\\\/aenogas\\\/2022\\\/11\\\/10\\\/la-universidad-de-verano-de-la-palma-llega-a-su-termino-con-el-taller-tendencias-enologicas-de-la-macaronesia-desde-la-perspectiva-de-genero\\\/#respond\"]}]},{\"@type\":\"WebPage\",\"@id\":\"https:\\\/\\\/wp.ull.es\\\/aenogas\\\/2022\\\/11\\\/10\\\/la-universidad-de-verano-de-la-palma-llega-a-su-termino-con-el-taller-tendencias-enologicas-de-la-macaronesia-desde-la-perspectiva-de-genero\\\/\",\"url\":\"https:\\\/\\\/wp.ull.es\\\/aenogas\\\/2022\\\/11\\\/10\\\/la-universidad-de-verano-de-la-palma-llega-a-su-termino-con-el-taller-tendencias-enologicas-de-la-macaronesia-desde-la-perspectiva-de-genero\\\/\",\"name\":\"La Universidad de Verano de La Palma llega a su t\u00e9rmino con el taller tendencias enol\u00f3gicas de la Macaronesia desde la perspectiva de g\u00e9nero - Enoturismo Canarias\",\"isPartOf\":{\"@id\":\"https:\\\/\\\/wp.ull.es\\\/aenogas\\\/#website\"},\"datePublished\":\"2022-11-10T12:44:11+00:00\",\"breadcrumb\":{\"@id\":\"https:\\\/\\\/wp.ull.es\\\/aenogas\\\/2022\\\/11\\\/10\\\/la-universidad-de-verano-de-la-palma-llega-a-su-termino-con-el-taller-tendencias-enologicas-de-la-macaronesia-desde-la-perspectiva-de-genero\\\/#breadcrumb\"},\"inLanguage\":\"es\",\"potentialAction\":[{\"@type\":\"ReadAction\",\"target\":[\"https:\\\/\\\/wp.ull.es\\\/aenogas\\\/2022\\\/11\\\/10\\\/la-universidad-de-verano-de-la-palma-llega-a-su-termino-con-el-taller-tendencias-enologicas-de-la-macaronesia-desde-la-perspectiva-de-genero\\\/\"]}]},{\"@type\":\"BreadcrumbList\",\"@id\":\"https:\\\/\\\/wp.ull.es\\\/aenogas\\\/2022\\\/11\\\/10\\\/la-universidad-de-verano-de-la-palma-llega-a-su-termino-con-el-taller-tendencias-enologicas-de-la-macaronesia-desde-la-perspectiva-de-genero\\\/#breadcrumb\",\"itemListElement\":[{\"@type\":\"ListItem\",\"position\":1,\"name\":\"Portada\",\"item\":\"https:\\\/\\\/wp.ull.es\\\/aenogas\\\/\"},{\"@type\":\"ListItem\",\"position\":2,\"name\":\"La Universidad de Verano de La Palma llega a su t\u00e9rmino con el taller tendencias enol\u00f3gicas de la Macaronesia desde la perspectiva de g\u00e9nero\"}]},{\"@type\":\"WebSite\",\"@id\":\"https:\\\/\\\/wp.ull.es\\\/aenogas\\\/#website\",\"url\":\"https:\\\/\\\/wp.ull.es\\\/aenogas\\\/\",\"name\":\"Enoturismo Canarias\",\"description\":\"C\u00e1tedra de Agroturismo y Enoturismo Instituto de Canario de Calidad Agroalimentaria\",\"publisher\":{\"@id\":\"https:\\\/\\\/wp.ull.es\\\/aenogas\\\/#organization\"},\"potentialAction\":[{\"@type\":\"SearchAction\",\"target\":{\"@type\":\"EntryPoint\",\"urlTemplate\":\"https:\\\/\\\/wp.ull.es\\\/aenogas\\\/?s={search_term_string}\"},\"query-input\":{\"@type\":\"PropertyValueSpecification\",\"valueRequired\":true,\"valueName\":\"search_term_string\"}}],\"inLanguage\":\"es\"},{\"@type\":\"Organization\",\"@id\":\"https:\\\/\\\/wp.ull.es\\\/aenogas\\\/#organization\",\"name\":\"C\u00e1tedra de Agroturismo y Enoturismo de Canarias del Instituto Canario de Calidad Agroalimentaria y de la Universidad de La Laguna\",\"url\":\"https:\\\/\\\/wp.ull.es\\\/aenogas\\\/\",\"logo\":{\"@type\":\"ImageObject\",\"inLanguage\":\"es\",\"@id\":\"https:\\\/\\\/wp.ull.es\\\/aenogas\\\/#\\\/schema\\\/logo\\\/image\\\/\",\"url\":\"https:\\\/\\\/wp.ull.es\\\/aenogas\\\/wp-content\\\/uploads\\\/sites\\\/90\\\/2021\\\/03\\\/Logotipo-Catedra.png\",\"contentUrl\":\"https:\\\/\\\/wp.ull.es\\\/aenogas\\\/wp-content\\\/uploads\\\/sites\\\/90\\\/2021\\\/03\\\/Logotipo-Catedra.png\",\"width\":300,\"height\":89,\"caption\":\"C\u00e1tedra de Agroturismo y Enoturismo de Canarias del Instituto Canario de Calidad Agroalimentaria y de la Universidad de La Laguna\"},\"image\":{\"@id\":\"https:\\\/\\\/wp.ull.es\\\/aenogas\\\/#\\\/schema\\\/logo\\\/image\\\/\"},\"sameAs\":[\"https:\\\/\\\/www.facebook.com\\\/enoturismoull\",\"https:\\\/\\\/x.com\\\/enoturismoull\",\"https:\\\/\\\/www.linkedin.com\\\/company\\\/40816665\\\/admin\\\/dashboard\\\/\"]},{\"@type\":\"Person\",\"@id\":\"https:\\\/\\\/wp.ull.es\\\/aenogas\\\/#\\\/schema\\\/person\\\/08dc3be5406aba55875ae5024a8e7426\",\"name\":\"aenogas\",\"image\":{\"@type\":\"ImageObject\",\"inLanguage\":\"es\",\"@id\":\"https:\\\/\\\/secure.gravatar.com\\\/avatar\\\/957f529db4c10409aeb4798f38d978d31a86852b0557feaaa15ada6691fe502f?s=96&d=mm&r=g\",\"url\":\"https:\\\/\\\/secure.gravatar.com\\\/avatar\\\/957f529db4c10409aeb4798f38d978d31a86852b0557feaaa15ada6691fe502f?s=96&d=mm&r=g\",\"contentUrl\":\"https:\\\/\\\/secure.gravatar.com\\\/avatar\\\/957f529db4c10409aeb4798f38d978d31a86852b0557feaaa15ada6691fe502f?s=96&d=mm&r=g\",\"caption\":\"aenogas\"},\"url\":\"https:\\\/\\\/wp.ull.es\\\/aenogas\\\/author\\\/aenogas\\\/\"}]}<\/script>\n<!-- \/ Yoast SEO plugin. -->","yoast_head_json":{"title":"La Universidad de Verano de La Palma llega a su t\u00e9rmino con el taller tendencias enol\u00f3gicas de la Macaronesia desde la perspectiva de g\u00e9nero - Enoturismo Canarias","robots":{"index":"index","follow":"follow","max-snippet":"max-snippet:-1","max-image-preview":"max-image-preview:large","max-video-preview":"max-video-preview:-1"},"canonical":"https:\/\/wp.ull.es\/aenogas\/2022\/11\/10\/la-universidad-de-verano-de-la-palma-llega-a-su-termino-con-el-taller-tendencias-enologicas-de-la-macaronesia-desde-la-perspectiva-de-genero\/","og_locale":"es_ES","og_type":"article","og_title":"La Universidad de Verano de La Palma llega a su t\u00e9rmino con el taller tendencias enol\u00f3gicas de la Macaronesia desde la perspectiva de g\u00e9nero - Enoturismo Canarias","og_description":"El taller comenzar\u00e1 con un di\u00e1logo compartido por Ana Rita Marques Bou\u00e7ade de Azores, Carla Evelin Garcia Teixeira de Cavo Verde, Patricia Perdomo Hern\u00e1ndez de La Palma, Noelia Morales Febles de Tenerife, y la madeirense Sofia Cl\u00e1udia Fernandes Caldeira Ferreira, y continuar\u00e1 con una cata guiada de los vinos que elaboran estas prestigiosas especialistas.Leer m\u00e1s \u203a","og_url":"https:\/\/wp.ull.es\/aenogas\/2022\/11\/10\/la-universidad-de-verano-de-la-palma-llega-a-su-termino-con-el-taller-tendencias-enologicas-de-la-macaronesia-desde-la-perspectiva-de-genero\/","og_site_name":"Enoturismo Canarias","article_publisher":"https:\/\/www.facebook.com\/enoturismoull","article_published_time":"2022-11-10T12:44:11+00:00","author":"aenogas","twitter_card":"summary_large_image","twitter_creator":"@enoturismoull","twitter_site":"@enoturismoull","twitter_misc":{"Escrito por":"aenogas","Tiempo de lectura":"2 minutos"},"schema":{"@context":"https:\/\/schema.org","@graph":[{"@type":"Article","@id":"https:\/\/wp.ull.es\/aenogas\/2022\/11\/10\/la-universidad-de-verano-de-la-palma-llega-a-su-termino-con-el-taller-tendencias-enologicas-de-la-macaronesia-desde-la-perspectiva-de-genero\/#article","isPartOf":{"@id":"https:\/\/wp.ull.es\/aenogas\/2022\/11\/10\/la-universidad-de-verano-de-la-palma-llega-a-su-termino-con-el-taller-tendencias-enologicas-de-la-macaronesia-desde-la-perspectiva-de-genero\/"},"author":{"name":"aenogas","@id":"https:\/\/wp.ull.es\/aenogas\/#\/schema\/person\/08dc3be5406aba55875ae5024a8e7426"},"headline":"La Universidad de Verano de La Palma llega a su t\u00e9rmino con el taller tendencias enol\u00f3gicas de la Macaronesia desde la perspectiva de g\u00e9nero","datePublished":"2022-11-10T12:44:11+00:00","mainEntityOfPage":{"@id":"https:\/\/wp.ull.es\/aenogas\/2022\/11\/10\/la-universidad-de-verano-de-la-palma-llega-a-su-termino-con-el-taller-tendencias-enologicas-de-la-macaronesia-desde-la-perspectiva-de-genero\/"},"wordCount":487,"commentCount":0,"publisher":{"@id":"https:\/\/wp.ull.es\/aenogas\/#organization"},"keywords":["enoturismo","La Palma","universidad de la laguna"],"articleSection":["Blog"],"inLanguage":"es","potentialAction":[{"@type":"CommentAction","name":"Comment","target":["https:\/\/wp.ull.es\/aenogas\/2022\/11\/10\/la-universidad-de-verano-de-la-palma-llega-a-su-termino-con-el-taller-tendencias-enologicas-de-la-macaronesia-desde-la-perspectiva-de-genero\/#respond"]}]},{"@type":"WebPage","@id":"https:\/\/wp.ull.es\/aenogas\/2022\/11\/10\/la-universidad-de-verano-de-la-palma-llega-a-su-termino-con-el-taller-tendencias-enologicas-de-la-macaronesia-desde-la-perspectiva-de-genero\/","url":"https:\/\/wp.ull.es\/aenogas\/2022\/11\/10\/la-universidad-de-verano-de-la-palma-llega-a-su-termino-con-el-taller-tendencias-enologicas-de-la-macaronesia-desde-la-perspectiva-de-genero\/","name":"La Universidad de Verano de La Palma llega a su t\u00e9rmino con el taller tendencias enol\u00f3gicas de la Macaronesia desde la perspectiva de g\u00e9nero - Enoturismo Canarias","isPartOf":{"@id":"https:\/\/wp.ull.es\/aenogas\/#website"},"datePublished":"2022-11-10T12:44:11+00:00","breadcrumb":{"@id":"https:\/\/wp.ull.es\/aenogas\/2022\/11\/10\/la-universidad-de-verano-de-la-palma-llega-a-su-termino-con-el-taller-tendencias-enologicas-de-la-macaronesia-desde-la-perspectiva-de-genero\/#breadcrumb"},"inLanguage":"es","potentialAction":[{"@type":"ReadAction","target":["https:\/\/wp.ull.es\/aenogas\/2022\/11\/10\/la-universidad-de-verano-de-la-palma-llega-a-su-termino-con-el-taller-tendencias-enologicas-de-la-macaronesia-desde-la-perspectiva-de-genero\/"]}]},{"@type":"BreadcrumbList","@id":"https:\/\/wp.ull.es\/aenogas\/2022\/11\/10\/la-universidad-de-verano-de-la-palma-llega-a-su-termino-con-el-taller-tendencias-enologicas-de-la-macaronesia-desde-la-perspectiva-de-genero\/#breadcrumb","itemListElement":[{"@type":"ListItem","position":1,"name":"Portada","item":"https:\/\/wp.ull.es\/aenogas\/"},{"@type":"ListItem","position":2,"name":"La Universidad de Verano de La Palma llega a su t\u00e9rmino con el taller tendencias enol\u00f3gicas de la Macaronesia desde la perspectiva de g\u00e9nero"}]},{"@type":"WebSite","@id":"https:\/\/wp.ull.es\/aenogas\/#website","url":"https:\/\/wp.ull.es\/aenogas\/","name":"Enoturismo Canarias","description":"C\u00e1tedra de Agroturismo y Enoturismo Instituto de Canario de Calidad Agroalimentaria","publisher":{"@id":"https:\/\/wp.ull.es\/aenogas\/#organization"},"potentialAction":[{"@type":"SearchAction","target":{"@type":"EntryPoint","urlTemplate":"https:\/\/wp.ull.es\/aenogas\/?s={search_term_string}"},"query-input":{"@type":"PropertyValueSpecification","valueRequired":true,"valueName":"search_term_string"}}],"inLanguage":"es"},{"@type":"Organization","@id":"https:\/\/wp.ull.es\/aenogas\/#organization","name":"C\u00e1tedra de Agroturismo y Enoturismo de Canarias del Instituto Canario de Calidad Agroalimentaria y de la Universidad de La Laguna","url":"https:\/\/wp.ull.es\/aenogas\/","logo":{"@type":"ImageObject","inLanguage":"es","@id":"https:\/\/wp.ull.es\/aenogas\/#\/schema\/logo\/image\/","url":"https:\/\/wp.ull.es\/aenogas\/wp-content\/uploads\/sites\/90\/2021\/03\/Logotipo-Catedra.png","contentUrl":"https:\/\/wp.ull.es\/aenogas\/wp-content\/uploads\/sites\/90\/2021\/03\/Logotipo-Catedra.png","width":300,"height":89,"caption":"C\u00e1tedra de Agroturismo y Enoturismo de Canarias del Instituto Canario de Calidad Agroalimentaria y de la Universidad de La Laguna"},"image":{"@id":"https:\/\/wp.ull.es\/aenogas\/#\/schema\/logo\/image\/"},"sameAs":["https:\/\/www.facebook.com\/enoturismoull","https:\/\/x.com\/enoturismoull","https:\/\/www.linkedin.com\/company\/40816665\/admin\/dashboard\/"]},{"@type":"Person","@id":"https:\/\/wp.ull.es\/aenogas\/#\/schema\/person\/08dc3be5406aba55875ae5024a8e7426","name":"aenogas","image":{"@type":"ImageObject","inLanguage":"es","@id":"https:\/\/secure.gravatar.com\/avatar\/957f529db4c10409aeb4798f38d978d31a86852b0557feaaa15ada6691fe502f?s=96&d=mm&r=g","url":"https:\/\/secure.gravatar.com\/avatar\/957f529db4c10409aeb4798f38d978d31a86852b0557feaaa15ada6691fe502f?s=96&d=mm&r=g","contentUrl":"https:\/\/secure.gravatar.com\/avatar\/957f529db4c10409aeb4798f38d978d31a86852b0557feaaa15ada6691fe502f?s=96&d=mm&r=g","caption":"aenogas"},"url":"https:\/\/wp.ull.es\/aenogas\/author\/aenogas\/"}]}},"_links":{"self":[{"href":"https:\/\/wp.ull.es\/aenogas\/wp-json\/wp\/v2\/posts\/3391","targetHints":{"allow":["GET"]}}],"collection":[{"href":"https:\/\/wp.ull.es\/aenogas\/wp-json\/wp\/v2\/posts"}],"about":[{"href":"https:\/\/wp.ull.es\/aenogas\/wp-json\/wp\/v2\/types\/post"}],"author":[{"embeddable":true,"href":"https:\/\/wp.ull.es\/aenogas\/wp-json\/wp\/v2\/users\/227"}],"replies":[{"embeddable":true,"href":"https:\/\/wp.ull.es\/aenogas\/wp-json\/wp\/v2\/comments?post=3391"}],"version-history":[{"count":1,"href":"https:\/\/wp.ull.es\/aenogas\/wp-json\/wp\/v2\/posts\/3391\/revisions"}],"predecessor-version":[{"id":3393,"href":"https:\/\/wp.ull.es\/aenogas\/wp-json\/wp\/v2\/posts\/3391\/revisions\/3393"}],"wp:attachment":[{"href":"https:\/\/wp.ull.es\/aenogas\/wp-json\/wp\/v2\/media?parent=3391"}],"wp:term":[{"taxonomy":"category","embeddable":true,"href":"https:\/\/wp.ull.es\/aenogas\/wp-json\/wp\/v2\/categories?post=3391"},{"taxonomy":"post_tag","embeddable":true,"href":"https:\/\/wp.ull.es\/aenogas\/wp-json\/wp\/v2\/tags?post=3391"}],"curies":[{"name":"wp","href":"https:\/\/api.w.org\/{rel}","templated":true}]}}