{"id":3359,"date":"2022-10-27T09:45:18","date_gmt":"2022-10-27T09:45:18","guid":{"rendered":"https:\/\/wp.ull.es\/aenogas\/?p=3359"},"modified":"2022-10-27T09:45:19","modified_gmt":"2022-10-27T09:45:19","slug":"la-catedra-de-agroturismo-de-canarias-muestra-en-brasil-su-trabajo-con-el-enoturismo-como-elemento-de-desarrollo-economico","status":"publish","type":"post","link":"https:\/\/wp.ull.es\/aenogas\/2022\/10\/27\/la-catedra-de-agroturismo-de-canarias-muestra-en-brasil-su-trabajo-con-el-enoturismo-como-elemento-de-desarrollo-economico\/","title":{"rendered":"La C\u00e1tedra de Agroturismo de Canarias muestra en Brasil su trabajo con el enoturismo como elemento de desarrollo econ\u00f3mico\u00a0"},"content":{"rendered":"\n<p>La Universidad de La Laguna y Brasil reforzar\u00e1n pr\u00f3ximamente con la firma de un convenio sus lazos de colaboraci\u00f3n<\/p>\n\n\n\n<p>El subdirector de la C\u00e1tedra de Agroturismo y Enoturismo de Canarias del Instituto Canario de Calidad Agroalimentaria y de la Universidad de La Laguna, Gabriel Santos, ha participado en la semana pasada en la primera edici\u00f3n del Seminario de Enoturismo en Campanha Ga\u00facha y en el cuarto Seminario Ferradura dos Vinhedos: Turismo y Desarrollo en la Frontera de Brasil y Uruguay un evento promovido por la Universidad Federal do Pampa &#8211; UNIPAMPA, centrado en el intercambio de buenas pr\u00e1cticas a trav\u00e9s de ponencias y sesiones entre profesionales y acad\u00e9micos de referencia.<\/p>\n\n\n\n<p>Santos abord\u00f3 el trabajo de Canarias para situar el enoturismo como un elemento de desarrollo econ\u00f3mico, priorizando la iniciativa privada y la colaboraci\u00f3n de administraciones y la propia Universidad de La Laguna. Asimismo, el subdirector de la C\u00e1tedra tambi\u00e9n aprovech\u00f3 la estancia para iniciar una ronda de contactos con bodegas de las regiones de la Campa\u00f1a Ga\u00facha y Bento Gon\u00e7alves, e intercambiar experiencias con la profesora Angela Rossi Marcon, coordinadora del grado en Enolog\u00eda de la universidad brasile\u00f1a.<\/p>\n\n\n\n<p>Dentro de su estancia en Brasil destacar la impartici\u00f3n una conferencia dentro de la programaci\u00f3n de las Jornadas Acad\u00e9micas de Viticultura y Enolog\u00eda organizadas por el Instituto Federal R\u00edo Grande do Sul &#8211; Campus Bento Gon\u00e7alves, y la participaci\u00f3n en el d\u00eda de confraternizaci\u00f3n del D\u00eda del En\u00f3logo una iniciativa que celebra la Asociaci\u00f3n Brasile\u00f1a de Enolog\u00eda, que re\u00fane entorno a m\u00e1s de un centenar de profesionales de todo el pa\u00eds.<\/p>\n\n\n\n<figure class=\"wp-block-image size-large\"><img fetchpriority=\"high\" decoding=\"async\" width=\"1024\" height=\"768\" src=\"https:\/\/wp.ull.es\/aenogas\/wp-content\/uploads\/sites\/90\/2022\/10\/Imagen-3.-Angela-Rossi-Gabriel-Santos-Jaime-Milan-y-Bruna-Cristofoli-1024x768.jpg\" alt=\"\" class=\"wp-image-3360\" srcset=\"https:\/\/wp.ull.es\/aenogas\/wp-content\/uploads\/sites\/90\/2022\/10\/Imagen-3.-Angela-Rossi-Gabriel-Santos-Jaime-Milan-y-Bruna-Cristofoli-1024x768.jpg 1024w, https:\/\/wp.ull.es\/aenogas\/wp-content\/uploads\/sites\/90\/2022\/10\/Imagen-3.-Angela-Rossi-Gabriel-Santos-Jaime-Milan-y-Bruna-Cristofoli-300x225.jpg 300w, https:\/\/wp.ull.es\/aenogas\/wp-content\/uploads\/sites\/90\/2022\/10\/Imagen-3.-Angela-Rossi-Gabriel-Santos-Jaime-Milan-y-Bruna-Cristofoli-768x576.jpg 768w, https:\/\/wp.ull.es\/aenogas\/wp-content\/uploads\/sites\/90\/2022\/10\/Imagen-3.-Angela-Rossi-Gabriel-Santos-Jaime-Milan-y-Bruna-Cristofoli-1536x1152.jpg 1536w, https:\/\/wp.ull.es\/aenogas\/wp-content\/uploads\/sites\/90\/2022\/10\/Imagen-3.-Angela-Rossi-Gabriel-Santos-Jaime-Milan-y-Bruna-Cristofoli-100x75.jpg 100w, https:\/\/wp.ull.es\/aenogas\/wp-content\/uploads\/sites\/90\/2022\/10\/Imagen-3.-Angela-Rossi-Gabriel-Santos-Jaime-Milan-y-Bruna-Cristofoli-150x113.jpg 150w, https:\/\/wp.ull.es\/aenogas\/wp-content\/uploads\/sites\/90\/2022\/10\/Imagen-3.-Angela-Rossi-Gabriel-Santos-Jaime-Milan-y-Bruna-Cristofoli-200x150.jpg 200w, https:\/\/wp.ull.es\/aenogas\/wp-content\/uploads\/sites\/90\/2022\/10\/Imagen-3.-Angela-Rossi-Gabriel-Santos-Jaime-Milan-y-Bruna-Cristofoli-450x338.jpg 450w, https:\/\/wp.ull.es\/aenogas\/wp-content\/uploads\/sites\/90\/2022\/10\/Imagen-3.-Angela-Rossi-Gabriel-Santos-Jaime-Milan-y-Bruna-Cristofoli-600x450.jpg 600w, https:\/\/wp.ull.es\/aenogas\/wp-content\/uploads\/sites\/90\/2022\/10\/Imagen-3.-Angela-Rossi-Gabriel-Santos-Jaime-Milan-y-Bruna-Cristofoli-900x675.jpg 900w, https:\/\/wp.ull.es\/aenogas\/wp-content\/uploads\/sites\/90\/2022\/10\/Imagen-3.-Angela-Rossi-Gabriel-Santos-Jaime-Milan-y-Bruna-Cristofoli.jpg 1600w\" sizes=\"(max-width: 1024px) 100vw, 1024px\" \/><\/figure>\n\n\n\n<p><strong>La Universidad de La Laguna y Brasil, una colaboraci\u00f3n estrecha<\/strong><\/p>\n\n\n\n<p>La Universidad de La Laguna a trav\u00e9s de su C\u00e1tedra de Agroturismo y Enoturismo de Canarias que cuenta con el apoyo del Instituto Canario de Calidad Agroalimentaria, ha fortalecido desde el 2019 el intercambio de experiencias en materia de viticultura, enolog\u00eda, an\u00e1lisis sensorial de vinos y enoturismo con acad\u00e9micos y profesionales brasile\u00f1os, contando con su presencia en la formaci\u00f3n especializada de la C\u00e1tedra, en el Encuentro de J\u00f3venes Bodegueros o en las jornadas anuales de EnoAgroturismo de Canarias.<\/p>\n\n\n\n<p>Jaime Milan, reconocido en\u00f3logo y coordinador del proceso de reconocimiento de la Denominaci\u00f3n de Origen Valle de los Vi\u00f1edos, la joven Bruna Cristofoli en\u00f3loga y copropietaria de la bodega enotur\u00edstica Cristofoli y la profesora de la Universidad Federal do Pampa Angela Rossi Marcon han estrechado estos lazos de colaboraci\u00f3n con el archipi\u00e9lago.<\/p>\n\n\n\n<p>Este c\u00famulo de intercambios se reforzar\u00e1 pr\u00f3ximamente con la firma de un convenio de colaboraci\u00f3n que reforzar\u00e1n tres \u00e1mbitos fundamentales entre la Universidad de La Laguna y Brasil: movilidad de profesores, alumnos y profesionales, sinergias en el establecimiento de formaci\u00f3n y el desarrollo de proyectos de investigaci\u00f3n, fortaleciendo as\u00ed los objetivos marcados en esta anualidad por la C\u00e1tedra de Agroturismo y Enoturismo de Canarias.<\/p>\n","protected":false},"excerpt":{"rendered":"<p>El subdirector de la C\u00e1tedra de Agroturismo y Enoturismo de Canarias del Instituto Canario de Calidad Agroalimentaria y de la Universidad de La Laguna, Gabriel Santos, ha participado en la semana pasada en la primera edici\u00f3n del Seminario de Enoturismo en Campanha Ga\u00facha y en el cuarto Seminario Ferradura dos Vinhedos: Turismo y Desarrollo en la Frontera de Brasil y Uruguay un evento promovido por la Universidad Federal do Pampa &#8211; UNIPAMPA, centrado en el intercambio de buenas pr\u00e1cticas a trav\u00e9s de ponencias y sesiones entre profesionales y acad\u00e9micos de referencia.<\/p>\n<div class=\"read-more\"><a href=\"https:\/\/wp.ull.es\/aenogas\/2022\/10\/27\/la-catedra-de-agroturismo-de-canarias-muestra-en-brasil-su-trabajo-con-el-enoturismo-como-elemento-de-desarrollo-economico\/\">Leer m\u00e1s \u203a<\/a><\/div>\n<p><!-- end of .read-more --><\/p>\n","protected":false},"author":227,"featured_media":3361,"comment_status":"open","ping_status":"open","sticky":false,"template":"","format":"standard","meta":{"footnotes":""},"categories":[11,1],"tags":[44,7,6],"class_list":["post-3359","post","type-post","status-publish","format-standard","has-post-thumbnail","hentry","category-blog","category-sin-categoria","tag-brasil","tag-enoturismo","tag-universidad-de-la-laguna"],"yoast_head":"<!-- This site is optimized with the Yoast SEO plugin v27.4 - https:\/\/yoast.com\/product\/yoast-seo-wordpress\/ -->\n<title>La C\u00e1tedra de Agroturismo de Canarias muestra en Brasil su trabajo con el enoturismo como elemento de desarrollo econ\u00f3mico\u00a0 - Enoturismo Canarias<\/title>\n<meta name=\"robots\" content=\"index, follow, max-snippet:-1, max-image-preview:large, max-video-preview:-1\" \/>\n<link rel=\"canonical\" href=\"https:\/\/wp.ull.es\/aenogas\/2022\/10\/27\/la-catedra-de-agroturismo-de-canarias-muestra-en-brasil-su-trabajo-con-el-enoturismo-como-elemento-de-desarrollo-economico\/\" \/>\n<meta property=\"og:locale\" content=\"es_ES\" \/>\n<meta property=\"og:type\" content=\"article\" \/>\n<meta property=\"og:title\" content=\"La C\u00e1tedra de Agroturismo de Canarias muestra en Brasil su trabajo con el enoturismo como elemento de desarrollo econ\u00f3mico\u00a0 - Enoturismo Canarias\" \/>\n<meta property=\"og:description\" content=\"El subdirector de la C\u00e1tedra de Agroturismo y Enoturismo de Canarias del Instituto Canario de Calidad Agroalimentaria y de la Universidad de La Laguna, Gabriel Santos, ha participado en la semana pasada en la primera edici\u00f3n del Seminario de Enoturismo en Campanha Ga\u00facha y en el cuarto Seminario Ferradura dos Vinhedos: Turismo y Desarrollo en la Frontera de Brasil y Uruguay un evento promovido por la Universidad Federal do Pampa - UNIPAMPA, centrado en el intercambio de buenas pr\u00e1cticas a trav\u00e9s de ponencias y sesiones entre profesionales y acad\u00e9micos de referencia.Leer m\u00e1s \u203a\" \/>\n<meta property=\"og:url\" content=\"https:\/\/wp.ull.es\/aenogas\/2022\/10\/27\/la-catedra-de-agroturismo-de-canarias-muestra-en-brasil-su-trabajo-con-el-enoturismo-como-elemento-de-desarrollo-economico\/\" \/>\n<meta property=\"og:site_name\" content=\"Enoturismo Canarias\" \/>\n<meta property=\"article:publisher\" content=\"https:\/\/www.facebook.com\/enoturismoull\" \/>\n<meta property=\"article:published_time\" content=\"2022-10-27T09:45:18+00:00\" \/>\n<meta property=\"article:modified_time\" content=\"2022-10-27T09:45:19+00:00\" \/>\n<meta property=\"og:image\" content=\"https:\/\/wp.ull.es\/aenogas\/wp-content\/uploads\/sites\/90\/2022\/10\/Imagen-2.-Enoturismo-en-bodega-de-Brasil.jpeg\" \/>\n\t<meta property=\"og:image:width\" content=\"1600\" \/>\n\t<meta property=\"og:image:height\" content=\"1200\" \/>\n\t<meta property=\"og:image:type\" content=\"image\/jpeg\" \/>\n<meta name=\"author\" content=\"aenogas\" \/>\n<meta name=\"twitter:card\" content=\"summary_large_image\" \/>\n<meta name=\"twitter:creator\" content=\"@enoturismoull\" \/>\n<meta name=\"twitter:site\" content=\"@enoturismoull\" \/>\n<meta name=\"twitter:label1\" content=\"Escrito por\" \/>\n\t<meta name=\"twitter:data1\" content=\"aenogas\" \/>\n\t<meta name=\"twitter:label2\" content=\"Tiempo de lectura\" \/>\n\t<meta name=\"twitter:data2\" content=\"3 minutos\" \/>\n<script type=\"application\/ld+json\" class=\"yoast-schema-graph\">{\"@context\":\"https:\\\/\\\/schema.org\",\"@graph\":[{\"@type\":\"Article\",\"@id\":\"https:\\\/\\\/wp.ull.es\\\/aenogas\\\/2022\\\/10\\\/27\\\/la-catedra-de-agroturismo-de-canarias-muestra-en-brasil-su-trabajo-con-el-enoturismo-como-elemento-de-desarrollo-economico\\\/#article\",\"isPartOf\":{\"@id\":\"https:\\\/\\\/wp.ull.es\\\/aenogas\\\/2022\\\/10\\\/27\\\/la-catedra-de-agroturismo-de-canarias-muestra-en-brasil-su-trabajo-con-el-enoturismo-como-elemento-de-desarrollo-economico\\\/\"},\"author\":{\"name\":\"aenogas\",\"@id\":\"https:\\\/\\\/wp.ull.es\\\/aenogas\\\/#\\\/schema\\\/person\\\/08dc3be5406aba55875ae5024a8e7426\"},\"headline\":\"La C\u00e1tedra de Agroturismo de Canarias muestra en Brasil su trabajo con el enoturismo como elemento de desarrollo econ\u00f3mico\u00a0\",\"datePublished\":\"2022-10-27T09:45:18+00:00\",\"dateModified\":\"2022-10-27T09:45:19+00:00\",\"mainEntityOfPage\":{\"@id\":\"https:\\\/\\\/wp.ull.es\\\/aenogas\\\/2022\\\/10\\\/27\\\/la-catedra-de-agroturismo-de-canarias-muestra-en-brasil-su-trabajo-con-el-enoturismo-como-elemento-de-desarrollo-economico\\\/\"},\"wordCount\":542,\"commentCount\":0,\"publisher\":{\"@id\":\"https:\\\/\\\/wp.ull.es\\\/aenogas\\\/#organization\"},\"image\":{\"@id\":\"https:\\\/\\\/wp.ull.es\\\/aenogas\\\/2022\\\/10\\\/27\\\/la-catedra-de-agroturismo-de-canarias-muestra-en-brasil-su-trabajo-con-el-enoturismo-como-elemento-de-desarrollo-economico\\\/#primaryimage\"},\"thumbnailUrl\":\"https:\\\/\\\/wp.ull.es\\\/aenogas\\\/wp-content\\\/uploads\\\/sites\\\/90\\\/2022\\\/10\\\/Imagen-2.-Enoturismo-en-bodega-de-Brasil.jpeg\",\"keywords\":[\"brasil\",\"enoturismo\",\"universidad de la laguna\"],\"articleSection\":[\"Blog\"],\"inLanguage\":\"es\",\"potentialAction\":[{\"@type\":\"CommentAction\",\"name\":\"Comment\",\"target\":[\"https:\\\/\\\/wp.ull.es\\\/aenogas\\\/2022\\\/10\\\/27\\\/la-catedra-de-agroturismo-de-canarias-muestra-en-brasil-su-trabajo-con-el-enoturismo-como-elemento-de-desarrollo-economico\\\/#respond\"]}]},{\"@type\":\"WebPage\",\"@id\":\"https:\\\/\\\/wp.ull.es\\\/aenogas\\\/2022\\\/10\\\/27\\\/la-catedra-de-agroturismo-de-canarias-muestra-en-brasil-su-trabajo-con-el-enoturismo-como-elemento-de-desarrollo-economico\\\/\",\"url\":\"https:\\\/\\\/wp.ull.es\\\/aenogas\\\/2022\\\/10\\\/27\\\/la-catedra-de-agroturismo-de-canarias-muestra-en-brasil-su-trabajo-con-el-enoturismo-como-elemento-de-desarrollo-economico\\\/\",\"name\":\"La C\u00e1tedra de Agroturismo de Canarias muestra en Brasil su trabajo con el enoturismo como elemento de desarrollo econ\u00f3mico\u00a0 - Enoturismo Canarias\",\"isPartOf\":{\"@id\":\"https:\\\/\\\/wp.ull.es\\\/aenogas\\\/#website\"},\"primaryImageOfPage\":{\"@id\":\"https:\\\/\\\/wp.ull.es\\\/aenogas\\\/2022\\\/10\\\/27\\\/la-catedra-de-agroturismo-de-canarias-muestra-en-brasil-su-trabajo-con-el-enoturismo-como-elemento-de-desarrollo-economico\\\/#primaryimage\"},\"image\":{\"@id\":\"https:\\\/\\\/wp.ull.es\\\/aenogas\\\/2022\\\/10\\\/27\\\/la-catedra-de-agroturismo-de-canarias-muestra-en-brasil-su-trabajo-con-el-enoturismo-como-elemento-de-desarrollo-economico\\\/#primaryimage\"},\"thumbnailUrl\":\"https:\\\/\\\/wp.ull.es\\\/aenogas\\\/wp-content\\\/uploads\\\/sites\\\/90\\\/2022\\\/10\\\/Imagen-2.-Enoturismo-en-bodega-de-Brasil.jpeg\",\"datePublished\":\"2022-10-27T09:45:18+00:00\",\"dateModified\":\"2022-10-27T09:45:19+00:00\",\"breadcrumb\":{\"@id\":\"https:\\\/\\\/wp.ull.es\\\/aenogas\\\/2022\\\/10\\\/27\\\/la-catedra-de-agroturismo-de-canarias-muestra-en-brasil-su-trabajo-con-el-enoturismo-como-elemento-de-desarrollo-economico\\\/#breadcrumb\"},\"inLanguage\":\"es\",\"potentialAction\":[{\"@type\":\"ReadAction\",\"target\":[\"https:\\\/\\\/wp.ull.es\\\/aenogas\\\/2022\\\/10\\\/27\\\/la-catedra-de-agroturismo-de-canarias-muestra-en-brasil-su-trabajo-con-el-enoturismo-como-elemento-de-desarrollo-economico\\\/\"]}]},{\"@type\":\"ImageObject\",\"inLanguage\":\"es\",\"@id\":\"https:\\\/\\\/wp.ull.es\\\/aenogas\\\/2022\\\/10\\\/27\\\/la-catedra-de-agroturismo-de-canarias-muestra-en-brasil-su-trabajo-con-el-enoturismo-como-elemento-de-desarrollo-economico\\\/#primaryimage\",\"url\":\"https:\\\/\\\/wp.ull.es\\\/aenogas\\\/wp-content\\\/uploads\\\/sites\\\/90\\\/2022\\\/10\\\/Imagen-2.-Enoturismo-en-bodega-de-Brasil.jpeg\",\"contentUrl\":\"https:\\\/\\\/wp.ull.es\\\/aenogas\\\/wp-content\\\/uploads\\\/sites\\\/90\\\/2022\\\/10\\\/Imagen-2.-Enoturismo-en-bodega-de-Brasil.jpeg\",\"width\":1600,\"height\":1200},{\"@type\":\"BreadcrumbList\",\"@id\":\"https:\\\/\\\/wp.ull.es\\\/aenogas\\\/2022\\\/10\\\/27\\\/la-catedra-de-agroturismo-de-canarias-muestra-en-brasil-su-trabajo-con-el-enoturismo-como-elemento-de-desarrollo-economico\\\/#breadcrumb\",\"itemListElement\":[{\"@type\":\"ListItem\",\"position\":1,\"name\":\"Portada\",\"item\":\"https:\\\/\\\/wp.ull.es\\\/aenogas\\\/\"},{\"@type\":\"ListItem\",\"position\":2,\"name\":\"La C\u00e1tedra de Agroturismo de Canarias muestra en Brasil su trabajo con el enoturismo como elemento de desarrollo econ\u00f3mico\u00a0\"}]},{\"@type\":\"WebSite\",\"@id\":\"https:\\\/\\\/wp.ull.es\\\/aenogas\\\/#website\",\"url\":\"https:\\\/\\\/wp.ull.es\\\/aenogas\\\/\",\"name\":\"Enoturismo Canarias\",\"description\":\"C\u00e1tedra de Agroturismo y Enoturismo Instituto de Canario de Calidad Agroalimentaria\",\"publisher\":{\"@id\":\"https:\\\/\\\/wp.ull.es\\\/aenogas\\\/#organization\"},\"potentialAction\":[{\"@type\":\"SearchAction\",\"target\":{\"@type\":\"EntryPoint\",\"urlTemplate\":\"https:\\\/\\\/wp.ull.es\\\/aenogas\\\/?s={search_term_string}\"},\"query-input\":{\"@type\":\"PropertyValueSpecification\",\"valueRequired\":true,\"valueName\":\"search_term_string\"}}],\"inLanguage\":\"es\"},{\"@type\":\"Organization\",\"@id\":\"https:\\\/\\\/wp.ull.es\\\/aenogas\\\/#organization\",\"name\":\"C\u00e1tedra de Agroturismo y Enoturismo de Canarias del Instituto Canario de Calidad Agroalimentaria y de la Universidad de La Laguna\",\"url\":\"https:\\\/\\\/wp.ull.es\\\/aenogas\\\/\",\"logo\":{\"@type\":\"ImageObject\",\"inLanguage\":\"es\",\"@id\":\"https:\\\/\\\/wp.ull.es\\\/aenogas\\\/#\\\/schema\\\/logo\\\/image\\\/\",\"url\":\"https:\\\/\\\/wp.ull.es\\\/aenogas\\\/wp-content\\\/uploads\\\/sites\\\/90\\\/2021\\\/03\\\/Logotipo-Catedra.png\",\"contentUrl\":\"https:\\\/\\\/wp.ull.es\\\/aenogas\\\/wp-content\\\/uploads\\\/sites\\\/90\\\/2021\\\/03\\\/Logotipo-Catedra.png\",\"width\":300,\"height\":89,\"caption\":\"C\u00e1tedra de Agroturismo y Enoturismo de Canarias del Instituto Canario de Calidad Agroalimentaria y de la Universidad de La Laguna\"},\"image\":{\"@id\":\"https:\\\/\\\/wp.ull.es\\\/aenogas\\\/#\\\/schema\\\/logo\\\/image\\\/\"},\"sameAs\":[\"https:\\\/\\\/www.facebook.com\\\/enoturismoull\",\"https:\\\/\\\/x.com\\\/enoturismoull\",\"https:\\\/\\\/www.linkedin.com\\\/company\\\/40816665\\\/admin\\\/dashboard\\\/\"]},{\"@type\":\"Person\",\"@id\":\"https:\\\/\\\/wp.ull.es\\\/aenogas\\\/#\\\/schema\\\/person\\\/08dc3be5406aba55875ae5024a8e7426\",\"name\":\"aenogas\",\"image\":{\"@type\":\"ImageObject\",\"inLanguage\":\"es\",\"@id\":\"https:\\\/\\\/secure.gravatar.com\\\/avatar\\\/957f529db4c10409aeb4798f38d978d31a86852b0557feaaa15ada6691fe502f?s=96&d=mm&r=g\",\"url\":\"https:\\\/\\\/secure.gravatar.com\\\/avatar\\\/957f529db4c10409aeb4798f38d978d31a86852b0557feaaa15ada6691fe502f?s=96&d=mm&r=g\",\"contentUrl\":\"https:\\\/\\\/secure.gravatar.com\\\/avatar\\\/957f529db4c10409aeb4798f38d978d31a86852b0557feaaa15ada6691fe502f?s=96&d=mm&r=g\",\"caption\":\"aenogas\"},\"url\":\"https:\\\/\\\/wp.ull.es\\\/aenogas\\\/author\\\/aenogas\\\/\"}]}<\/script>\n<!-- \/ Yoast SEO plugin. -->","yoast_head_json":{"title":"La C\u00e1tedra de Agroturismo de Canarias muestra en Brasil su trabajo con el enoturismo como elemento de desarrollo econ\u00f3mico\u00a0 - Enoturismo Canarias","robots":{"index":"index","follow":"follow","max-snippet":"max-snippet:-1","max-image-preview":"max-image-preview:large","max-video-preview":"max-video-preview:-1"},"canonical":"https:\/\/wp.ull.es\/aenogas\/2022\/10\/27\/la-catedra-de-agroturismo-de-canarias-muestra-en-brasil-su-trabajo-con-el-enoturismo-como-elemento-de-desarrollo-economico\/","og_locale":"es_ES","og_type":"article","og_title":"La C\u00e1tedra de Agroturismo de Canarias muestra en Brasil su trabajo con el enoturismo como elemento de desarrollo econ\u00f3mico\u00a0 - Enoturismo Canarias","og_description":"El subdirector de la C\u00e1tedra de Agroturismo y Enoturismo de Canarias del Instituto Canario de Calidad Agroalimentaria y de la Universidad de La Laguna, Gabriel Santos, ha participado en la semana pasada en la primera edici\u00f3n del Seminario de Enoturismo en Campanha Ga\u00facha y en el cuarto Seminario Ferradura dos Vinhedos: Turismo y Desarrollo en la Frontera de Brasil y Uruguay un evento promovido por la Universidad Federal do Pampa - UNIPAMPA, centrado en el intercambio de buenas pr\u00e1cticas a trav\u00e9s de ponencias y sesiones entre profesionales y acad\u00e9micos de referencia.Leer m\u00e1s \u203a","og_url":"https:\/\/wp.ull.es\/aenogas\/2022\/10\/27\/la-catedra-de-agroturismo-de-canarias-muestra-en-brasil-su-trabajo-con-el-enoturismo-como-elemento-de-desarrollo-economico\/","og_site_name":"Enoturismo Canarias","article_publisher":"https:\/\/www.facebook.com\/enoturismoull","article_published_time":"2022-10-27T09:45:18+00:00","article_modified_time":"2022-10-27T09:45:19+00:00","og_image":[{"width":1600,"height":1200,"url":"https:\/\/wp.ull.es\/aenogas\/wp-content\/uploads\/sites\/90\/2022\/10\/Imagen-2.-Enoturismo-en-bodega-de-Brasil.jpeg","type":"image\/jpeg"}],"author":"aenogas","twitter_card":"summary_large_image","twitter_creator":"@enoturismoull","twitter_site":"@enoturismoull","twitter_misc":{"Escrito por":"aenogas","Tiempo de lectura":"3 minutos"},"schema":{"@context":"https:\/\/schema.org","@graph":[{"@type":"Article","@id":"https:\/\/wp.ull.es\/aenogas\/2022\/10\/27\/la-catedra-de-agroturismo-de-canarias-muestra-en-brasil-su-trabajo-con-el-enoturismo-como-elemento-de-desarrollo-economico\/#article","isPartOf":{"@id":"https:\/\/wp.ull.es\/aenogas\/2022\/10\/27\/la-catedra-de-agroturismo-de-canarias-muestra-en-brasil-su-trabajo-con-el-enoturismo-como-elemento-de-desarrollo-economico\/"},"author":{"name":"aenogas","@id":"https:\/\/wp.ull.es\/aenogas\/#\/schema\/person\/08dc3be5406aba55875ae5024a8e7426"},"headline":"La C\u00e1tedra de Agroturismo de Canarias muestra en Brasil su trabajo con el enoturismo como elemento de desarrollo econ\u00f3mico\u00a0","datePublished":"2022-10-27T09:45:18+00:00","dateModified":"2022-10-27T09:45:19+00:00","mainEntityOfPage":{"@id":"https:\/\/wp.ull.es\/aenogas\/2022\/10\/27\/la-catedra-de-agroturismo-de-canarias-muestra-en-brasil-su-trabajo-con-el-enoturismo-como-elemento-de-desarrollo-economico\/"},"wordCount":542,"commentCount":0,"publisher":{"@id":"https:\/\/wp.ull.es\/aenogas\/#organization"},"image":{"@id":"https:\/\/wp.ull.es\/aenogas\/2022\/10\/27\/la-catedra-de-agroturismo-de-canarias-muestra-en-brasil-su-trabajo-con-el-enoturismo-como-elemento-de-desarrollo-economico\/#primaryimage"},"thumbnailUrl":"https:\/\/wp.ull.es\/aenogas\/wp-content\/uploads\/sites\/90\/2022\/10\/Imagen-2.-Enoturismo-en-bodega-de-Brasil.jpeg","keywords":["brasil","enoturismo","universidad de la laguna"],"articleSection":["Blog"],"inLanguage":"es","potentialAction":[{"@type":"CommentAction","name":"Comment","target":["https:\/\/wp.ull.es\/aenogas\/2022\/10\/27\/la-catedra-de-agroturismo-de-canarias-muestra-en-brasil-su-trabajo-con-el-enoturismo-como-elemento-de-desarrollo-economico\/#respond"]}]},{"@type":"WebPage","@id":"https:\/\/wp.ull.es\/aenogas\/2022\/10\/27\/la-catedra-de-agroturismo-de-canarias-muestra-en-brasil-su-trabajo-con-el-enoturismo-como-elemento-de-desarrollo-economico\/","url":"https:\/\/wp.ull.es\/aenogas\/2022\/10\/27\/la-catedra-de-agroturismo-de-canarias-muestra-en-brasil-su-trabajo-con-el-enoturismo-como-elemento-de-desarrollo-economico\/","name":"La C\u00e1tedra de Agroturismo de Canarias muestra en Brasil su trabajo con el enoturismo como elemento de desarrollo econ\u00f3mico\u00a0 - Enoturismo Canarias","isPartOf":{"@id":"https:\/\/wp.ull.es\/aenogas\/#website"},"primaryImageOfPage":{"@id":"https:\/\/wp.ull.es\/aenogas\/2022\/10\/27\/la-catedra-de-agroturismo-de-canarias-muestra-en-brasil-su-trabajo-con-el-enoturismo-como-elemento-de-desarrollo-economico\/#primaryimage"},"image":{"@id":"https:\/\/wp.ull.es\/aenogas\/2022\/10\/27\/la-catedra-de-agroturismo-de-canarias-muestra-en-brasil-su-trabajo-con-el-enoturismo-como-elemento-de-desarrollo-economico\/#primaryimage"},"thumbnailUrl":"https:\/\/wp.ull.es\/aenogas\/wp-content\/uploads\/sites\/90\/2022\/10\/Imagen-2.-Enoturismo-en-bodega-de-Brasil.jpeg","datePublished":"2022-10-27T09:45:18+00:00","dateModified":"2022-10-27T09:45:19+00:00","breadcrumb":{"@id":"https:\/\/wp.ull.es\/aenogas\/2022\/10\/27\/la-catedra-de-agroturismo-de-canarias-muestra-en-brasil-su-trabajo-con-el-enoturismo-como-elemento-de-desarrollo-economico\/#breadcrumb"},"inLanguage":"es","potentialAction":[{"@type":"ReadAction","target":["https:\/\/wp.ull.es\/aenogas\/2022\/10\/27\/la-catedra-de-agroturismo-de-canarias-muestra-en-brasil-su-trabajo-con-el-enoturismo-como-elemento-de-desarrollo-economico\/"]}]},{"@type":"ImageObject","inLanguage":"es","@id":"https:\/\/wp.ull.es\/aenogas\/2022\/10\/27\/la-catedra-de-agroturismo-de-canarias-muestra-en-brasil-su-trabajo-con-el-enoturismo-como-elemento-de-desarrollo-economico\/#primaryimage","url":"https:\/\/wp.ull.es\/aenogas\/wp-content\/uploads\/sites\/90\/2022\/10\/Imagen-2.-Enoturismo-en-bodega-de-Brasil.jpeg","contentUrl":"https:\/\/wp.ull.es\/aenogas\/wp-content\/uploads\/sites\/90\/2022\/10\/Imagen-2.-Enoturismo-en-bodega-de-Brasil.jpeg","width":1600,"height":1200},{"@type":"BreadcrumbList","@id":"https:\/\/wp.ull.es\/aenogas\/2022\/10\/27\/la-catedra-de-agroturismo-de-canarias-muestra-en-brasil-su-trabajo-con-el-enoturismo-como-elemento-de-desarrollo-economico\/#breadcrumb","itemListElement":[{"@type":"ListItem","position":1,"name":"Portada","item":"https:\/\/wp.ull.es\/aenogas\/"},{"@type":"ListItem","position":2,"name":"La C\u00e1tedra de Agroturismo de Canarias muestra en Brasil su trabajo con el enoturismo como elemento de desarrollo econ\u00f3mico\u00a0"}]},{"@type":"WebSite","@id":"https:\/\/wp.ull.es\/aenogas\/#website","url":"https:\/\/wp.ull.es\/aenogas\/","name":"Enoturismo Canarias","description":"C\u00e1tedra de Agroturismo y Enoturismo Instituto de Canario de Calidad Agroalimentaria","publisher":{"@id":"https:\/\/wp.ull.es\/aenogas\/#organization"},"potentialAction":[{"@type":"SearchAction","target":{"@type":"EntryPoint","urlTemplate":"https:\/\/wp.ull.es\/aenogas\/?s={search_term_string}"},"query-input":{"@type":"PropertyValueSpecification","valueRequired":true,"valueName":"search_term_string"}}],"inLanguage":"es"},{"@type":"Organization","@id":"https:\/\/wp.ull.es\/aenogas\/#organization","name":"C\u00e1tedra de Agroturismo y Enoturismo de Canarias del Instituto Canario de Calidad Agroalimentaria y de la Universidad de La Laguna","url":"https:\/\/wp.ull.es\/aenogas\/","logo":{"@type":"ImageObject","inLanguage":"es","@id":"https:\/\/wp.ull.es\/aenogas\/#\/schema\/logo\/image\/","url":"https:\/\/wp.ull.es\/aenogas\/wp-content\/uploads\/sites\/90\/2021\/03\/Logotipo-Catedra.png","contentUrl":"https:\/\/wp.ull.es\/aenogas\/wp-content\/uploads\/sites\/90\/2021\/03\/Logotipo-Catedra.png","width":300,"height":89,"caption":"C\u00e1tedra de Agroturismo y Enoturismo de Canarias del Instituto Canario de Calidad Agroalimentaria y de la Universidad de La Laguna"},"image":{"@id":"https:\/\/wp.ull.es\/aenogas\/#\/schema\/logo\/image\/"},"sameAs":["https:\/\/www.facebook.com\/enoturismoull","https:\/\/x.com\/enoturismoull","https:\/\/www.linkedin.com\/company\/40816665\/admin\/dashboard\/"]},{"@type":"Person","@id":"https:\/\/wp.ull.es\/aenogas\/#\/schema\/person\/08dc3be5406aba55875ae5024a8e7426","name":"aenogas","image":{"@type":"ImageObject","inLanguage":"es","@id":"https:\/\/secure.gravatar.com\/avatar\/957f529db4c10409aeb4798f38d978d31a86852b0557feaaa15ada6691fe502f?s=96&d=mm&r=g","url":"https:\/\/secure.gravatar.com\/avatar\/957f529db4c10409aeb4798f38d978d31a86852b0557feaaa15ada6691fe502f?s=96&d=mm&r=g","contentUrl":"https:\/\/secure.gravatar.com\/avatar\/957f529db4c10409aeb4798f38d978d31a86852b0557feaaa15ada6691fe502f?s=96&d=mm&r=g","caption":"aenogas"},"url":"https:\/\/wp.ull.es\/aenogas\/author\/aenogas\/"}]}},"_links":{"self":[{"href":"https:\/\/wp.ull.es\/aenogas\/wp-json\/wp\/v2\/posts\/3359","targetHints":{"allow":["GET"]}}],"collection":[{"href":"https:\/\/wp.ull.es\/aenogas\/wp-json\/wp\/v2\/posts"}],"about":[{"href":"https:\/\/wp.ull.es\/aenogas\/wp-json\/wp\/v2\/types\/post"}],"author":[{"embeddable":true,"href":"https:\/\/wp.ull.es\/aenogas\/wp-json\/wp\/v2\/users\/227"}],"replies":[{"embeddable":true,"href":"https:\/\/wp.ull.es\/aenogas\/wp-json\/wp\/v2\/comments?post=3359"}],"version-history":[{"count":1,"href":"https:\/\/wp.ull.es\/aenogas\/wp-json\/wp\/v2\/posts\/3359\/revisions"}],"predecessor-version":[{"id":3362,"href":"https:\/\/wp.ull.es\/aenogas\/wp-json\/wp\/v2\/posts\/3359\/revisions\/3362"}],"wp:featuredmedia":[{"embeddable":true,"href":"https:\/\/wp.ull.es\/aenogas\/wp-json\/wp\/v2\/media\/3361"}],"wp:attachment":[{"href":"https:\/\/wp.ull.es\/aenogas\/wp-json\/wp\/v2\/media?parent=3359"}],"wp:term":[{"taxonomy":"category","embeddable":true,"href":"https:\/\/wp.ull.es\/aenogas\/wp-json\/wp\/v2\/categories?post=3359"},{"taxonomy":"post_tag","embeddable":true,"href":"https:\/\/wp.ull.es\/aenogas\/wp-json\/wp\/v2\/tags?post=3359"}],"curies":[{"name":"wp","href":"https:\/\/api.w.org\/{rel}","templated":true}]}}