{"id":2993,"date":"2022-05-31T08:31:47","date_gmt":"2022-05-31T08:31:47","guid":{"rendered":"https:\/\/wp.ull.es\/aenogas\/?p=2993"},"modified":"2022-05-31T08:31:47","modified_gmt":"2022-05-31T08:31:47","slug":"la-rectora-de-la-universidad-de-la-laguna-galardonada-con-la-medalla-de-oro-de-canarias","status":"publish","type":"post","link":"https:\/\/wp.ull.es\/aenogas\/2022\/05\/31\/la-rectora-de-la-universidad-de-la-laguna-galardonada-con-la-medalla-de-oro-de-canarias\/","title":{"rendered":"La Rectora de la Universidad de La Laguna galardonada con la Medalla de Oro de Canarias"},"content":{"rendered":"\n<p><strong>Al acto asistieron una representaci\u00f3n del equipo de gobierno de la Universidad de La Laguna, de la Fundaci\u00f3n General de la ULL, y de la C\u00e1tedra de Agroturismo y Enoturismo de Canarias <\/strong><\/p>\n\n\n\n<p>El presidente de Canarias, \u00c1ngel V\u00edctor Torres, ha presidido este lunes el acto institucional del D\u00eda de Canarias, en el que se desarroll\u00f3 la entrega de los Premios y Medallas de Oro de Canarias 2022. En la ceremonia, celebrada en el Teatro Guimer\u00e1 de Santa Cruz de Tenerife, Torres se\u00f1al\u00f3 que los galardonados en este 2022 son \u00abun ejemplo para un pueblo pr\u00f3spero que lucha y que avanza\u00bb.<\/p>\n\n\n\n<p>Entre los premiados y galardonados, Torres entrego la Medalla de Oro de Canarias a nuestra Rectora Rosa Mar\u00eda Aguilar Chinea, una de las mujeres gomeras m\u00e1s ilustres y una de las cient\u00edficas canarias m\u00e1s reputadas actualmente, Aguilar es catedr\u00e1tica de Ingenier\u00eda de Sistemas y Autom\u00e1tica en el Departamento de Ingenier\u00eda Inform\u00e1tica y Sistemas. Se licenci\u00f3 en Inform\u00e1tica en la Universidad de Las Palmas de Gran Canaria en 1993 y ley\u00f3 la tesis doctoral en Inform\u00e1tica en la Universidad de La Laguna en 1998.<\/p>\n\n\n\n<p>Su actividad investigadora inicial dentro del grupo de computadoras y control se desarrolla en diversas l\u00edneas (control, simulaci\u00f3n, educaci\u00f3n\u2026) y, a ra\u00edz de su tesis doctoral, empieza a liderar una nueva l\u00ednea de investigaci\u00f3n sobre sistemas discretos y an\u00e1lisis de datos. Actualmente sus proyectos activos abordan tres l\u00edneas de trabajo: energ\u00edas renovables con el ITER, turismo en colaboraci\u00f3n con la ULPGC, y bioingenier\u00eda, concretamente en el Trastorno del Espectro Autista, con neurofisi\u00f3logos de la Universidad de La Laguna.<\/p>\n\n\n\n<p>Aguilar ha participado en m\u00e1s de 20 proyectos de investigaci\u00f3n competitivos, en tres de ellos como investigador principal, y en un n\u00famero similar de proyectos de transferencia con empresas. Ha publicado m\u00e1s de 40 art\u00edculos en revistas nacionales e internacionales, 30 de ellas indexadas en JCR, de los cuales 10 en el primer cuartil. Ha presentado m\u00e1s de 60 comunicaciones en congresos nacionales e internacionales<\/p>\n\n\n\n<p>En esta edici\u00f3n se galardono con los Premios de la Comunidad Aut\u00f3noma a Carla Su\u00e1rez Navarro, \u00abun ejemplo de lucha, juego limpio e igualdad\u00bb; Elsa L\u00f3pez Rodr\u00edguez, \u00abuna escritora de enorme calidad art\u00edstica\u00bb, y Manuel J. Lorenzo Perera, \u00abotro referente cuya labor de investigaci\u00f3n ha sido esencial para rescatar y divulgar nuestras tradiciones\u00bb. Tambi\u00e9n recibieron Medallas de Oro junto Aguilar, Radio Televisi\u00f3n Canaria, Club Deportivo Tenerife, Universidad Nacional de Educaci\u00f3n a Distancia (UNED), Cooperativa Agr\u00edcola del Norte de Gran Canaria, Miguel Vel\u00e1zquez Torres, Club Maxorata de Lucha Canaria y Radio Lanzarote.<\/p>\n\n\n\n<p>Al acto asistieron una representaci\u00f3n del equipo de gobierno de la Universidad de La Laguna, de la Fundaci\u00f3n General de la ULL, y de la C\u00e1tedra de Agroturismo y Enoturismo de Canarias del Instituto Canario de Calidad Agroalimentaria y de la instituci\u00f3n acad\u00e9mica, encabezada por el Vicerrector Juan Albino M\u00e9ndez, el Director del Instituto Jos\u00e9 Basilio P\u00e9rez, el subdirector de la C\u00e1tedra Gabriel Santos, que junto a la Consejera de Agricultura, Ganader\u00eda y Pesca del Gobierno regional Alicia Vanoostende, acompa\u00f1aron en este d\u00eda tan importante a la Rectora Rosa Mar\u00eda Aguilar Chinea.<\/p>\n\n\n\n<p> <\/p>\n","protected":false},"excerpt":{"rendered":"<p>Al acto asistieron una representaci\u00f3n del equipo de gobierno de la Universidad de La Laguna, de la Fundaci\u00f3n General de la ULL, y de la C\u00e1tedra de Agroturismo y Enoturismo de Canarias del Instituto Canario de Calidad Agroalimentaria y de la instituci\u00f3n acad\u00e9mica, encabezada por el Vicerrector Juan Albino M\u00e9ndez, el Director del Instituto Jos\u00e9 Basilio P\u00e9rez, el subdirector de la C\u00e1tedra Gabriel Santos, que junto a la Consejera de Agricultura, Ganader\u00eda y Pesca del Gobierno regional Alicia Vanoostende, acompa\u00f1aron en este d\u00eda tan importante a la Rectora Rosa Mar\u00eda Aguilar Chinea.<\/p>\n<div class=\"read-more\"><a href=\"https:\/\/wp.ull.es\/aenogas\/2022\/05\/31\/la-rectora-de-la-universidad-de-la-laguna-galardonada-con-la-medalla-de-oro-de-canarias\/\">Leer m\u00e1s \u203a<\/a><\/div>\n<p><!-- end of .read-more --><\/p>\n","protected":false},"author":227,"featured_media":2994,"comment_status":"open","ping_status":"open","sticky":false,"template":"","format":"standard","meta":{"footnotes":""},"categories":[11,1],"tags":[12,6,5],"class_list":["post-2993","post","type-post","status-publish","format-standard","has-post-thumbnail","hentry","category-blog","category-sin-categoria","tag-agroturismoull","tag-universidad-de-la-laguna","tag-wineull"],"yoast_head":"<!-- This site is optimized with the Yoast SEO plugin v27.4 - https:\/\/yoast.com\/product\/yoast-seo-wordpress\/ -->\n<title>La Rectora de la Universidad de La Laguna galardonada con la Medalla de Oro de Canarias - Enoturismo Canarias<\/title>\n<meta name=\"robots\" content=\"index, follow, max-snippet:-1, max-image-preview:large, max-video-preview:-1\" \/>\n<link rel=\"canonical\" href=\"https:\/\/wp.ull.es\/aenogas\/2022\/05\/31\/la-rectora-de-la-universidad-de-la-laguna-galardonada-con-la-medalla-de-oro-de-canarias\/\" \/>\n<meta property=\"og:locale\" content=\"es_ES\" \/>\n<meta property=\"og:type\" content=\"article\" \/>\n<meta property=\"og:title\" content=\"La Rectora de la Universidad de La Laguna galardonada con la Medalla de Oro de Canarias - Enoturismo Canarias\" \/>\n<meta property=\"og:description\" content=\"Al acto asistieron una representaci\u00f3n del equipo de gobierno de la Universidad de La Laguna, de la Fundaci\u00f3n General de la ULL, y de la C\u00e1tedra de Agroturismo y Enoturismo de Canarias del Instituto Canario de Calidad Agroalimentaria y de la instituci\u00f3n acad\u00e9mica, encabezada por el Vicerrector Juan Albino M\u00e9ndez, el Director del Instituto Jos\u00e9 Basilio P\u00e9rez, el subdirector de la C\u00e1tedra Gabriel Santos, que junto a la Consejera de Agricultura, Ganader\u00eda y Pesca del Gobierno regional Alicia Vanoostende, acompa\u00f1aron en este d\u00eda tan importante a la Rectora Rosa Mar\u00eda Aguilar Chinea.Leer m\u00e1s \u203a\" \/>\n<meta property=\"og:url\" content=\"https:\/\/wp.ull.es\/aenogas\/2022\/05\/31\/la-rectora-de-la-universidad-de-la-laguna-galardonada-con-la-medalla-de-oro-de-canarias\/\" \/>\n<meta property=\"og:site_name\" content=\"Enoturismo Canarias\" \/>\n<meta property=\"article:publisher\" content=\"https:\/\/www.facebook.com\/enoturismoull\" \/>\n<meta property=\"article:published_time\" content=\"2022-05-31T08:31:47+00:00\" \/>\n<meta property=\"og:image\" content=\"https:\/\/wp.ull.es\/aenogas\/wp-content\/uploads\/sites\/90\/2022\/05\/IMG_4403.jpeg\" \/>\n\t<meta property=\"og:image:width\" content=\"2048\" \/>\n\t<meta property=\"og:image:height\" content=\"1536\" \/>\n\t<meta property=\"og:image:type\" content=\"image\/jpeg\" \/>\n<meta name=\"author\" content=\"aenogas\" \/>\n<meta name=\"twitter:card\" content=\"summary_large_image\" \/>\n<meta name=\"twitter:creator\" content=\"@enoturismoull\" \/>\n<meta name=\"twitter:site\" content=\"@enoturismoull\" \/>\n<meta name=\"twitter:label1\" content=\"Escrito por\" \/>\n\t<meta name=\"twitter:data1\" content=\"aenogas\" \/>\n\t<meta name=\"twitter:label2\" content=\"Tiempo de lectura\" \/>\n\t<meta name=\"twitter:data2\" content=\"3 minutos\" \/>\n<script type=\"application\/ld+json\" class=\"yoast-schema-graph\">{\"@context\":\"https:\\\/\\\/schema.org\",\"@graph\":[{\"@type\":\"Article\",\"@id\":\"https:\\\/\\\/wp.ull.es\\\/aenogas\\\/2022\\\/05\\\/31\\\/la-rectora-de-la-universidad-de-la-laguna-galardonada-con-la-medalla-de-oro-de-canarias\\\/#article\",\"isPartOf\":{\"@id\":\"https:\\\/\\\/wp.ull.es\\\/aenogas\\\/2022\\\/05\\\/31\\\/la-rectora-de-la-universidad-de-la-laguna-galardonada-con-la-medalla-de-oro-de-canarias\\\/\"},\"author\":{\"name\":\"aenogas\",\"@id\":\"https:\\\/\\\/wp.ull.es\\\/aenogas\\\/#\\\/schema\\\/person\\\/08dc3be5406aba55875ae5024a8e7426\"},\"headline\":\"La Rectora de la Universidad de La Laguna galardonada con la Medalla de Oro de Canarias\",\"datePublished\":\"2022-05-31T08:31:47+00:00\",\"mainEntityOfPage\":{\"@id\":\"https:\\\/\\\/wp.ull.es\\\/aenogas\\\/2022\\\/05\\\/31\\\/la-rectora-de-la-universidad-de-la-laguna-galardonada-con-la-medalla-de-oro-de-canarias\\\/\"},\"wordCount\":576,\"commentCount\":0,\"publisher\":{\"@id\":\"https:\\\/\\\/wp.ull.es\\\/aenogas\\\/#organization\"},\"image\":{\"@id\":\"https:\\\/\\\/wp.ull.es\\\/aenogas\\\/2022\\\/05\\\/31\\\/la-rectora-de-la-universidad-de-la-laguna-galardonada-con-la-medalla-de-oro-de-canarias\\\/#primaryimage\"},\"thumbnailUrl\":\"https:\\\/\\\/wp.ull.es\\\/aenogas\\\/wp-content\\\/uploads\\\/sites\\\/90\\\/2022\\\/05\\\/IMG_4403.jpeg\",\"keywords\":[\"agroturismoull\",\"universidad de la laguna\",\"wineull\"],\"articleSection\":[\"Blog\"],\"inLanguage\":\"es\",\"potentialAction\":[{\"@type\":\"CommentAction\",\"name\":\"Comment\",\"target\":[\"https:\\\/\\\/wp.ull.es\\\/aenogas\\\/2022\\\/05\\\/31\\\/la-rectora-de-la-universidad-de-la-laguna-galardonada-con-la-medalla-de-oro-de-canarias\\\/#respond\"]}]},{\"@type\":\"WebPage\",\"@id\":\"https:\\\/\\\/wp.ull.es\\\/aenogas\\\/2022\\\/05\\\/31\\\/la-rectora-de-la-universidad-de-la-laguna-galardonada-con-la-medalla-de-oro-de-canarias\\\/\",\"url\":\"https:\\\/\\\/wp.ull.es\\\/aenogas\\\/2022\\\/05\\\/31\\\/la-rectora-de-la-universidad-de-la-laguna-galardonada-con-la-medalla-de-oro-de-canarias\\\/\",\"name\":\"La Rectora de la Universidad de La Laguna galardonada con la Medalla de Oro de Canarias - Enoturismo Canarias\",\"isPartOf\":{\"@id\":\"https:\\\/\\\/wp.ull.es\\\/aenogas\\\/#website\"},\"primaryImageOfPage\":{\"@id\":\"https:\\\/\\\/wp.ull.es\\\/aenogas\\\/2022\\\/05\\\/31\\\/la-rectora-de-la-universidad-de-la-laguna-galardonada-con-la-medalla-de-oro-de-canarias\\\/#primaryimage\"},\"image\":{\"@id\":\"https:\\\/\\\/wp.ull.es\\\/aenogas\\\/2022\\\/05\\\/31\\\/la-rectora-de-la-universidad-de-la-laguna-galardonada-con-la-medalla-de-oro-de-canarias\\\/#primaryimage\"},\"thumbnailUrl\":\"https:\\\/\\\/wp.ull.es\\\/aenogas\\\/wp-content\\\/uploads\\\/sites\\\/90\\\/2022\\\/05\\\/IMG_4403.jpeg\",\"datePublished\":\"2022-05-31T08:31:47+00:00\",\"breadcrumb\":{\"@id\":\"https:\\\/\\\/wp.ull.es\\\/aenogas\\\/2022\\\/05\\\/31\\\/la-rectora-de-la-universidad-de-la-laguna-galardonada-con-la-medalla-de-oro-de-canarias\\\/#breadcrumb\"},\"inLanguage\":\"es\",\"potentialAction\":[{\"@type\":\"ReadAction\",\"target\":[\"https:\\\/\\\/wp.ull.es\\\/aenogas\\\/2022\\\/05\\\/31\\\/la-rectora-de-la-universidad-de-la-laguna-galardonada-con-la-medalla-de-oro-de-canarias\\\/\"]}]},{\"@type\":\"ImageObject\",\"inLanguage\":\"es\",\"@id\":\"https:\\\/\\\/wp.ull.es\\\/aenogas\\\/2022\\\/05\\\/31\\\/la-rectora-de-la-universidad-de-la-laguna-galardonada-con-la-medalla-de-oro-de-canarias\\\/#primaryimage\",\"url\":\"https:\\\/\\\/wp.ull.es\\\/aenogas\\\/wp-content\\\/uploads\\\/sites\\\/90\\\/2022\\\/05\\\/IMG_4403.jpeg\",\"contentUrl\":\"https:\\\/\\\/wp.ull.es\\\/aenogas\\\/wp-content\\\/uploads\\\/sites\\\/90\\\/2022\\\/05\\\/IMG_4403.jpeg\",\"width\":2048,\"height\":1536},{\"@type\":\"BreadcrumbList\",\"@id\":\"https:\\\/\\\/wp.ull.es\\\/aenogas\\\/2022\\\/05\\\/31\\\/la-rectora-de-la-universidad-de-la-laguna-galardonada-con-la-medalla-de-oro-de-canarias\\\/#breadcrumb\",\"itemListElement\":[{\"@type\":\"ListItem\",\"position\":1,\"name\":\"Portada\",\"item\":\"https:\\\/\\\/wp.ull.es\\\/aenogas\\\/\"},{\"@type\":\"ListItem\",\"position\":2,\"name\":\"La Rectora de la Universidad de La Laguna galardonada con la Medalla de Oro de Canarias\"}]},{\"@type\":\"WebSite\",\"@id\":\"https:\\\/\\\/wp.ull.es\\\/aenogas\\\/#website\",\"url\":\"https:\\\/\\\/wp.ull.es\\\/aenogas\\\/\",\"name\":\"Enoturismo Canarias\",\"description\":\"C\u00e1tedra de Agroturismo y Enoturismo Instituto de Canario de Calidad Agroalimentaria\",\"publisher\":{\"@id\":\"https:\\\/\\\/wp.ull.es\\\/aenogas\\\/#organization\"},\"potentialAction\":[{\"@type\":\"SearchAction\",\"target\":{\"@type\":\"EntryPoint\",\"urlTemplate\":\"https:\\\/\\\/wp.ull.es\\\/aenogas\\\/?s={search_term_string}\"},\"query-input\":{\"@type\":\"PropertyValueSpecification\",\"valueRequired\":true,\"valueName\":\"search_term_string\"}}],\"inLanguage\":\"es\"},{\"@type\":\"Organization\",\"@id\":\"https:\\\/\\\/wp.ull.es\\\/aenogas\\\/#organization\",\"name\":\"C\u00e1tedra de Agroturismo y Enoturismo de Canarias del Instituto Canario de Calidad Agroalimentaria y de la Universidad de La Laguna\",\"url\":\"https:\\\/\\\/wp.ull.es\\\/aenogas\\\/\",\"logo\":{\"@type\":\"ImageObject\",\"inLanguage\":\"es\",\"@id\":\"https:\\\/\\\/wp.ull.es\\\/aenogas\\\/#\\\/schema\\\/logo\\\/image\\\/\",\"url\":\"https:\\\/\\\/wp.ull.es\\\/aenogas\\\/wp-content\\\/uploads\\\/sites\\\/90\\\/2021\\\/03\\\/Logotipo-Catedra.png\",\"contentUrl\":\"https:\\\/\\\/wp.ull.es\\\/aenogas\\\/wp-content\\\/uploads\\\/sites\\\/90\\\/2021\\\/03\\\/Logotipo-Catedra.png\",\"width\":300,\"height\":89,\"caption\":\"C\u00e1tedra de Agroturismo y Enoturismo de Canarias del Instituto Canario de Calidad Agroalimentaria y de la Universidad de La Laguna\"},\"image\":{\"@id\":\"https:\\\/\\\/wp.ull.es\\\/aenogas\\\/#\\\/schema\\\/logo\\\/image\\\/\"},\"sameAs\":[\"https:\\\/\\\/www.facebook.com\\\/enoturismoull\",\"https:\\\/\\\/x.com\\\/enoturismoull\",\"https:\\\/\\\/www.linkedin.com\\\/company\\\/40816665\\\/admin\\\/dashboard\\\/\"]},{\"@type\":\"Person\",\"@id\":\"https:\\\/\\\/wp.ull.es\\\/aenogas\\\/#\\\/schema\\\/person\\\/08dc3be5406aba55875ae5024a8e7426\",\"name\":\"aenogas\",\"image\":{\"@type\":\"ImageObject\",\"inLanguage\":\"es\",\"@id\":\"https:\\\/\\\/secure.gravatar.com\\\/avatar\\\/957f529db4c10409aeb4798f38d978d31a86852b0557feaaa15ada6691fe502f?s=96&d=mm&r=g\",\"url\":\"https:\\\/\\\/secure.gravatar.com\\\/avatar\\\/957f529db4c10409aeb4798f38d978d31a86852b0557feaaa15ada6691fe502f?s=96&d=mm&r=g\",\"contentUrl\":\"https:\\\/\\\/secure.gravatar.com\\\/avatar\\\/957f529db4c10409aeb4798f38d978d31a86852b0557feaaa15ada6691fe502f?s=96&d=mm&r=g\",\"caption\":\"aenogas\"},\"url\":\"https:\\\/\\\/wp.ull.es\\\/aenogas\\\/author\\\/aenogas\\\/\"}]}<\/script>\n<!-- \/ Yoast SEO plugin. -->","yoast_head_json":{"title":"La Rectora de la Universidad de La Laguna galardonada con la Medalla de Oro de Canarias - Enoturismo Canarias","robots":{"index":"index","follow":"follow","max-snippet":"max-snippet:-1","max-image-preview":"max-image-preview:large","max-video-preview":"max-video-preview:-1"},"canonical":"https:\/\/wp.ull.es\/aenogas\/2022\/05\/31\/la-rectora-de-la-universidad-de-la-laguna-galardonada-con-la-medalla-de-oro-de-canarias\/","og_locale":"es_ES","og_type":"article","og_title":"La Rectora de la Universidad de La Laguna galardonada con la Medalla de Oro de Canarias - Enoturismo Canarias","og_description":"Al acto asistieron una representaci\u00f3n del equipo de gobierno de la Universidad de La Laguna, de la Fundaci\u00f3n General de la ULL, y de la C\u00e1tedra de Agroturismo y Enoturismo de Canarias del Instituto Canario de Calidad Agroalimentaria y de la instituci\u00f3n acad\u00e9mica, encabezada por el Vicerrector Juan Albino M\u00e9ndez, el Director del Instituto Jos\u00e9 Basilio P\u00e9rez, el subdirector de la C\u00e1tedra Gabriel Santos, que junto a la Consejera de Agricultura, Ganader\u00eda y Pesca del Gobierno regional Alicia Vanoostende, acompa\u00f1aron en este d\u00eda tan importante a la Rectora Rosa Mar\u00eda Aguilar Chinea.Leer m\u00e1s \u203a","og_url":"https:\/\/wp.ull.es\/aenogas\/2022\/05\/31\/la-rectora-de-la-universidad-de-la-laguna-galardonada-con-la-medalla-de-oro-de-canarias\/","og_site_name":"Enoturismo Canarias","article_publisher":"https:\/\/www.facebook.com\/enoturismoull","article_published_time":"2022-05-31T08:31:47+00:00","og_image":[{"width":2048,"height":1536,"url":"https:\/\/wp.ull.es\/aenogas\/wp-content\/uploads\/sites\/90\/2022\/05\/IMG_4403.jpeg","type":"image\/jpeg"}],"author":"aenogas","twitter_card":"summary_large_image","twitter_creator":"@enoturismoull","twitter_site":"@enoturismoull","twitter_misc":{"Escrito por":"aenogas","Tiempo de lectura":"3 minutos"},"schema":{"@context":"https:\/\/schema.org","@graph":[{"@type":"Article","@id":"https:\/\/wp.ull.es\/aenogas\/2022\/05\/31\/la-rectora-de-la-universidad-de-la-laguna-galardonada-con-la-medalla-de-oro-de-canarias\/#article","isPartOf":{"@id":"https:\/\/wp.ull.es\/aenogas\/2022\/05\/31\/la-rectora-de-la-universidad-de-la-laguna-galardonada-con-la-medalla-de-oro-de-canarias\/"},"author":{"name":"aenogas","@id":"https:\/\/wp.ull.es\/aenogas\/#\/schema\/person\/08dc3be5406aba55875ae5024a8e7426"},"headline":"La Rectora de la Universidad de La Laguna galardonada con la Medalla de Oro de Canarias","datePublished":"2022-05-31T08:31:47+00:00","mainEntityOfPage":{"@id":"https:\/\/wp.ull.es\/aenogas\/2022\/05\/31\/la-rectora-de-la-universidad-de-la-laguna-galardonada-con-la-medalla-de-oro-de-canarias\/"},"wordCount":576,"commentCount":0,"publisher":{"@id":"https:\/\/wp.ull.es\/aenogas\/#organization"},"image":{"@id":"https:\/\/wp.ull.es\/aenogas\/2022\/05\/31\/la-rectora-de-la-universidad-de-la-laguna-galardonada-con-la-medalla-de-oro-de-canarias\/#primaryimage"},"thumbnailUrl":"https:\/\/wp.ull.es\/aenogas\/wp-content\/uploads\/sites\/90\/2022\/05\/IMG_4403.jpeg","keywords":["agroturismoull","universidad de la laguna","wineull"],"articleSection":["Blog"],"inLanguage":"es","potentialAction":[{"@type":"CommentAction","name":"Comment","target":["https:\/\/wp.ull.es\/aenogas\/2022\/05\/31\/la-rectora-de-la-universidad-de-la-laguna-galardonada-con-la-medalla-de-oro-de-canarias\/#respond"]}]},{"@type":"WebPage","@id":"https:\/\/wp.ull.es\/aenogas\/2022\/05\/31\/la-rectora-de-la-universidad-de-la-laguna-galardonada-con-la-medalla-de-oro-de-canarias\/","url":"https:\/\/wp.ull.es\/aenogas\/2022\/05\/31\/la-rectora-de-la-universidad-de-la-laguna-galardonada-con-la-medalla-de-oro-de-canarias\/","name":"La Rectora de la Universidad de La Laguna galardonada con la Medalla de Oro de Canarias - Enoturismo Canarias","isPartOf":{"@id":"https:\/\/wp.ull.es\/aenogas\/#website"},"primaryImageOfPage":{"@id":"https:\/\/wp.ull.es\/aenogas\/2022\/05\/31\/la-rectora-de-la-universidad-de-la-laguna-galardonada-con-la-medalla-de-oro-de-canarias\/#primaryimage"},"image":{"@id":"https:\/\/wp.ull.es\/aenogas\/2022\/05\/31\/la-rectora-de-la-universidad-de-la-laguna-galardonada-con-la-medalla-de-oro-de-canarias\/#primaryimage"},"thumbnailUrl":"https:\/\/wp.ull.es\/aenogas\/wp-content\/uploads\/sites\/90\/2022\/05\/IMG_4403.jpeg","datePublished":"2022-05-31T08:31:47+00:00","breadcrumb":{"@id":"https:\/\/wp.ull.es\/aenogas\/2022\/05\/31\/la-rectora-de-la-universidad-de-la-laguna-galardonada-con-la-medalla-de-oro-de-canarias\/#breadcrumb"},"inLanguage":"es","potentialAction":[{"@type":"ReadAction","target":["https:\/\/wp.ull.es\/aenogas\/2022\/05\/31\/la-rectora-de-la-universidad-de-la-laguna-galardonada-con-la-medalla-de-oro-de-canarias\/"]}]},{"@type":"ImageObject","inLanguage":"es","@id":"https:\/\/wp.ull.es\/aenogas\/2022\/05\/31\/la-rectora-de-la-universidad-de-la-laguna-galardonada-con-la-medalla-de-oro-de-canarias\/#primaryimage","url":"https:\/\/wp.ull.es\/aenogas\/wp-content\/uploads\/sites\/90\/2022\/05\/IMG_4403.jpeg","contentUrl":"https:\/\/wp.ull.es\/aenogas\/wp-content\/uploads\/sites\/90\/2022\/05\/IMG_4403.jpeg","width":2048,"height":1536},{"@type":"BreadcrumbList","@id":"https:\/\/wp.ull.es\/aenogas\/2022\/05\/31\/la-rectora-de-la-universidad-de-la-laguna-galardonada-con-la-medalla-de-oro-de-canarias\/#breadcrumb","itemListElement":[{"@type":"ListItem","position":1,"name":"Portada","item":"https:\/\/wp.ull.es\/aenogas\/"},{"@type":"ListItem","position":2,"name":"La Rectora de la Universidad de La Laguna galardonada con la Medalla de Oro de Canarias"}]},{"@type":"WebSite","@id":"https:\/\/wp.ull.es\/aenogas\/#website","url":"https:\/\/wp.ull.es\/aenogas\/","name":"Enoturismo Canarias","description":"C\u00e1tedra de Agroturismo y Enoturismo Instituto de Canario de Calidad Agroalimentaria","publisher":{"@id":"https:\/\/wp.ull.es\/aenogas\/#organization"},"potentialAction":[{"@type":"SearchAction","target":{"@type":"EntryPoint","urlTemplate":"https:\/\/wp.ull.es\/aenogas\/?s={search_term_string}"},"query-input":{"@type":"PropertyValueSpecification","valueRequired":true,"valueName":"search_term_string"}}],"inLanguage":"es"},{"@type":"Organization","@id":"https:\/\/wp.ull.es\/aenogas\/#organization","name":"C\u00e1tedra de Agroturismo y Enoturismo de Canarias del Instituto Canario de Calidad Agroalimentaria y de la Universidad de La Laguna","url":"https:\/\/wp.ull.es\/aenogas\/","logo":{"@type":"ImageObject","inLanguage":"es","@id":"https:\/\/wp.ull.es\/aenogas\/#\/schema\/logo\/image\/","url":"https:\/\/wp.ull.es\/aenogas\/wp-content\/uploads\/sites\/90\/2021\/03\/Logotipo-Catedra.png","contentUrl":"https:\/\/wp.ull.es\/aenogas\/wp-content\/uploads\/sites\/90\/2021\/03\/Logotipo-Catedra.png","width":300,"height":89,"caption":"C\u00e1tedra de Agroturismo y Enoturismo de Canarias del Instituto Canario de Calidad Agroalimentaria y de la Universidad de La Laguna"},"image":{"@id":"https:\/\/wp.ull.es\/aenogas\/#\/schema\/logo\/image\/"},"sameAs":["https:\/\/www.facebook.com\/enoturismoull","https:\/\/x.com\/enoturismoull","https:\/\/www.linkedin.com\/company\/40816665\/admin\/dashboard\/"]},{"@type":"Person","@id":"https:\/\/wp.ull.es\/aenogas\/#\/schema\/person\/08dc3be5406aba55875ae5024a8e7426","name":"aenogas","image":{"@type":"ImageObject","inLanguage":"es","@id":"https:\/\/secure.gravatar.com\/avatar\/957f529db4c10409aeb4798f38d978d31a86852b0557feaaa15ada6691fe502f?s=96&d=mm&r=g","url":"https:\/\/secure.gravatar.com\/avatar\/957f529db4c10409aeb4798f38d978d31a86852b0557feaaa15ada6691fe502f?s=96&d=mm&r=g","contentUrl":"https:\/\/secure.gravatar.com\/avatar\/957f529db4c10409aeb4798f38d978d31a86852b0557feaaa15ada6691fe502f?s=96&d=mm&r=g","caption":"aenogas"},"url":"https:\/\/wp.ull.es\/aenogas\/author\/aenogas\/"}]}},"_links":{"self":[{"href":"https:\/\/wp.ull.es\/aenogas\/wp-json\/wp\/v2\/posts\/2993","targetHints":{"allow":["GET"]}}],"collection":[{"href":"https:\/\/wp.ull.es\/aenogas\/wp-json\/wp\/v2\/posts"}],"about":[{"href":"https:\/\/wp.ull.es\/aenogas\/wp-json\/wp\/v2\/types\/post"}],"author":[{"embeddable":true,"href":"https:\/\/wp.ull.es\/aenogas\/wp-json\/wp\/v2\/users\/227"}],"replies":[{"embeddable":true,"href":"https:\/\/wp.ull.es\/aenogas\/wp-json\/wp\/v2\/comments?post=2993"}],"version-history":[{"count":1,"href":"https:\/\/wp.ull.es\/aenogas\/wp-json\/wp\/v2\/posts\/2993\/revisions"}],"predecessor-version":[{"id":2995,"href":"https:\/\/wp.ull.es\/aenogas\/wp-json\/wp\/v2\/posts\/2993\/revisions\/2995"}],"wp:featuredmedia":[{"embeddable":true,"href":"https:\/\/wp.ull.es\/aenogas\/wp-json\/wp\/v2\/media\/2994"}],"wp:attachment":[{"href":"https:\/\/wp.ull.es\/aenogas\/wp-json\/wp\/v2\/media?parent=2993"}],"wp:term":[{"taxonomy":"category","embeddable":true,"href":"https:\/\/wp.ull.es\/aenogas\/wp-json\/wp\/v2\/categories?post=2993"},{"taxonomy":"post_tag","embeddable":true,"href":"https:\/\/wp.ull.es\/aenogas\/wp-json\/wp\/v2\/tags?post=2993"}],"curies":[{"name":"wp","href":"https:\/\/api.w.org\/{rel}","templated":true}]}}