{"id":2743,"date":"2022-04-04T18:45:18","date_gmt":"2022-04-04T18:45:18","guid":{"rendered":"https:\/\/wp.ull.es\/aenogas\/?p=2743"},"modified":"2022-04-04T18:45:19","modified_gmt":"2022-04-04T18:45:19","slug":"la-rectora-de-la-ull-visita-al-alumnado-del-curso-de-analisis-sensorial-de-vinos","status":"publish","type":"post","link":"https:\/\/wp.ull.es\/aenogas\/2022\/04\/04\/la-rectora-de-la-ull-visita-al-alumnado-del-curso-de-analisis-sensorial-de-vinos\/","title":{"rendered":"La rectora de la ULL visita al alumnado del curso de an\u00e1lisis sensorial de Vinos"},"content":{"rendered":"\n<p>La pasada semana, Rosa M\u00aa Aguilar, rectora de la Universidad de La Laguna, visit\u00f3 al alumnado que se ha estado formando en el m\u00f3dulo de An\u00e1lisis Sensorial de Vinos &#8211; Nivel Avanzado de la octava edici\u00f3n del Curso de Especialista  paralelamente en Lanzarote y Tenerife.<\/p>\n\n\n\n<p>Rosa M\u00aa Aguilar, pudo conocer directamente del alumnado las valoraciones de esta formaci\u00f3n especializada que promueve la C\u00e1tedra de Agroturismo y Enoturismo de Canarias del Instituto Canario de Calidad Agroalimentario y de la Universidad de La Laguna, as\u00ed como impresiones en general, y de forma particular del sector vitivin\u00edcola, con el fin de analizar el beneficio de esta acci\u00f3n formativa consolidada en el archipi\u00e9lago. <\/p>\n\n\n\n<p>La rectora estuvo acompa\u00f1ada de los vicerrectores Juan Albino M\u00e9ndez y Lastenia Hern\u00e1ndez, as\u00ed como del director del Instituto Canario de Calidad Agroalimentaria, Jos\u00e9 Basilio P\u00e9rez, y el concejero Insular del Cabildo de Lanzarote, Hugo Delgado, junto a los directores de la C\u00e1tedra, Carlos Fern\u00e1ndez y Gabriel Santos. <\/p>\n\n\n\n<p><\/p>\n","protected":false},"excerpt":{"rendered":"<p>La pasada semana, Rosa M\u00aa Aguilar, rectora de la Universidad de La Laguna, visit\u00f3 al alumnado que se ha estado formando en el m\u00f3dulo de An\u00e1lisis Sensorial de Vinos &#8211; Nivel Avanzado de la octava edici\u00f3n del Curso de Especialista &hellip;<\/p>\n<p class=\"read-more\"> <a class=\"more-link\" href=\"https:\/\/wp.ull.es\/aenogas\/2022\/04\/04\/la-rectora-de-la-ull-visita-al-alumnado-del-curso-de-analisis-sensorial-de-vinos\/\"> <span class=\"screen-reader-text\">La rectora de la ULL visita al alumnado del curso de an\u00e1lisis sensorial de Vinos<\/span> Leer m\u00e1s \u00bb<\/a><\/p>\n","protected":false},"author":227,"featured_media":2745,"comment_status":"open","ping_status":"open","sticky":false,"template":"","format":"standard","meta":{"footnotes":""},"categories":[11,1],"tags":[12,6,5],"class_list":["post-2743","post","type-post","status-publish","format-standard","has-post-thumbnail","hentry","category-blog","category-sin-categoria","tag-agroturismoull","tag-universidad-de-la-laguna","tag-wineull"],"yoast_head":"<!-- This site is optimized with the Yoast SEO plugin v27.5 - https:\/\/yoast.com\/product\/yoast-seo-wordpress\/ -->\n<title>La rectora de la ULL visita al alumnado del curso de an\u00e1lisis sensorial de Vinos - Enoturismo Canarias<\/title>\n<meta name=\"robots\" content=\"index, follow, max-snippet:-1, max-image-preview:large, max-video-preview:-1\" \/>\n<link rel=\"canonical\" href=\"https:\/\/wp.ull.es\/aenogas\/2022\/04\/04\/la-rectora-de-la-ull-visita-al-alumnado-del-curso-de-analisis-sensorial-de-vinos\/\" \/>\n<meta property=\"og:locale\" content=\"es_ES\" \/>\n<meta property=\"og:type\" content=\"article\" \/>\n<meta property=\"og:title\" content=\"La rectora de la ULL visita al alumnado del curso de an\u00e1lisis sensorial de Vinos - Enoturismo Canarias\" \/>\n<meta property=\"og:description\" content=\"La pasada semana, Rosa M\u00aa Aguilar, rectora de la Universidad de La Laguna, visit\u00f3 al alumnado que se ha estado formando en el m\u00f3dulo de An\u00e1lisis Sensorial de Vinos &#8211; Nivel Avanzado de la octava edici\u00f3n del Curso de Especialista &hellip; La rectora de la ULL visita al alumnado del curso de an\u00e1lisis sensorial de Vinos Leer m\u00e1s \u00bb\" \/>\n<meta property=\"og:url\" content=\"https:\/\/wp.ull.es\/aenogas\/2022\/04\/04\/la-rectora-de-la-ull-visita-al-alumnado-del-curso-de-analisis-sensorial-de-vinos\/\" \/>\n<meta property=\"og:site_name\" content=\"Enoturismo Canarias\" \/>\n<meta property=\"article:publisher\" content=\"https:\/\/www.facebook.com\/enoturismoull\" \/>\n<meta property=\"article:published_time\" content=\"2022-04-04T18:45:18+00:00\" \/>\n<meta property=\"article:modified_time\" content=\"2022-04-04T18:45:19+00:00\" \/>\n<meta property=\"og:image\" content=\"https:\/\/wp.ull.es\/aenogas\/wp-content\/uploads\/sites\/90\/2022\/04\/WhatsApp-Image-2022-03-29-at-7.52.37-PM.jpeg\" \/>\n\t<meta property=\"og:image:width\" content=\"1600\" \/>\n\t<meta property=\"og:image:height\" content=\"1068\" \/>\n\t<meta property=\"og:image:type\" content=\"image\/jpeg\" \/>\n<meta name=\"author\" content=\"aenogas\" \/>\n<meta name=\"twitter:card\" content=\"summary_large_image\" \/>\n<meta name=\"twitter:creator\" content=\"@enoturismoull\" \/>\n<meta name=\"twitter:site\" content=\"@enoturismoull\" \/>\n<meta name=\"twitter:label1\" content=\"Escrito por\" \/>\n\t<meta name=\"twitter:data1\" content=\"aenogas\" \/>\n\t<meta name=\"twitter:label2\" content=\"Tiempo de lectura\" \/>\n\t<meta name=\"twitter:data2\" content=\"1 minuto\" \/>\n<script type=\"application\/ld+json\" class=\"yoast-schema-graph\">{\"@context\":\"https:\\\/\\\/schema.org\",\"@graph\":[{\"@type\":\"Article\",\"@id\":\"https:\\\/\\\/wp.ull.es\\\/aenogas\\\/2022\\\/04\\\/04\\\/la-rectora-de-la-ull-visita-al-alumnado-del-curso-de-analisis-sensorial-de-vinos\\\/#article\",\"isPartOf\":{\"@id\":\"https:\\\/\\\/wp.ull.es\\\/aenogas\\\/2022\\\/04\\\/04\\\/la-rectora-de-la-ull-visita-al-alumnado-del-curso-de-analisis-sensorial-de-vinos\\\/\"},\"author\":{\"name\":\"aenogas\",\"@id\":\"https:\\\/\\\/wp.ull.es\\\/aenogas\\\/#\\\/schema\\\/person\\\/08dc3be5406aba55875ae5024a8e7426\"},\"headline\":\"La rectora de la ULL visita al alumnado del curso de an\u00e1lisis sensorial de Vinos\",\"datePublished\":\"2022-04-04T18:45:18+00:00\",\"dateModified\":\"2022-04-04T18:45:19+00:00\",\"mainEntityOfPage\":{\"@id\":\"https:\\\/\\\/wp.ull.es\\\/aenogas\\\/2022\\\/04\\\/04\\\/la-rectora-de-la-ull-visita-al-alumnado-del-curso-de-analisis-sensorial-de-vinos\\\/\"},\"wordCount\":187,\"commentCount\":0,\"publisher\":{\"@id\":\"https:\\\/\\\/wp.ull.es\\\/aenogas\\\/#organization\"},\"image\":{\"@id\":\"https:\\\/\\\/wp.ull.es\\\/aenogas\\\/2022\\\/04\\\/04\\\/la-rectora-de-la-ull-visita-al-alumnado-del-curso-de-analisis-sensorial-de-vinos\\\/#primaryimage\"},\"thumbnailUrl\":\"https:\\\/\\\/wp.ull.es\\\/aenogas\\\/wp-content\\\/uploads\\\/sites\\\/90\\\/2022\\\/04\\\/WhatsApp-Image-2022-03-29-at-7.52.37-PM.jpeg\",\"keywords\":[\"agroturismoull\",\"universidad de la laguna\",\"wineull\"],\"articleSection\":[\"Blog\"],\"inLanguage\":\"es\",\"potentialAction\":[{\"@type\":\"CommentAction\",\"name\":\"Comment\",\"target\":[\"https:\\\/\\\/wp.ull.es\\\/aenogas\\\/2022\\\/04\\\/04\\\/la-rectora-de-la-ull-visita-al-alumnado-del-curso-de-analisis-sensorial-de-vinos\\\/#respond\"]}]},{\"@type\":\"WebPage\",\"@id\":\"https:\\\/\\\/wp.ull.es\\\/aenogas\\\/2022\\\/04\\\/04\\\/la-rectora-de-la-ull-visita-al-alumnado-del-curso-de-analisis-sensorial-de-vinos\\\/\",\"url\":\"https:\\\/\\\/wp.ull.es\\\/aenogas\\\/2022\\\/04\\\/04\\\/la-rectora-de-la-ull-visita-al-alumnado-del-curso-de-analisis-sensorial-de-vinos\\\/\",\"name\":\"La rectora de la ULL visita al alumnado del curso de an\u00e1lisis sensorial de Vinos - Enoturismo Canarias\",\"isPartOf\":{\"@id\":\"https:\\\/\\\/wp.ull.es\\\/aenogas\\\/#website\"},\"primaryImageOfPage\":{\"@id\":\"https:\\\/\\\/wp.ull.es\\\/aenogas\\\/2022\\\/04\\\/04\\\/la-rectora-de-la-ull-visita-al-alumnado-del-curso-de-analisis-sensorial-de-vinos\\\/#primaryimage\"},\"image\":{\"@id\":\"https:\\\/\\\/wp.ull.es\\\/aenogas\\\/2022\\\/04\\\/04\\\/la-rectora-de-la-ull-visita-al-alumnado-del-curso-de-analisis-sensorial-de-vinos\\\/#primaryimage\"},\"thumbnailUrl\":\"https:\\\/\\\/wp.ull.es\\\/aenogas\\\/wp-content\\\/uploads\\\/sites\\\/90\\\/2022\\\/04\\\/WhatsApp-Image-2022-03-29-at-7.52.37-PM.jpeg\",\"datePublished\":\"2022-04-04T18:45:18+00:00\",\"dateModified\":\"2022-04-04T18:45:19+00:00\",\"breadcrumb\":{\"@id\":\"https:\\\/\\\/wp.ull.es\\\/aenogas\\\/2022\\\/04\\\/04\\\/la-rectora-de-la-ull-visita-al-alumnado-del-curso-de-analisis-sensorial-de-vinos\\\/#breadcrumb\"},\"inLanguage\":\"es\",\"potentialAction\":[{\"@type\":\"ReadAction\",\"target\":[\"https:\\\/\\\/wp.ull.es\\\/aenogas\\\/2022\\\/04\\\/04\\\/la-rectora-de-la-ull-visita-al-alumnado-del-curso-de-analisis-sensorial-de-vinos\\\/\"]}]},{\"@type\":\"ImageObject\",\"inLanguage\":\"es\",\"@id\":\"https:\\\/\\\/wp.ull.es\\\/aenogas\\\/2022\\\/04\\\/04\\\/la-rectora-de-la-ull-visita-al-alumnado-del-curso-de-analisis-sensorial-de-vinos\\\/#primaryimage\",\"url\":\"https:\\\/\\\/wp.ull.es\\\/aenogas\\\/wp-content\\\/uploads\\\/sites\\\/90\\\/2022\\\/04\\\/WhatsApp-Image-2022-03-29-at-7.52.37-PM.jpeg\",\"contentUrl\":\"https:\\\/\\\/wp.ull.es\\\/aenogas\\\/wp-content\\\/uploads\\\/sites\\\/90\\\/2022\\\/04\\\/WhatsApp-Image-2022-03-29-at-7.52.37-PM.jpeg\",\"width\":1600,\"height\":1068},{\"@type\":\"BreadcrumbList\",\"@id\":\"https:\\\/\\\/wp.ull.es\\\/aenogas\\\/2022\\\/04\\\/04\\\/la-rectora-de-la-ull-visita-al-alumnado-del-curso-de-analisis-sensorial-de-vinos\\\/#breadcrumb\",\"itemListElement\":[{\"@type\":\"ListItem\",\"position\":1,\"name\":\"Portada\",\"item\":\"https:\\\/\\\/wp.ull.es\\\/aenogas\\\/\"},{\"@type\":\"ListItem\",\"position\":2,\"name\":\"La rectora de la ULL visita al alumnado del curso de an\u00e1lisis sensorial de Vinos\"}]},{\"@type\":\"WebSite\",\"@id\":\"https:\\\/\\\/wp.ull.es\\\/aenogas\\\/#website\",\"url\":\"https:\\\/\\\/wp.ull.es\\\/aenogas\\\/\",\"name\":\"Enoturismo Canarias\",\"description\":\"C\u00e1tedra de Agroturismo y Enoturismo Instituto de Canario de Calidad Agroalimentaria\",\"publisher\":{\"@id\":\"https:\\\/\\\/wp.ull.es\\\/aenogas\\\/#organization\"},\"potentialAction\":[{\"@type\":\"SearchAction\",\"target\":{\"@type\":\"EntryPoint\",\"urlTemplate\":\"https:\\\/\\\/wp.ull.es\\\/aenogas\\\/?s={search_term_string}\"},\"query-input\":{\"@type\":\"PropertyValueSpecification\",\"valueRequired\":true,\"valueName\":\"search_term_string\"}}],\"inLanguage\":\"es\"},{\"@type\":\"Organization\",\"@id\":\"https:\\\/\\\/wp.ull.es\\\/aenogas\\\/#organization\",\"name\":\"C\u00e1tedra de Agroturismo y Enoturismo de Canarias del Instituto Canario de Calidad Agroalimentaria y de la Universidad de La Laguna\",\"url\":\"https:\\\/\\\/wp.ull.es\\\/aenogas\\\/\",\"logo\":{\"@type\":\"ImageObject\",\"inLanguage\":\"es\",\"@id\":\"https:\\\/\\\/wp.ull.es\\\/aenogas\\\/#\\\/schema\\\/logo\\\/image\\\/\",\"url\":\"https:\\\/\\\/wp.ull.es\\\/aenogas\\\/wp-content\\\/uploads\\\/sites\\\/90\\\/2021\\\/03\\\/Logotipo-Catedra.png\",\"contentUrl\":\"https:\\\/\\\/wp.ull.es\\\/aenogas\\\/wp-content\\\/uploads\\\/sites\\\/90\\\/2021\\\/03\\\/Logotipo-Catedra.png\",\"width\":300,\"height\":89,\"caption\":\"C\u00e1tedra de Agroturismo y Enoturismo de Canarias del Instituto Canario de Calidad Agroalimentaria y de la Universidad de La Laguna\"},\"image\":{\"@id\":\"https:\\\/\\\/wp.ull.es\\\/aenogas\\\/#\\\/schema\\\/logo\\\/image\\\/\"},\"sameAs\":[\"https:\\\/\\\/www.facebook.com\\\/enoturismoull\",\"https:\\\/\\\/x.com\\\/enoturismoull\",\"https:\\\/\\\/www.linkedin.com\\\/company\\\/40816665\\\/admin\\\/dashboard\\\/\"]},{\"@type\":\"Person\",\"@id\":\"https:\\\/\\\/wp.ull.es\\\/aenogas\\\/#\\\/schema\\\/person\\\/08dc3be5406aba55875ae5024a8e7426\",\"name\":\"aenogas\",\"image\":{\"@type\":\"ImageObject\",\"inLanguage\":\"es\",\"@id\":\"https:\\\/\\\/secure.gravatar.com\\\/avatar\\\/957f529db4c10409aeb4798f38d978d31a86852b0557feaaa15ada6691fe502f?s=96&d=mm&r=g\",\"url\":\"https:\\\/\\\/secure.gravatar.com\\\/avatar\\\/957f529db4c10409aeb4798f38d978d31a86852b0557feaaa15ada6691fe502f?s=96&d=mm&r=g\",\"contentUrl\":\"https:\\\/\\\/secure.gravatar.com\\\/avatar\\\/957f529db4c10409aeb4798f38d978d31a86852b0557feaaa15ada6691fe502f?s=96&d=mm&r=g\",\"caption\":\"aenogas\"},\"url\":\"https:\\\/\\\/wp.ull.es\\\/aenogas\\\/author\\\/aenogas\\\/\"}]}<\/script>\n<!-- \/ Yoast SEO plugin. -->","yoast_head_json":{"title":"La rectora de la ULL visita al alumnado del curso de an\u00e1lisis sensorial de Vinos - Enoturismo Canarias","robots":{"index":"index","follow":"follow","max-snippet":"max-snippet:-1","max-image-preview":"max-image-preview:large","max-video-preview":"max-video-preview:-1"},"canonical":"https:\/\/wp.ull.es\/aenogas\/2022\/04\/04\/la-rectora-de-la-ull-visita-al-alumnado-del-curso-de-analisis-sensorial-de-vinos\/","og_locale":"es_ES","og_type":"article","og_title":"La rectora de la ULL visita al alumnado del curso de an\u00e1lisis sensorial de Vinos - Enoturismo Canarias","og_description":"La pasada semana, Rosa M\u00aa Aguilar, rectora de la Universidad de La Laguna, visit\u00f3 al alumnado que se ha estado formando en el m\u00f3dulo de An\u00e1lisis Sensorial de Vinos &#8211; Nivel Avanzado de la octava edici\u00f3n del Curso de Especialista &hellip; La rectora de la ULL visita al alumnado del curso de an\u00e1lisis sensorial de Vinos Leer m\u00e1s \u00bb","og_url":"https:\/\/wp.ull.es\/aenogas\/2022\/04\/04\/la-rectora-de-la-ull-visita-al-alumnado-del-curso-de-analisis-sensorial-de-vinos\/","og_site_name":"Enoturismo Canarias","article_publisher":"https:\/\/www.facebook.com\/enoturismoull","article_published_time":"2022-04-04T18:45:18+00:00","article_modified_time":"2022-04-04T18:45:19+00:00","og_image":[{"width":1600,"height":1068,"url":"https:\/\/wp.ull.es\/aenogas\/wp-content\/uploads\/sites\/90\/2022\/04\/WhatsApp-Image-2022-03-29-at-7.52.37-PM.jpeg","type":"image\/jpeg"}],"author":"aenogas","twitter_card":"summary_large_image","twitter_creator":"@enoturismoull","twitter_site":"@enoturismoull","twitter_misc":{"Escrito por":"aenogas","Tiempo de lectura":"1 minuto"},"schema":{"@context":"https:\/\/schema.org","@graph":[{"@type":"Article","@id":"https:\/\/wp.ull.es\/aenogas\/2022\/04\/04\/la-rectora-de-la-ull-visita-al-alumnado-del-curso-de-analisis-sensorial-de-vinos\/#article","isPartOf":{"@id":"https:\/\/wp.ull.es\/aenogas\/2022\/04\/04\/la-rectora-de-la-ull-visita-al-alumnado-del-curso-de-analisis-sensorial-de-vinos\/"},"author":{"name":"aenogas","@id":"https:\/\/wp.ull.es\/aenogas\/#\/schema\/person\/08dc3be5406aba55875ae5024a8e7426"},"headline":"La rectora de la ULL visita al alumnado del curso de an\u00e1lisis sensorial de Vinos","datePublished":"2022-04-04T18:45:18+00:00","dateModified":"2022-04-04T18:45:19+00:00","mainEntityOfPage":{"@id":"https:\/\/wp.ull.es\/aenogas\/2022\/04\/04\/la-rectora-de-la-ull-visita-al-alumnado-del-curso-de-analisis-sensorial-de-vinos\/"},"wordCount":187,"commentCount":0,"publisher":{"@id":"https:\/\/wp.ull.es\/aenogas\/#organization"},"image":{"@id":"https:\/\/wp.ull.es\/aenogas\/2022\/04\/04\/la-rectora-de-la-ull-visita-al-alumnado-del-curso-de-analisis-sensorial-de-vinos\/#primaryimage"},"thumbnailUrl":"https:\/\/wp.ull.es\/aenogas\/wp-content\/uploads\/sites\/90\/2022\/04\/WhatsApp-Image-2022-03-29-at-7.52.37-PM.jpeg","keywords":["agroturismoull","universidad de la laguna","wineull"],"articleSection":["Blog"],"inLanguage":"es","potentialAction":[{"@type":"CommentAction","name":"Comment","target":["https:\/\/wp.ull.es\/aenogas\/2022\/04\/04\/la-rectora-de-la-ull-visita-al-alumnado-del-curso-de-analisis-sensorial-de-vinos\/#respond"]}]},{"@type":"WebPage","@id":"https:\/\/wp.ull.es\/aenogas\/2022\/04\/04\/la-rectora-de-la-ull-visita-al-alumnado-del-curso-de-analisis-sensorial-de-vinos\/","url":"https:\/\/wp.ull.es\/aenogas\/2022\/04\/04\/la-rectora-de-la-ull-visita-al-alumnado-del-curso-de-analisis-sensorial-de-vinos\/","name":"La rectora de la ULL visita al alumnado del curso de an\u00e1lisis sensorial de Vinos - Enoturismo Canarias","isPartOf":{"@id":"https:\/\/wp.ull.es\/aenogas\/#website"},"primaryImageOfPage":{"@id":"https:\/\/wp.ull.es\/aenogas\/2022\/04\/04\/la-rectora-de-la-ull-visita-al-alumnado-del-curso-de-analisis-sensorial-de-vinos\/#primaryimage"},"image":{"@id":"https:\/\/wp.ull.es\/aenogas\/2022\/04\/04\/la-rectora-de-la-ull-visita-al-alumnado-del-curso-de-analisis-sensorial-de-vinos\/#primaryimage"},"thumbnailUrl":"https:\/\/wp.ull.es\/aenogas\/wp-content\/uploads\/sites\/90\/2022\/04\/WhatsApp-Image-2022-03-29-at-7.52.37-PM.jpeg","datePublished":"2022-04-04T18:45:18+00:00","dateModified":"2022-04-04T18:45:19+00:00","breadcrumb":{"@id":"https:\/\/wp.ull.es\/aenogas\/2022\/04\/04\/la-rectora-de-la-ull-visita-al-alumnado-del-curso-de-analisis-sensorial-de-vinos\/#breadcrumb"},"inLanguage":"es","potentialAction":[{"@type":"ReadAction","target":["https:\/\/wp.ull.es\/aenogas\/2022\/04\/04\/la-rectora-de-la-ull-visita-al-alumnado-del-curso-de-analisis-sensorial-de-vinos\/"]}]},{"@type":"ImageObject","inLanguage":"es","@id":"https:\/\/wp.ull.es\/aenogas\/2022\/04\/04\/la-rectora-de-la-ull-visita-al-alumnado-del-curso-de-analisis-sensorial-de-vinos\/#primaryimage","url":"https:\/\/wp.ull.es\/aenogas\/wp-content\/uploads\/sites\/90\/2022\/04\/WhatsApp-Image-2022-03-29-at-7.52.37-PM.jpeg","contentUrl":"https:\/\/wp.ull.es\/aenogas\/wp-content\/uploads\/sites\/90\/2022\/04\/WhatsApp-Image-2022-03-29-at-7.52.37-PM.jpeg","width":1600,"height":1068},{"@type":"BreadcrumbList","@id":"https:\/\/wp.ull.es\/aenogas\/2022\/04\/04\/la-rectora-de-la-ull-visita-al-alumnado-del-curso-de-analisis-sensorial-de-vinos\/#breadcrumb","itemListElement":[{"@type":"ListItem","position":1,"name":"Portada","item":"https:\/\/wp.ull.es\/aenogas\/"},{"@type":"ListItem","position":2,"name":"La rectora de la ULL visita al alumnado del curso de an\u00e1lisis sensorial de Vinos"}]},{"@type":"WebSite","@id":"https:\/\/wp.ull.es\/aenogas\/#website","url":"https:\/\/wp.ull.es\/aenogas\/","name":"Enoturismo Canarias","description":"C\u00e1tedra de Agroturismo y Enoturismo Instituto de Canario de Calidad Agroalimentaria","publisher":{"@id":"https:\/\/wp.ull.es\/aenogas\/#organization"},"potentialAction":[{"@type":"SearchAction","target":{"@type":"EntryPoint","urlTemplate":"https:\/\/wp.ull.es\/aenogas\/?s={search_term_string}"},"query-input":{"@type":"PropertyValueSpecification","valueRequired":true,"valueName":"search_term_string"}}],"inLanguage":"es"},{"@type":"Organization","@id":"https:\/\/wp.ull.es\/aenogas\/#organization","name":"C\u00e1tedra de Agroturismo y Enoturismo de Canarias del Instituto Canario de Calidad Agroalimentaria y de la Universidad de La Laguna","url":"https:\/\/wp.ull.es\/aenogas\/","logo":{"@type":"ImageObject","inLanguage":"es","@id":"https:\/\/wp.ull.es\/aenogas\/#\/schema\/logo\/image\/","url":"https:\/\/wp.ull.es\/aenogas\/wp-content\/uploads\/sites\/90\/2021\/03\/Logotipo-Catedra.png","contentUrl":"https:\/\/wp.ull.es\/aenogas\/wp-content\/uploads\/sites\/90\/2021\/03\/Logotipo-Catedra.png","width":300,"height":89,"caption":"C\u00e1tedra de Agroturismo y Enoturismo de Canarias del Instituto Canario de Calidad Agroalimentaria y de la Universidad de La Laguna"},"image":{"@id":"https:\/\/wp.ull.es\/aenogas\/#\/schema\/logo\/image\/"},"sameAs":["https:\/\/www.facebook.com\/enoturismoull","https:\/\/x.com\/enoturismoull","https:\/\/www.linkedin.com\/company\/40816665\/admin\/dashboard\/"]},{"@type":"Person","@id":"https:\/\/wp.ull.es\/aenogas\/#\/schema\/person\/08dc3be5406aba55875ae5024a8e7426","name":"aenogas","image":{"@type":"ImageObject","inLanguage":"es","@id":"https:\/\/secure.gravatar.com\/avatar\/957f529db4c10409aeb4798f38d978d31a86852b0557feaaa15ada6691fe502f?s=96&d=mm&r=g","url":"https:\/\/secure.gravatar.com\/avatar\/957f529db4c10409aeb4798f38d978d31a86852b0557feaaa15ada6691fe502f?s=96&d=mm&r=g","contentUrl":"https:\/\/secure.gravatar.com\/avatar\/957f529db4c10409aeb4798f38d978d31a86852b0557feaaa15ada6691fe502f?s=96&d=mm&r=g","caption":"aenogas"},"url":"https:\/\/wp.ull.es\/aenogas\/author\/aenogas\/"}]}},"_links":{"self":[{"href":"https:\/\/wp.ull.es\/aenogas\/wp-json\/wp\/v2\/posts\/2743","targetHints":{"allow":["GET"]}}],"collection":[{"href":"https:\/\/wp.ull.es\/aenogas\/wp-json\/wp\/v2\/posts"}],"about":[{"href":"https:\/\/wp.ull.es\/aenogas\/wp-json\/wp\/v2\/types\/post"}],"author":[{"embeddable":true,"href":"https:\/\/wp.ull.es\/aenogas\/wp-json\/wp\/v2\/users\/227"}],"replies":[{"embeddable":true,"href":"https:\/\/wp.ull.es\/aenogas\/wp-json\/wp\/v2\/comments?post=2743"}],"version-history":[{"count":1,"href":"https:\/\/wp.ull.es\/aenogas\/wp-json\/wp\/v2\/posts\/2743\/revisions"}],"predecessor-version":[{"id":2744,"href":"https:\/\/wp.ull.es\/aenogas\/wp-json\/wp\/v2\/posts\/2743\/revisions\/2744"}],"wp:featuredmedia":[{"embeddable":true,"href":"https:\/\/wp.ull.es\/aenogas\/wp-json\/wp\/v2\/media\/2745"}],"wp:attachment":[{"href":"https:\/\/wp.ull.es\/aenogas\/wp-json\/wp\/v2\/media?parent=2743"}],"wp:term":[{"taxonomy":"category","embeddable":true,"href":"https:\/\/wp.ull.es\/aenogas\/wp-json\/wp\/v2\/categories?post=2743"},{"taxonomy":"post_tag","embeddable":true,"href":"https:\/\/wp.ull.es\/aenogas\/wp-json\/wp\/v2\/tags?post=2743"}],"curies":[{"name":"wp","href":"https:\/\/api.w.org\/{rel}","templated":true}]}}