{"id":2382,"date":"2021-11-25T14:50:09","date_gmt":"2021-11-25T14:50:09","guid":{"rendered":"https:\/\/wp.ull.es\/aenogas\/?p=2382"},"modified":"2021-11-25T14:50:10","modified_gmt":"2021-11-25T14:50:10","slug":"el-agroenoturismo-de-canarias-ve-vital-la-economia-circular-para-las-pequenas-y-medianas-empresas","status":"publish","type":"post","link":"https:\/\/wp.ull.es\/aenogas\/2021\/11\/25\/el-agroenoturismo-de-canarias-ve-vital-la-economia-circular-para-las-pequenas-y-medianas-empresas\/","title":{"rendered":"El AgroEnoturismo de Canarias ve vital la econom\u00eda circular para las peque\u00f1as y medianas empresas"},"content":{"rendered":"\n<p><strong>El encuentro ha supuesto una ocasi\u00f3n magn\u00edfica para aprender de otras experiencias y trayectorias empresariales, ser conscientes de la realidad actual del agroenoturismo e inspirarse para seguir fortaleciendo Canarias como destino tur\u00edstico<\/strong><\/p>\n\n\n\n<p>Con el lema Fortaleciendo el AgroEnoturismo desde la Econom\u00eda Circular, el encuentro profesional de Canarias celebr\u00f3 su sexta edici\u00f3n en el municipio de Agulo en la isla de La Gomera. Dos d\u00edas que concentran un nutrido grupo de profesionales y empresarios del ecosistema del sector primario y la actividad tur\u00edstica.<\/p>\n\n\n\n<p>Tras cinco ediciones ediciones, el Encuentro de AgroEnoturismo de Canarias se ha convertido ya en una cita de referencia dentro del mundo del turismo enogastron\u00f3mico del archipi\u00e9lago. Los d\u00edas 22 y 23 de noviembre el municipio gomero de Agulo, integrado recientemente en la red de Los Pueblos m\u00e1s Bonitos de Espa\u00f1a, ha acogido estas jornadas profesionales promovidas por la C\u00e1tedra de Agroturismo y Enoturismo de Canarias del Instituto Canario de Calidad Agroalimentaria y de la Universidad de La Laguna que ha contado con la colaboraci\u00f3n del Cabildo Insular de La Gomera.<\/p>\n\n\n\n<p>Los ponentes participantes en el Encuentro han destacado la importancia de saber generar un producto agroturismo y enoturismo adecuado a las necesidades cambiantes tanto para el cliente local como para el turista.&nbsp; La diferenciaci\u00f3n a la hora de ofrecer experiencias ligadas al territorio, seg\u00fan los ponentes participantes ser\u00e1 necesaria para complementar la pasi\u00f3n con que ya cuentan los turistas por la gastronom\u00eda y la enolog\u00eda.<\/p>\n\n\n\n<p>El encuentro ha contado con la presencia de la Consejera de Agricultura, Ganader\u00eda y Pesca del Gobierno de Canarias, Alicia Vanoostende, el Vicerrector de Cultura y Participaci\u00f3n Social de la Universidad de La Laguna Juan Albino M\u00e9ndez, las Consejeras de Sector Primario y Turismo del Cabildo de La Gomera, Ang\u00e9lica Padilla&nbsp; y Mar\u00eda Isabel M\u00e9ndez junto a la Alcaldesa del ayuntamiento de Agulo, Rosa Mar\u00eda Chinea, y ha supuesto una ocasi\u00f3n magn\u00edfica para aprender de otras experiencias y trayectorias empresariales, ser conscientes de la realidad actual del agroenoturismo e inspirarse para seguir fortaleciendo Canarias como destino tur\u00edstico.<\/p>\n\n\n\n<p>As\u00ed, a lo largo de dos jornadas consecutivas se desarroll\u00f3 un programa que gir\u00f3 en torno a los valores de la econom\u00eda circular vital para las peque\u00f1as y medianas empresas valorizadoras del medio y de los productos locales del archipi\u00e9lago canario.<\/p>\n","protected":false},"excerpt":{"rendered":"<p>El encuentro ha supuesto una ocasi\u00f3n magn\u00edfica para aprender de otras experiencias y trayectorias empresariales, ser conscientes de la realidad actual del agroenoturismo e inspirarse para seguir fortaleciendo Canarias como destino tur\u00edstico. Tras cinco ediciones ediciones, el Encuentro de AgroEnoturismo de Canarias se ha convertido ya en una cita de referencia dentro del mundo del turismo enogastron\u00f3mico del archipi\u00e9lago. Los d\u00edas 22 y 23 de noviembre el municipio gomero de Agulo, integrado recientemente en la red de Los Pueblos m\u00e1s Bonitos de Espa\u00f1a, ha acogido estas jornadas profesionales promovidas por la C\u00e1tedra de Agroturismo y Enoturismo de Canarias del Instituto Canario de Calidad Agroalimentaria y de la Universidad de La Laguna que ha contado con la colaboraci\u00f3n del Cabildo Insular de La Gomera.<\/p>\n<div class=\"read-more\"><a href=\"https:\/\/wp.ull.es\/aenogas\/2021\/11\/25\/el-agroenoturismo-de-canarias-ve-vital-la-economia-circular-para-las-pequenas-y-medianas-empresas\/\">Leer m\u00e1s \u203a<\/a><\/div>\n<p><!-- end of .read-more --><\/p>\n","protected":false},"author":227,"featured_media":2383,"comment_status":"open","ping_status":"open","sticky":false,"template":"","format":"standard","meta":{"footnotes":""},"categories":[11,1],"tags":[30,12,29,7,28,6,5],"class_list":["post-2382","post","type-post","status-publish","format-standard","has-post-thumbnail","hentry","category-blog","category-sin-categoria","tag-agroenoturismo","tag-agroturismoull","tag-agulo","tag-enoturismo","tag-la-gomera","tag-universidad-de-la-laguna","tag-wineull"],"yoast_head":"<!-- This site is optimized with the Yoast SEO plugin v27.4 - https:\/\/yoast.com\/product\/yoast-seo-wordpress\/ -->\n<title>El AgroEnoturismo de Canarias ve vital la econom\u00eda circular para las peque\u00f1as y medianas empresas - Enoturismo Canarias<\/title>\n<meta name=\"robots\" content=\"index, follow, max-snippet:-1, max-image-preview:large, max-video-preview:-1\" \/>\n<link rel=\"canonical\" href=\"https:\/\/wp.ull.es\/aenogas\/2021\/11\/25\/el-agroenoturismo-de-canarias-ve-vital-la-economia-circular-para-las-pequenas-y-medianas-empresas\/\" \/>\n<meta property=\"og:locale\" content=\"es_ES\" \/>\n<meta property=\"og:type\" content=\"article\" \/>\n<meta property=\"og:title\" content=\"El AgroEnoturismo de Canarias ve vital la econom\u00eda circular para las peque\u00f1as y medianas empresas - Enoturismo Canarias\" \/>\n<meta property=\"og:description\" content=\"El encuentro ha supuesto una ocasi\u00f3n magn\u00edfica para aprender de otras experiencias y trayectorias empresariales, ser conscientes de la realidad actual del agroenoturismo e inspirarse para seguir fortaleciendo Canarias como destino tur\u00edstico. Tras cinco ediciones ediciones, el Encuentro de AgroEnoturismo de Canarias se ha convertido ya en una cita de referencia dentro del mundo del turismo enogastron\u00f3mico del archipi\u00e9lago. Los d\u00edas 22 y 23 de noviembre el municipio gomero de Agulo, integrado recientemente en la red de Los Pueblos m\u00e1s Bonitos de Espa\u00f1a, ha acogido estas jornadas profesionales promovidas por la C\u00e1tedra de Agroturismo y Enoturismo de Canarias del Instituto Canario de Calidad Agroalimentaria y de la Universidad de La Laguna que ha contado con la colaboraci\u00f3n del Cabildo Insular de La Gomera.Leer m\u00e1s \u203a\" \/>\n<meta property=\"og:url\" content=\"https:\/\/wp.ull.es\/aenogas\/2021\/11\/25\/el-agroenoturismo-de-canarias-ve-vital-la-economia-circular-para-las-pequenas-y-medianas-empresas\/\" \/>\n<meta property=\"og:site_name\" content=\"Enoturismo Canarias\" \/>\n<meta property=\"article:publisher\" content=\"https:\/\/www.facebook.com\/enoturismoull\" \/>\n<meta property=\"article:published_time\" content=\"2021-11-25T14:50:09+00:00\" \/>\n<meta property=\"article:modified_time\" content=\"2021-11-25T14:50:10+00:00\" \/>\n<meta property=\"og:image\" content=\"https:\/\/wp.ull.es\/aenogas\/wp-content\/uploads\/sites\/90\/2021\/11\/Imagen-6..jpeg\" \/>\n\t<meta property=\"og:image:width\" content=\"800\" \/>\n\t<meta property=\"og:image:height\" content=\"533\" \/>\n\t<meta property=\"og:image:type\" content=\"image\/jpeg\" \/>\n<meta name=\"author\" content=\"aenogas\" \/>\n<meta name=\"twitter:card\" content=\"summary_large_image\" \/>\n<meta name=\"twitter:creator\" content=\"@enoturismoull\" \/>\n<meta name=\"twitter:site\" content=\"@enoturismoull\" \/>\n<meta name=\"twitter:label1\" content=\"Escrito por\" \/>\n\t<meta name=\"twitter:data1\" content=\"aenogas\" \/>\n\t<meta name=\"twitter:label2\" content=\"Tiempo de lectura\" \/>\n\t<meta name=\"twitter:data2\" content=\"2 minutos\" \/>\n<script type=\"application\/ld+json\" class=\"yoast-schema-graph\">{\"@context\":\"https:\\\/\\\/schema.org\",\"@graph\":[{\"@type\":\"Article\",\"@id\":\"https:\\\/\\\/wp.ull.es\\\/aenogas\\\/2021\\\/11\\\/25\\\/el-agroenoturismo-de-canarias-ve-vital-la-economia-circular-para-las-pequenas-y-medianas-empresas\\\/#article\",\"isPartOf\":{\"@id\":\"https:\\\/\\\/wp.ull.es\\\/aenogas\\\/2021\\\/11\\\/25\\\/el-agroenoturismo-de-canarias-ve-vital-la-economia-circular-para-las-pequenas-y-medianas-empresas\\\/\"},\"author\":{\"name\":\"aenogas\",\"@id\":\"https:\\\/\\\/wp.ull.es\\\/aenogas\\\/#\\\/schema\\\/person\\\/08dc3be5406aba55875ae5024a8e7426\"},\"headline\":\"El AgroEnoturismo de Canarias ve vital la econom\u00eda circular para las peque\u00f1as y medianas empresas\",\"datePublished\":\"2021-11-25T14:50:09+00:00\",\"dateModified\":\"2021-11-25T14:50:10+00:00\",\"mainEntityOfPage\":{\"@id\":\"https:\\\/\\\/wp.ull.es\\\/aenogas\\\/2021\\\/11\\\/25\\\/el-agroenoturismo-de-canarias-ve-vital-la-economia-circular-para-las-pequenas-y-medianas-empresas\\\/\"},\"wordCount\":425,\"commentCount\":0,\"publisher\":{\"@id\":\"https:\\\/\\\/wp.ull.es\\\/aenogas\\\/#organization\"},\"image\":{\"@id\":\"https:\\\/\\\/wp.ull.es\\\/aenogas\\\/2021\\\/11\\\/25\\\/el-agroenoturismo-de-canarias-ve-vital-la-economia-circular-para-las-pequenas-y-medianas-empresas\\\/#primaryimage\"},\"thumbnailUrl\":\"https:\\\/\\\/wp.ull.es\\\/aenogas\\\/wp-content\\\/uploads\\\/sites\\\/90\\\/2021\\\/11\\\/Imagen-6..jpeg\",\"keywords\":[\"agroenoturismo\",\"agroturismoull\",\"agulo\",\"enoturismo\",\"la gomera\",\"universidad de la laguna\",\"wineull\"],\"articleSection\":[\"Blog\"],\"inLanguage\":\"es\",\"potentialAction\":[{\"@type\":\"CommentAction\",\"name\":\"Comment\",\"target\":[\"https:\\\/\\\/wp.ull.es\\\/aenogas\\\/2021\\\/11\\\/25\\\/el-agroenoturismo-de-canarias-ve-vital-la-economia-circular-para-las-pequenas-y-medianas-empresas\\\/#respond\"]}]},{\"@type\":\"WebPage\",\"@id\":\"https:\\\/\\\/wp.ull.es\\\/aenogas\\\/2021\\\/11\\\/25\\\/el-agroenoturismo-de-canarias-ve-vital-la-economia-circular-para-las-pequenas-y-medianas-empresas\\\/\",\"url\":\"https:\\\/\\\/wp.ull.es\\\/aenogas\\\/2021\\\/11\\\/25\\\/el-agroenoturismo-de-canarias-ve-vital-la-economia-circular-para-las-pequenas-y-medianas-empresas\\\/\",\"name\":\"El AgroEnoturismo de Canarias ve vital la econom\u00eda circular para las peque\u00f1as y medianas empresas - Enoturismo Canarias\",\"isPartOf\":{\"@id\":\"https:\\\/\\\/wp.ull.es\\\/aenogas\\\/#website\"},\"primaryImageOfPage\":{\"@id\":\"https:\\\/\\\/wp.ull.es\\\/aenogas\\\/2021\\\/11\\\/25\\\/el-agroenoturismo-de-canarias-ve-vital-la-economia-circular-para-las-pequenas-y-medianas-empresas\\\/#primaryimage\"},\"image\":{\"@id\":\"https:\\\/\\\/wp.ull.es\\\/aenogas\\\/2021\\\/11\\\/25\\\/el-agroenoturismo-de-canarias-ve-vital-la-economia-circular-para-las-pequenas-y-medianas-empresas\\\/#primaryimage\"},\"thumbnailUrl\":\"https:\\\/\\\/wp.ull.es\\\/aenogas\\\/wp-content\\\/uploads\\\/sites\\\/90\\\/2021\\\/11\\\/Imagen-6..jpeg\",\"datePublished\":\"2021-11-25T14:50:09+00:00\",\"dateModified\":\"2021-11-25T14:50:10+00:00\",\"breadcrumb\":{\"@id\":\"https:\\\/\\\/wp.ull.es\\\/aenogas\\\/2021\\\/11\\\/25\\\/el-agroenoturismo-de-canarias-ve-vital-la-economia-circular-para-las-pequenas-y-medianas-empresas\\\/#breadcrumb\"},\"inLanguage\":\"es\",\"potentialAction\":[{\"@type\":\"ReadAction\",\"target\":[\"https:\\\/\\\/wp.ull.es\\\/aenogas\\\/2021\\\/11\\\/25\\\/el-agroenoturismo-de-canarias-ve-vital-la-economia-circular-para-las-pequenas-y-medianas-empresas\\\/\"]}]},{\"@type\":\"ImageObject\",\"inLanguage\":\"es\",\"@id\":\"https:\\\/\\\/wp.ull.es\\\/aenogas\\\/2021\\\/11\\\/25\\\/el-agroenoturismo-de-canarias-ve-vital-la-economia-circular-para-las-pequenas-y-medianas-empresas\\\/#primaryimage\",\"url\":\"https:\\\/\\\/wp.ull.es\\\/aenogas\\\/wp-content\\\/uploads\\\/sites\\\/90\\\/2021\\\/11\\\/Imagen-6..jpeg\",\"contentUrl\":\"https:\\\/\\\/wp.ull.es\\\/aenogas\\\/wp-content\\\/uploads\\\/sites\\\/90\\\/2021\\\/11\\\/Imagen-6..jpeg\",\"width\":800,\"height\":533},{\"@type\":\"BreadcrumbList\",\"@id\":\"https:\\\/\\\/wp.ull.es\\\/aenogas\\\/2021\\\/11\\\/25\\\/el-agroenoturismo-de-canarias-ve-vital-la-economia-circular-para-las-pequenas-y-medianas-empresas\\\/#breadcrumb\",\"itemListElement\":[{\"@type\":\"ListItem\",\"position\":1,\"name\":\"Portada\",\"item\":\"https:\\\/\\\/wp.ull.es\\\/aenogas\\\/\"},{\"@type\":\"ListItem\",\"position\":2,\"name\":\"El AgroEnoturismo de Canarias ve vital la econom\u00eda circular para las peque\u00f1as y medianas empresas\"}]},{\"@type\":\"WebSite\",\"@id\":\"https:\\\/\\\/wp.ull.es\\\/aenogas\\\/#website\",\"url\":\"https:\\\/\\\/wp.ull.es\\\/aenogas\\\/\",\"name\":\"Enoturismo Canarias\",\"description\":\"C\u00e1tedra de Agroturismo y Enoturismo Instituto de Canario de Calidad Agroalimentaria\",\"publisher\":{\"@id\":\"https:\\\/\\\/wp.ull.es\\\/aenogas\\\/#organization\"},\"potentialAction\":[{\"@type\":\"SearchAction\",\"target\":{\"@type\":\"EntryPoint\",\"urlTemplate\":\"https:\\\/\\\/wp.ull.es\\\/aenogas\\\/?s={search_term_string}\"},\"query-input\":{\"@type\":\"PropertyValueSpecification\",\"valueRequired\":true,\"valueName\":\"search_term_string\"}}],\"inLanguage\":\"es\"},{\"@type\":\"Organization\",\"@id\":\"https:\\\/\\\/wp.ull.es\\\/aenogas\\\/#organization\",\"name\":\"C\u00e1tedra de Agroturismo y Enoturismo de Canarias del Instituto Canario de Calidad Agroalimentaria y de la Universidad de La Laguna\",\"url\":\"https:\\\/\\\/wp.ull.es\\\/aenogas\\\/\",\"logo\":{\"@type\":\"ImageObject\",\"inLanguage\":\"es\",\"@id\":\"https:\\\/\\\/wp.ull.es\\\/aenogas\\\/#\\\/schema\\\/logo\\\/image\\\/\",\"url\":\"https:\\\/\\\/wp.ull.es\\\/aenogas\\\/wp-content\\\/uploads\\\/sites\\\/90\\\/2021\\\/03\\\/Logotipo-Catedra.png\",\"contentUrl\":\"https:\\\/\\\/wp.ull.es\\\/aenogas\\\/wp-content\\\/uploads\\\/sites\\\/90\\\/2021\\\/03\\\/Logotipo-Catedra.png\",\"width\":300,\"height\":89,\"caption\":\"C\u00e1tedra de Agroturismo y Enoturismo de Canarias del Instituto Canario de Calidad Agroalimentaria y de la Universidad de La Laguna\"},\"image\":{\"@id\":\"https:\\\/\\\/wp.ull.es\\\/aenogas\\\/#\\\/schema\\\/logo\\\/image\\\/\"},\"sameAs\":[\"https:\\\/\\\/www.facebook.com\\\/enoturismoull\",\"https:\\\/\\\/x.com\\\/enoturismoull\",\"https:\\\/\\\/www.linkedin.com\\\/company\\\/40816665\\\/admin\\\/dashboard\\\/\"]},{\"@type\":\"Person\",\"@id\":\"https:\\\/\\\/wp.ull.es\\\/aenogas\\\/#\\\/schema\\\/person\\\/08dc3be5406aba55875ae5024a8e7426\",\"name\":\"aenogas\",\"image\":{\"@type\":\"ImageObject\",\"inLanguage\":\"es\",\"@id\":\"https:\\\/\\\/secure.gravatar.com\\\/avatar\\\/957f529db4c10409aeb4798f38d978d31a86852b0557feaaa15ada6691fe502f?s=96&d=mm&r=g\",\"url\":\"https:\\\/\\\/secure.gravatar.com\\\/avatar\\\/957f529db4c10409aeb4798f38d978d31a86852b0557feaaa15ada6691fe502f?s=96&d=mm&r=g\",\"contentUrl\":\"https:\\\/\\\/secure.gravatar.com\\\/avatar\\\/957f529db4c10409aeb4798f38d978d31a86852b0557feaaa15ada6691fe502f?s=96&d=mm&r=g\",\"caption\":\"aenogas\"},\"url\":\"https:\\\/\\\/wp.ull.es\\\/aenogas\\\/author\\\/aenogas\\\/\"}]}<\/script>\n<!-- \/ Yoast SEO plugin. -->","yoast_head_json":{"title":"El AgroEnoturismo de Canarias ve vital la econom\u00eda circular para las peque\u00f1as y medianas empresas - Enoturismo Canarias","robots":{"index":"index","follow":"follow","max-snippet":"max-snippet:-1","max-image-preview":"max-image-preview:large","max-video-preview":"max-video-preview:-1"},"canonical":"https:\/\/wp.ull.es\/aenogas\/2021\/11\/25\/el-agroenoturismo-de-canarias-ve-vital-la-economia-circular-para-las-pequenas-y-medianas-empresas\/","og_locale":"es_ES","og_type":"article","og_title":"El AgroEnoturismo de Canarias ve vital la econom\u00eda circular para las peque\u00f1as y medianas empresas - Enoturismo Canarias","og_description":"El encuentro ha supuesto una ocasi\u00f3n magn\u00edfica para aprender de otras experiencias y trayectorias empresariales, ser conscientes de la realidad actual del agroenoturismo e inspirarse para seguir fortaleciendo Canarias como destino tur\u00edstico. Tras cinco ediciones ediciones, el Encuentro de AgroEnoturismo de Canarias se ha convertido ya en una cita de referencia dentro del mundo del turismo enogastron\u00f3mico del archipi\u00e9lago. Los d\u00edas 22 y 23 de noviembre el municipio gomero de Agulo, integrado recientemente en la red de Los Pueblos m\u00e1s Bonitos de Espa\u00f1a, ha acogido estas jornadas profesionales promovidas por la C\u00e1tedra de Agroturismo y Enoturismo de Canarias del Instituto Canario de Calidad Agroalimentaria y de la Universidad de La Laguna que ha contado con la colaboraci\u00f3n del Cabildo Insular de La Gomera.Leer m\u00e1s \u203a","og_url":"https:\/\/wp.ull.es\/aenogas\/2021\/11\/25\/el-agroenoturismo-de-canarias-ve-vital-la-economia-circular-para-las-pequenas-y-medianas-empresas\/","og_site_name":"Enoturismo Canarias","article_publisher":"https:\/\/www.facebook.com\/enoturismoull","article_published_time":"2021-11-25T14:50:09+00:00","article_modified_time":"2021-11-25T14:50:10+00:00","og_image":[{"width":800,"height":533,"url":"https:\/\/wp.ull.es\/aenogas\/wp-content\/uploads\/sites\/90\/2021\/11\/Imagen-6..jpeg","type":"image\/jpeg"}],"author":"aenogas","twitter_card":"summary_large_image","twitter_creator":"@enoturismoull","twitter_site":"@enoturismoull","twitter_misc":{"Escrito por":"aenogas","Tiempo de lectura":"2 minutos"},"schema":{"@context":"https:\/\/schema.org","@graph":[{"@type":"Article","@id":"https:\/\/wp.ull.es\/aenogas\/2021\/11\/25\/el-agroenoturismo-de-canarias-ve-vital-la-economia-circular-para-las-pequenas-y-medianas-empresas\/#article","isPartOf":{"@id":"https:\/\/wp.ull.es\/aenogas\/2021\/11\/25\/el-agroenoturismo-de-canarias-ve-vital-la-economia-circular-para-las-pequenas-y-medianas-empresas\/"},"author":{"name":"aenogas","@id":"https:\/\/wp.ull.es\/aenogas\/#\/schema\/person\/08dc3be5406aba55875ae5024a8e7426"},"headline":"El AgroEnoturismo de Canarias ve vital la econom\u00eda circular para las peque\u00f1as y medianas empresas","datePublished":"2021-11-25T14:50:09+00:00","dateModified":"2021-11-25T14:50:10+00:00","mainEntityOfPage":{"@id":"https:\/\/wp.ull.es\/aenogas\/2021\/11\/25\/el-agroenoturismo-de-canarias-ve-vital-la-economia-circular-para-las-pequenas-y-medianas-empresas\/"},"wordCount":425,"commentCount":0,"publisher":{"@id":"https:\/\/wp.ull.es\/aenogas\/#organization"},"image":{"@id":"https:\/\/wp.ull.es\/aenogas\/2021\/11\/25\/el-agroenoturismo-de-canarias-ve-vital-la-economia-circular-para-las-pequenas-y-medianas-empresas\/#primaryimage"},"thumbnailUrl":"https:\/\/wp.ull.es\/aenogas\/wp-content\/uploads\/sites\/90\/2021\/11\/Imagen-6..jpeg","keywords":["agroenoturismo","agroturismoull","agulo","enoturismo","la gomera","universidad de la laguna","wineull"],"articleSection":["Blog"],"inLanguage":"es","potentialAction":[{"@type":"CommentAction","name":"Comment","target":["https:\/\/wp.ull.es\/aenogas\/2021\/11\/25\/el-agroenoturismo-de-canarias-ve-vital-la-economia-circular-para-las-pequenas-y-medianas-empresas\/#respond"]}]},{"@type":"WebPage","@id":"https:\/\/wp.ull.es\/aenogas\/2021\/11\/25\/el-agroenoturismo-de-canarias-ve-vital-la-economia-circular-para-las-pequenas-y-medianas-empresas\/","url":"https:\/\/wp.ull.es\/aenogas\/2021\/11\/25\/el-agroenoturismo-de-canarias-ve-vital-la-economia-circular-para-las-pequenas-y-medianas-empresas\/","name":"El AgroEnoturismo de Canarias ve vital la econom\u00eda circular para las peque\u00f1as y medianas empresas - Enoturismo Canarias","isPartOf":{"@id":"https:\/\/wp.ull.es\/aenogas\/#website"},"primaryImageOfPage":{"@id":"https:\/\/wp.ull.es\/aenogas\/2021\/11\/25\/el-agroenoturismo-de-canarias-ve-vital-la-economia-circular-para-las-pequenas-y-medianas-empresas\/#primaryimage"},"image":{"@id":"https:\/\/wp.ull.es\/aenogas\/2021\/11\/25\/el-agroenoturismo-de-canarias-ve-vital-la-economia-circular-para-las-pequenas-y-medianas-empresas\/#primaryimage"},"thumbnailUrl":"https:\/\/wp.ull.es\/aenogas\/wp-content\/uploads\/sites\/90\/2021\/11\/Imagen-6..jpeg","datePublished":"2021-11-25T14:50:09+00:00","dateModified":"2021-11-25T14:50:10+00:00","breadcrumb":{"@id":"https:\/\/wp.ull.es\/aenogas\/2021\/11\/25\/el-agroenoturismo-de-canarias-ve-vital-la-economia-circular-para-las-pequenas-y-medianas-empresas\/#breadcrumb"},"inLanguage":"es","potentialAction":[{"@type":"ReadAction","target":["https:\/\/wp.ull.es\/aenogas\/2021\/11\/25\/el-agroenoturismo-de-canarias-ve-vital-la-economia-circular-para-las-pequenas-y-medianas-empresas\/"]}]},{"@type":"ImageObject","inLanguage":"es","@id":"https:\/\/wp.ull.es\/aenogas\/2021\/11\/25\/el-agroenoturismo-de-canarias-ve-vital-la-economia-circular-para-las-pequenas-y-medianas-empresas\/#primaryimage","url":"https:\/\/wp.ull.es\/aenogas\/wp-content\/uploads\/sites\/90\/2021\/11\/Imagen-6..jpeg","contentUrl":"https:\/\/wp.ull.es\/aenogas\/wp-content\/uploads\/sites\/90\/2021\/11\/Imagen-6..jpeg","width":800,"height":533},{"@type":"BreadcrumbList","@id":"https:\/\/wp.ull.es\/aenogas\/2021\/11\/25\/el-agroenoturismo-de-canarias-ve-vital-la-economia-circular-para-las-pequenas-y-medianas-empresas\/#breadcrumb","itemListElement":[{"@type":"ListItem","position":1,"name":"Portada","item":"https:\/\/wp.ull.es\/aenogas\/"},{"@type":"ListItem","position":2,"name":"El AgroEnoturismo de Canarias ve vital la econom\u00eda circular para las peque\u00f1as y medianas empresas"}]},{"@type":"WebSite","@id":"https:\/\/wp.ull.es\/aenogas\/#website","url":"https:\/\/wp.ull.es\/aenogas\/","name":"Enoturismo Canarias","description":"C\u00e1tedra de Agroturismo y Enoturismo Instituto de Canario de Calidad Agroalimentaria","publisher":{"@id":"https:\/\/wp.ull.es\/aenogas\/#organization"},"potentialAction":[{"@type":"SearchAction","target":{"@type":"EntryPoint","urlTemplate":"https:\/\/wp.ull.es\/aenogas\/?s={search_term_string}"},"query-input":{"@type":"PropertyValueSpecification","valueRequired":true,"valueName":"search_term_string"}}],"inLanguage":"es"},{"@type":"Organization","@id":"https:\/\/wp.ull.es\/aenogas\/#organization","name":"C\u00e1tedra de Agroturismo y Enoturismo de Canarias del Instituto Canario de Calidad Agroalimentaria y de la Universidad de La Laguna","url":"https:\/\/wp.ull.es\/aenogas\/","logo":{"@type":"ImageObject","inLanguage":"es","@id":"https:\/\/wp.ull.es\/aenogas\/#\/schema\/logo\/image\/","url":"https:\/\/wp.ull.es\/aenogas\/wp-content\/uploads\/sites\/90\/2021\/03\/Logotipo-Catedra.png","contentUrl":"https:\/\/wp.ull.es\/aenogas\/wp-content\/uploads\/sites\/90\/2021\/03\/Logotipo-Catedra.png","width":300,"height":89,"caption":"C\u00e1tedra de Agroturismo y Enoturismo de Canarias del Instituto Canario de Calidad Agroalimentaria y de la Universidad de La Laguna"},"image":{"@id":"https:\/\/wp.ull.es\/aenogas\/#\/schema\/logo\/image\/"},"sameAs":["https:\/\/www.facebook.com\/enoturismoull","https:\/\/x.com\/enoturismoull","https:\/\/www.linkedin.com\/company\/40816665\/admin\/dashboard\/"]},{"@type":"Person","@id":"https:\/\/wp.ull.es\/aenogas\/#\/schema\/person\/08dc3be5406aba55875ae5024a8e7426","name":"aenogas","image":{"@type":"ImageObject","inLanguage":"es","@id":"https:\/\/secure.gravatar.com\/avatar\/957f529db4c10409aeb4798f38d978d31a86852b0557feaaa15ada6691fe502f?s=96&d=mm&r=g","url":"https:\/\/secure.gravatar.com\/avatar\/957f529db4c10409aeb4798f38d978d31a86852b0557feaaa15ada6691fe502f?s=96&d=mm&r=g","contentUrl":"https:\/\/secure.gravatar.com\/avatar\/957f529db4c10409aeb4798f38d978d31a86852b0557feaaa15ada6691fe502f?s=96&d=mm&r=g","caption":"aenogas"},"url":"https:\/\/wp.ull.es\/aenogas\/author\/aenogas\/"}]}},"_links":{"self":[{"href":"https:\/\/wp.ull.es\/aenogas\/wp-json\/wp\/v2\/posts\/2382","targetHints":{"allow":["GET"]}}],"collection":[{"href":"https:\/\/wp.ull.es\/aenogas\/wp-json\/wp\/v2\/posts"}],"about":[{"href":"https:\/\/wp.ull.es\/aenogas\/wp-json\/wp\/v2\/types\/post"}],"author":[{"embeddable":true,"href":"https:\/\/wp.ull.es\/aenogas\/wp-json\/wp\/v2\/users\/227"}],"replies":[{"embeddable":true,"href":"https:\/\/wp.ull.es\/aenogas\/wp-json\/wp\/v2\/comments?post=2382"}],"version-history":[{"count":1,"href":"https:\/\/wp.ull.es\/aenogas\/wp-json\/wp\/v2\/posts\/2382\/revisions"}],"predecessor-version":[{"id":2384,"href":"https:\/\/wp.ull.es\/aenogas\/wp-json\/wp\/v2\/posts\/2382\/revisions\/2384"}],"wp:featuredmedia":[{"embeddable":true,"href":"https:\/\/wp.ull.es\/aenogas\/wp-json\/wp\/v2\/media\/2383"}],"wp:attachment":[{"href":"https:\/\/wp.ull.es\/aenogas\/wp-json\/wp\/v2\/media?parent=2382"}],"wp:term":[{"taxonomy":"category","embeddable":true,"href":"https:\/\/wp.ull.es\/aenogas\/wp-json\/wp\/v2\/categories?post=2382"},{"taxonomy":"post_tag","embeddable":true,"href":"https:\/\/wp.ull.es\/aenogas\/wp-json\/wp\/v2\/tags?post=2382"}],"curies":[{"name":"wp","href":"https:\/\/api.w.org\/{rel}","templated":true}]}}