{"id":1920,"date":"2021-09-22T12:11:37","date_gmt":"2021-09-22T12:11:37","guid":{"rendered":"https:\/\/wp.ull.es\/aenogas\/?p=1920"},"modified":"2021-09-22T12:11:37","modified_gmt":"2021-09-22T12:11:37","slug":"finaliza-el-plazo-de-candidaturas-a-los-premios-enogastroturismo-de-la-universidad-de-la-laguna","status":"publish","type":"post","link":"https:\/\/wp.ull.es\/aenogas\/2021\/09\/22\/finaliza-el-plazo-de-candidaturas-a-los-premios-enogastroturismo-de-la-universidad-de-la-laguna\/","title":{"rendered":"Finaliza el plazo de candidaturas a los Premios Enogastroturismo de la Universidad de La Laguna"},"content":{"rendered":"\n<p><strong>El pr\u00f3ximo 30 de septiembre finaliza el plazo para presentar candidaturas a los premios de la Universidad de La Laguna que reconocen la promoci\u00f3n y difusi\u00f3n de los recursos y productos locales para su valorizaci\u00f3n y buen uso<\/strong><\/p>\n\n\n\n<p>El pr\u00f3ximo jueves, 30 de septiembre, finaliza el plazo para presentar candidaturas a los Premios Enogastroturismo de la Universidad de La Laguna convocados por el Vicerrectorado de Cultura, Participaci\u00f3n Social a trav\u00e9s de su C\u00e1tedra de Agroturismo y Enoturismo de Canarias que cuenta con el apoyo del Instituto Canario de Calidad Agroalimentaria.&nbsp;<\/p>\n\n\n\n<p>Estos galardones cumplen su octava edici\u00f3n con el prop\u00f3sito de reconocer la iniciativa, originalidad y buenas pr\u00e1cticas en vitivinicultura, enoturismo y turismo gastron\u00f3mico individual o colectiva, desarrollada que supongan la promoci\u00f3n y difusi\u00f3n de los recursos y productos locales para su valorizaci\u00f3n y buen uso.<\/p>\n\n\n\n<p>Las bases establecen que se podr\u00e1n presentar candidatos a los Premios Enogastroturismo de la Universidad de La Laguna en sus distintas categor\u00edas por cualquier persona f\u00edsica o jur\u00eddica, empresa, administraci\u00f3n, instituci\u00f3n acad\u00e9mica, cient\u00edfica, cultural, empresarial o asociativa para las categor\u00edas Iniciativa Empresaria y a la Promoci\u00f3n<\/p>\n\n\n\n<p>En el caso de la categor\u00eda del Premio Rafael Armas Ben\u00edtez, s\u00f3lo podr\u00e1n los consejos reguladores u organismos de gesti\u00f3n de las Denominaciones de Origen de Vinos e Indicaciones Geogr\u00e1ficas Protegidas con sede en cualesquiera de los archipi\u00e9lagos que conforman la Macaronesia, as\u00ed como las administraciones o entidades asociativas vinculadas al sector vitivin\u00edcola de estos archipi\u00e9lagos.<\/p>\n\n\n\n<p>Las propuestas se pueden presentar a trav\u00e9s de la sede electr\u00f3nica de la Universidad de La Laguna, cuyo plazo estar\u00e1 abierto hasta el pr\u00f3ximo 30 de septiembre.<\/p>\n\n\n\n<p><strong>Reuni\u00f3n del jurado<\/strong><\/p>\n\n\n\n<p>Una vez recibidas todas las candidaturas, el Vicerrectorado a propuesta de la C\u00e1tedra reunir\u00e1 un jurado convocado al efecto compuesto por reconocidos profesionales con amplia trayectoria en el \u00e1mbito de la vitivinicultura, enolog\u00eda, gastronom\u00eda, turismo, medios de comunicaci\u00f3n especializados, y acad\u00e9micos para las deliberaciones y fallo de los galardonados con los Premios Enogastroturismo 2021.<\/p>\n\n\n\n<div class=\"wp-block-file\"><a href=\"https:\/\/wp.ull.es\/aenogas\/wp-content\/uploads\/sites\/90\/2021\/09\/boc-a-2021-130-3187-2.pdf\">boc-a-2021-130-3187-2<\/a><a href=\"https:\/\/wp.ull.es\/aenogas\/wp-content\/uploads\/sites\/90\/2021\/09\/boc-a-2021-130-3187-2.pdf\" class=\"wp-block-file__button\" download>Descarga<\/a><\/div>\n\n\n\n<div class=\"wp-block-file\"><a href=\"https:\/\/wp.ull.es\/aenogas\/wp-content\/uploads\/sites\/90\/2021\/09\/Premios_Enogastroturismo_Solicitud_Participacion_R-2-2.pdf\">Premios_Enogastroturismo_Solicitud_Participacion_R-2-2<\/a><a href=\"https:\/\/wp.ull.es\/aenogas\/wp-content\/uploads\/sites\/90\/2021\/09\/Premios_Enogastroturismo_Solicitud_Participacion_R-2-2.pdf\" class=\"wp-block-file__button\" download>Descarga<\/a><\/div>\n","protected":false},"excerpt":{"rendered":"<p>El pr\u00f3ximo jueves, 30 de septiembre, finaliza el plazo para presentar candidaturas a los Premios Enogastroturismo de la Universidad de La Laguna convocados por el Vicerrectorado de Cultura, Participaci\u00f3n Social a trav\u00e9s de su C\u00e1tedra de Agroturismo y Enoturismo de Canarias que cuenta con el apoyo del Instituto Canario de Calidad Agroalimentaria.\u00a0<\/p>\n<div class=\"read-more\"><a href=\"https:\/\/wp.ull.es\/aenogas\/2021\/09\/22\/finaliza-el-plazo-de-candidaturas-a-los-premios-enogastroturismo-de-la-universidad-de-la-laguna\/\">Leer m\u00e1s \u203a<\/a><\/div>\n<p><!-- end of .read-more --><\/p>\n","protected":false},"author":227,"featured_media":1923,"comment_status":"open","ping_status":"open","sticky":false,"template":"","format":"standard","meta":{"footnotes":""},"categories":[11],"tags":[12,9,8,6,5],"class_list":["post-1920","post","type-post","status-publish","format-standard","has-post-thumbnail","hentry","category-blog","tag-agroturismoull","tag-enogastroturismo","tag-premios","tag-universidad-de-la-laguna","tag-wineull"],"yoast_head":"<!-- This site is optimized with the Yoast SEO plugin v27.4 - https:\/\/yoast.com\/product\/yoast-seo-wordpress\/ -->\n<title>Finaliza el plazo de candidaturas a los Premios Enogastroturismo de la Universidad de La Laguna - Enoturismo Canarias<\/title>\n<meta name=\"robots\" content=\"index, follow, max-snippet:-1, max-image-preview:large, max-video-preview:-1\" \/>\n<link rel=\"canonical\" href=\"https:\/\/wp.ull.es\/aenogas\/2021\/09\/22\/finaliza-el-plazo-de-candidaturas-a-los-premios-enogastroturismo-de-la-universidad-de-la-laguna\/\" \/>\n<meta property=\"og:locale\" content=\"es_ES\" \/>\n<meta property=\"og:type\" content=\"article\" \/>\n<meta property=\"og:title\" content=\"Finaliza el plazo de candidaturas a los Premios Enogastroturismo de la Universidad de La Laguna - Enoturismo Canarias\" \/>\n<meta property=\"og:description\" content=\"El pr\u00f3ximo jueves, 30 de septiembre, finaliza el plazo para presentar candidaturas a los Premios Enogastroturismo de la Universidad de La Laguna convocados por el Vicerrectorado de Cultura, Participaci\u00f3n Social a trav\u00e9s de su C\u00e1tedra de Agroturismo y Enoturismo de Canarias que cuenta con el apoyo del Instituto Canario de Calidad Agroalimentaria.\u00a0Leer m\u00e1s \u203a\" \/>\n<meta property=\"og:url\" content=\"https:\/\/wp.ull.es\/aenogas\/2021\/09\/22\/finaliza-el-plazo-de-candidaturas-a-los-premios-enogastroturismo-de-la-universidad-de-la-laguna\/\" \/>\n<meta property=\"og:site_name\" content=\"Enoturismo Canarias\" \/>\n<meta property=\"article:publisher\" content=\"https:\/\/www.facebook.com\/enoturismoull\" \/>\n<meta property=\"article:published_time\" content=\"2021-09-22T12:11:37+00:00\" \/>\n<meta property=\"og:image\" content=\"https:\/\/wp.ull.es\/aenogas\/wp-content\/uploads\/sites\/90\/2021\/09\/50649285767_782c5505ca_o.jpg\" \/>\n\t<meta property=\"og:image:width\" content=\"1392\" \/>\n\t<meta property=\"og:image:height\" content=\"928\" \/>\n\t<meta property=\"og:image:type\" content=\"image\/jpeg\" \/>\n<meta name=\"author\" content=\"aenogas\" \/>\n<meta name=\"twitter:card\" content=\"summary_large_image\" \/>\n<meta name=\"twitter:creator\" content=\"@enoturismoull\" \/>\n<meta name=\"twitter:site\" content=\"@enoturismoull\" \/>\n<meta name=\"twitter:label1\" content=\"Escrito por\" \/>\n\t<meta name=\"twitter:data1\" content=\"aenogas\" \/>\n\t<meta name=\"twitter:label2\" content=\"Tiempo de lectura\" \/>\n\t<meta name=\"twitter:data2\" content=\"2 minutos\" \/>\n<script type=\"application\/ld+json\" class=\"yoast-schema-graph\">{\"@context\":\"https:\\\/\\\/schema.org\",\"@graph\":[{\"@type\":\"Article\",\"@id\":\"https:\\\/\\\/wp.ull.es\\\/aenogas\\\/2021\\\/09\\\/22\\\/finaliza-el-plazo-de-candidaturas-a-los-premios-enogastroturismo-de-la-universidad-de-la-laguna\\\/#article\",\"isPartOf\":{\"@id\":\"https:\\\/\\\/wp.ull.es\\\/aenogas\\\/2021\\\/09\\\/22\\\/finaliza-el-plazo-de-candidaturas-a-los-premios-enogastroturismo-de-la-universidad-de-la-laguna\\\/\"},\"author\":{\"name\":\"aenogas\",\"@id\":\"https:\\\/\\\/wp.ull.es\\\/aenogas\\\/#\\\/schema\\\/person\\\/08dc3be5406aba55875ae5024a8e7426\"},\"headline\":\"Finaliza el plazo de candidaturas a los Premios Enogastroturismo de la Universidad de La Laguna\",\"datePublished\":\"2021-09-22T12:11:37+00:00\",\"mainEntityOfPage\":{\"@id\":\"https:\\\/\\\/wp.ull.es\\\/aenogas\\\/2021\\\/09\\\/22\\\/finaliza-el-plazo-de-candidaturas-a-los-premios-enogastroturismo-de-la-universidad-de-la-laguna\\\/\"},\"wordCount\":388,\"commentCount\":0,\"publisher\":{\"@id\":\"https:\\\/\\\/wp.ull.es\\\/aenogas\\\/#organization\"},\"image\":{\"@id\":\"https:\\\/\\\/wp.ull.es\\\/aenogas\\\/2021\\\/09\\\/22\\\/finaliza-el-plazo-de-candidaturas-a-los-premios-enogastroturismo-de-la-universidad-de-la-laguna\\\/#primaryimage\"},\"thumbnailUrl\":\"https:\\\/\\\/wp.ull.es\\\/aenogas\\\/wp-content\\\/uploads\\\/sites\\\/90\\\/2021\\\/09\\\/50649285767_782c5505ca_o.jpg\",\"keywords\":[\"agroturismoull\",\"enogastroturismo\",\"premios\",\"universidad de la laguna\",\"wineull\"],\"articleSection\":[\"Blog\"],\"inLanguage\":\"es\",\"potentialAction\":[{\"@type\":\"CommentAction\",\"name\":\"Comment\",\"target\":[\"https:\\\/\\\/wp.ull.es\\\/aenogas\\\/2021\\\/09\\\/22\\\/finaliza-el-plazo-de-candidaturas-a-los-premios-enogastroturismo-de-la-universidad-de-la-laguna\\\/#respond\"]}]},{\"@type\":\"WebPage\",\"@id\":\"https:\\\/\\\/wp.ull.es\\\/aenogas\\\/2021\\\/09\\\/22\\\/finaliza-el-plazo-de-candidaturas-a-los-premios-enogastroturismo-de-la-universidad-de-la-laguna\\\/\",\"url\":\"https:\\\/\\\/wp.ull.es\\\/aenogas\\\/2021\\\/09\\\/22\\\/finaliza-el-plazo-de-candidaturas-a-los-premios-enogastroturismo-de-la-universidad-de-la-laguna\\\/\",\"name\":\"Finaliza el plazo de candidaturas a los Premios Enogastroturismo de la Universidad de La Laguna - Enoturismo Canarias\",\"isPartOf\":{\"@id\":\"https:\\\/\\\/wp.ull.es\\\/aenogas\\\/#website\"},\"primaryImageOfPage\":{\"@id\":\"https:\\\/\\\/wp.ull.es\\\/aenogas\\\/2021\\\/09\\\/22\\\/finaliza-el-plazo-de-candidaturas-a-los-premios-enogastroturismo-de-la-universidad-de-la-laguna\\\/#primaryimage\"},\"image\":{\"@id\":\"https:\\\/\\\/wp.ull.es\\\/aenogas\\\/2021\\\/09\\\/22\\\/finaliza-el-plazo-de-candidaturas-a-los-premios-enogastroturismo-de-la-universidad-de-la-laguna\\\/#primaryimage\"},\"thumbnailUrl\":\"https:\\\/\\\/wp.ull.es\\\/aenogas\\\/wp-content\\\/uploads\\\/sites\\\/90\\\/2021\\\/09\\\/50649285767_782c5505ca_o.jpg\",\"datePublished\":\"2021-09-22T12:11:37+00:00\",\"breadcrumb\":{\"@id\":\"https:\\\/\\\/wp.ull.es\\\/aenogas\\\/2021\\\/09\\\/22\\\/finaliza-el-plazo-de-candidaturas-a-los-premios-enogastroturismo-de-la-universidad-de-la-laguna\\\/#breadcrumb\"},\"inLanguage\":\"es\",\"potentialAction\":[{\"@type\":\"ReadAction\",\"target\":[\"https:\\\/\\\/wp.ull.es\\\/aenogas\\\/2021\\\/09\\\/22\\\/finaliza-el-plazo-de-candidaturas-a-los-premios-enogastroturismo-de-la-universidad-de-la-laguna\\\/\"]}]},{\"@type\":\"ImageObject\",\"inLanguage\":\"es\",\"@id\":\"https:\\\/\\\/wp.ull.es\\\/aenogas\\\/2021\\\/09\\\/22\\\/finaliza-el-plazo-de-candidaturas-a-los-premios-enogastroturismo-de-la-universidad-de-la-laguna\\\/#primaryimage\",\"url\":\"https:\\\/\\\/wp.ull.es\\\/aenogas\\\/wp-content\\\/uploads\\\/sites\\\/90\\\/2021\\\/09\\\/50649285767_782c5505ca_o.jpg\",\"contentUrl\":\"https:\\\/\\\/wp.ull.es\\\/aenogas\\\/wp-content\\\/uploads\\\/sites\\\/90\\\/2021\\\/09\\\/50649285767_782c5505ca_o.jpg\",\"width\":1392,\"height\":928},{\"@type\":\"BreadcrumbList\",\"@id\":\"https:\\\/\\\/wp.ull.es\\\/aenogas\\\/2021\\\/09\\\/22\\\/finaliza-el-plazo-de-candidaturas-a-los-premios-enogastroturismo-de-la-universidad-de-la-laguna\\\/#breadcrumb\",\"itemListElement\":[{\"@type\":\"ListItem\",\"position\":1,\"name\":\"Portada\",\"item\":\"https:\\\/\\\/wp.ull.es\\\/aenogas\\\/\"},{\"@type\":\"ListItem\",\"position\":2,\"name\":\"Finaliza el plazo de candidaturas a los Premios Enogastroturismo de la Universidad de La Laguna\"}]},{\"@type\":\"WebSite\",\"@id\":\"https:\\\/\\\/wp.ull.es\\\/aenogas\\\/#website\",\"url\":\"https:\\\/\\\/wp.ull.es\\\/aenogas\\\/\",\"name\":\"Enoturismo Canarias\",\"description\":\"C\u00e1tedra de Agroturismo y Enoturismo Instituto de Canario de Calidad Agroalimentaria\",\"publisher\":{\"@id\":\"https:\\\/\\\/wp.ull.es\\\/aenogas\\\/#organization\"},\"potentialAction\":[{\"@type\":\"SearchAction\",\"target\":{\"@type\":\"EntryPoint\",\"urlTemplate\":\"https:\\\/\\\/wp.ull.es\\\/aenogas\\\/?s={search_term_string}\"},\"query-input\":{\"@type\":\"PropertyValueSpecification\",\"valueRequired\":true,\"valueName\":\"search_term_string\"}}],\"inLanguage\":\"es\"},{\"@type\":\"Organization\",\"@id\":\"https:\\\/\\\/wp.ull.es\\\/aenogas\\\/#organization\",\"name\":\"C\u00e1tedra de Agroturismo y Enoturismo de Canarias del Instituto Canario de Calidad Agroalimentaria y de la Universidad de La Laguna\",\"url\":\"https:\\\/\\\/wp.ull.es\\\/aenogas\\\/\",\"logo\":{\"@type\":\"ImageObject\",\"inLanguage\":\"es\",\"@id\":\"https:\\\/\\\/wp.ull.es\\\/aenogas\\\/#\\\/schema\\\/logo\\\/image\\\/\",\"url\":\"https:\\\/\\\/wp.ull.es\\\/aenogas\\\/wp-content\\\/uploads\\\/sites\\\/90\\\/2021\\\/03\\\/Logotipo-Catedra.png\",\"contentUrl\":\"https:\\\/\\\/wp.ull.es\\\/aenogas\\\/wp-content\\\/uploads\\\/sites\\\/90\\\/2021\\\/03\\\/Logotipo-Catedra.png\",\"width\":300,\"height\":89,\"caption\":\"C\u00e1tedra de Agroturismo y Enoturismo de Canarias del Instituto Canario de Calidad Agroalimentaria y de la Universidad de La Laguna\"},\"image\":{\"@id\":\"https:\\\/\\\/wp.ull.es\\\/aenogas\\\/#\\\/schema\\\/logo\\\/image\\\/\"},\"sameAs\":[\"https:\\\/\\\/www.facebook.com\\\/enoturismoull\",\"https:\\\/\\\/x.com\\\/enoturismoull\",\"https:\\\/\\\/www.linkedin.com\\\/company\\\/40816665\\\/admin\\\/dashboard\\\/\"]},{\"@type\":\"Person\",\"@id\":\"https:\\\/\\\/wp.ull.es\\\/aenogas\\\/#\\\/schema\\\/person\\\/08dc3be5406aba55875ae5024a8e7426\",\"name\":\"aenogas\",\"image\":{\"@type\":\"ImageObject\",\"inLanguage\":\"es\",\"@id\":\"https:\\\/\\\/secure.gravatar.com\\\/avatar\\\/957f529db4c10409aeb4798f38d978d31a86852b0557feaaa15ada6691fe502f?s=96&d=mm&r=g\",\"url\":\"https:\\\/\\\/secure.gravatar.com\\\/avatar\\\/957f529db4c10409aeb4798f38d978d31a86852b0557feaaa15ada6691fe502f?s=96&d=mm&r=g\",\"contentUrl\":\"https:\\\/\\\/secure.gravatar.com\\\/avatar\\\/957f529db4c10409aeb4798f38d978d31a86852b0557feaaa15ada6691fe502f?s=96&d=mm&r=g\",\"caption\":\"aenogas\"},\"url\":\"https:\\\/\\\/wp.ull.es\\\/aenogas\\\/author\\\/aenogas\\\/\"}]}<\/script>\n<!-- \/ Yoast SEO plugin. -->","yoast_head_json":{"title":"Finaliza el plazo de candidaturas a los Premios Enogastroturismo de la Universidad de La Laguna - Enoturismo Canarias","robots":{"index":"index","follow":"follow","max-snippet":"max-snippet:-1","max-image-preview":"max-image-preview:large","max-video-preview":"max-video-preview:-1"},"canonical":"https:\/\/wp.ull.es\/aenogas\/2021\/09\/22\/finaliza-el-plazo-de-candidaturas-a-los-premios-enogastroturismo-de-la-universidad-de-la-laguna\/","og_locale":"es_ES","og_type":"article","og_title":"Finaliza el plazo de candidaturas a los Premios Enogastroturismo de la Universidad de La Laguna - Enoturismo Canarias","og_description":"El pr\u00f3ximo jueves, 30 de septiembre, finaliza el plazo para presentar candidaturas a los Premios Enogastroturismo de la Universidad de La Laguna convocados por el Vicerrectorado de Cultura, Participaci\u00f3n Social a trav\u00e9s de su C\u00e1tedra de Agroturismo y Enoturismo de Canarias que cuenta con el apoyo del Instituto Canario de Calidad Agroalimentaria.\u00a0Leer m\u00e1s \u203a","og_url":"https:\/\/wp.ull.es\/aenogas\/2021\/09\/22\/finaliza-el-plazo-de-candidaturas-a-los-premios-enogastroturismo-de-la-universidad-de-la-laguna\/","og_site_name":"Enoturismo Canarias","article_publisher":"https:\/\/www.facebook.com\/enoturismoull","article_published_time":"2021-09-22T12:11:37+00:00","og_image":[{"width":1392,"height":928,"url":"https:\/\/wp.ull.es\/aenogas\/wp-content\/uploads\/sites\/90\/2021\/09\/50649285767_782c5505ca_o.jpg","type":"image\/jpeg"}],"author":"aenogas","twitter_card":"summary_large_image","twitter_creator":"@enoturismoull","twitter_site":"@enoturismoull","twitter_misc":{"Escrito por":"aenogas","Tiempo de lectura":"2 minutos"},"schema":{"@context":"https:\/\/schema.org","@graph":[{"@type":"Article","@id":"https:\/\/wp.ull.es\/aenogas\/2021\/09\/22\/finaliza-el-plazo-de-candidaturas-a-los-premios-enogastroturismo-de-la-universidad-de-la-laguna\/#article","isPartOf":{"@id":"https:\/\/wp.ull.es\/aenogas\/2021\/09\/22\/finaliza-el-plazo-de-candidaturas-a-los-premios-enogastroturismo-de-la-universidad-de-la-laguna\/"},"author":{"name":"aenogas","@id":"https:\/\/wp.ull.es\/aenogas\/#\/schema\/person\/08dc3be5406aba55875ae5024a8e7426"},"headline":"Finaliza el plazo de candidaturas a los Premios Enogastroturismo de la Universidad de La Laguna","datePublished":"2021-09-22T12:11:37+00:00","mainEntityOfPage":{"@id":"https:\/\/wp.ull.es\/aenogas\/2021\/09\/22\/finaliza-el-plazo-de-candidaturas-a-los-premios-enogastroturismo-de-la-universidad-de-la-laguna\/"},"wordCount":388,"commentCount":0,"publisher":{"@id":"https:\/\/wp.ull.es\/aenogas\/#organization"},"image":{"@id":"https:\/\/wp.ull.es\/aenogas\/2021\/09\/22\/finaliza-el-plazo-de-candidaturas-a-los-premios-enogastroturismo-de-la-universidad-de-la-laguna\/#primaryimage"},"thumbnailUrl":"https:\/\/wp.ull.es\/aenogas\/wp-content\/uploads\/sites\/90\/2021\/09\/50649285767_782c5505ca_o.jpg","keywords":["agroturismoull","enogastroturismo","premios","universidad de la laguna","wineull"],"articleSection":["Blog"],"inLanguage":"es","potentialAction":[{"@type":"CommentAction","name":"Comment","target":["https:\/\/wp.ull.es\/aenogas\/2021\/09\/22\/finaliza-el-plazo-de-candidaturas-a-los-premios-enogastroturismo-de-la-universidad-de-la-laguna\/#respond"]}]},{"@type":"WebPage","@id":"https:\/\/wp.ull.es\/aenogas\/2021\/09\/22\/finaliza-el-plazo-de-candidaturas-a-los-premios-enogastroturismo-de-la-universidad-de-la-laguna\/","url":"https:\/\/wp.ull.es\/aenogas\/2021\/09\/22\/finaliza-el-plazo-de-candidaturas-a-los-premios-enogastroturismo-de-la-universidad-de-la-laguna\/","name":"Finaliza el plazo de candidaturas a los Premios Enogastroturismo de la Universidad de La Laguna - Enoturismo Canarias","isPartOf":{"@id":"https:\/\/wp.ull.es\/aenogas\/#website"},"primaryImageOfPage":{"@id":"https:\/\/wp.ull.es\/aenogas\/2021\/09\/22\/finaliza-el-plazo-de-candidaturas-a-los-premios-enogastroturismo-de-la-universidad-de-la-laguna\/#primaryimage"},"image":{"@id":"https:\/\/wp.ull.es\/aenogas\/2021\/09\/22\/finaliza-el-plazo-de-candidaturas-a-los-premios-enogastroturismo-de-la-universidad-de-la-laguna\/#primaryimage"},"thumbnailUrl":"https:\/\/wp.ull.es\/aenogas\/wp-content\/uploads\/sites\/90\/2021\/09\/50649285767_782c5505ca_o.jpg","datePublished":"2021-09-22T12:11:37+00:00","breadcrumb":{"@id":"https:\/\/wp.ull.es\/aenogas\/2021\/09\/22\/finaliza-el-plazo-de-candidaturas-a-los-premios-enogastroturismo-de-la-universidad-de-la-laguna\/#breadcrumb"},"inLanguage":"es","potentialAction":[{"@type":"ReadAction","target":["https:\/\/wp.ull.es\/aenogas\/2021\/09\/22\/finaliza-el-plazo-de-candidaturas-a-los-premios-enogastroturismo-de-la-universidad-de-la-laguna\/"]}]},{"@type":"ImageObject","inLanguage":"es","@id":"https:\/\/wp.ull.es\/aenogas\/2021\/09\/22\/finaliza-el-plazo-de-candidaturas-a-los-premios-enogastroturismo-de-la-universidad-de-la-laguna\/#primaryimage","url":"https:\/\/wp.ull.es\/aenogas\/wp-content\/uploads\/sites\/90\/2021\/09\/50649285767_782c5505ca_o.jpg","contentUrl":"https:\/\/wp.ull.es\/aenogas\/wp-content\/uploads\/sites\/90\/2021\/09\/50649285767_782c5505ca_o.jpg","width":1392,"height":928},{"@type":"BreadcrumbList","@id":"https:\/\/wp.ull.es\/aenogas\/2021\/09\/22\/finaliza-el-plazo-de-candidaturas-a-los-premios-enogastroturismo-de-la-universidad-de-la-laguna\/#breadcrumb","itemListElement":[{"@type":"ListItem","position":1,"name":"Portada","item":"https:\/\/wp.ull.es\/aenogas\/"},{"@type":"ListItem","position":2,"name":"Finaliza el plazo de candidaturas a los Premios Enogastroturismo de la Universidad de La Laguna"}]},{"@type":"WebSite","@id":"https:\/\/wp.ull.es\/aenogas\/#website","url":"https:\/\/wp.ull.es\/aenogas\/","name":"Enoturismo Canarias","description":"C\u00e1tedra de Agroturismo y Enoturismo Instituto de Canario de Calidad Agroalimentaria","publisher":{"@id":"https:\/\/wp.ull.es\/aenogas\/#organization"},"potentialAction":[{"@type":"SearchAction","target":{"@type":"EntryPoint","urlTemplate":"https:\/\/wp.ull.es\/aenogas\/?s={search_term_string}"},"query-input":{"@type":"PropertyValueSpecification","valueRequired":true,"valueName":"search_term_string"}}],"inLanguage":"es"},{"@type":"Organization","@id":"https:\/\/wp.ull.es\/aenogas\/#organization","name":"C\u00e1tedra de Agroturismo y Enoturismo de Canarias del Instituto Canario de Calidad Agroalimentaria y de la Universidad de La Laguna","url":"https:\/\/wp.ull.es\/aenogas\/","logo":{"@type":"ImageObject","inLanguage":"es","@id":"https:\/\/wp.ull.es\/aenogas\/#\/schema\/logo\/image\/","url":"https:\/\/wp.ull.es\/aenogas\/wp-content\/uploads\/sites\/90\/2021\/03\/Logotipo-Catedra.png","contentUrl":"https:\/\/wp.ull.es\/aenogas\/wp-content\/uploads\/sites\/90\/2021\/03\/Logotipo-Catedra.png","width":300,"height":89,"caption":"C\u00e1tedra de Agroturismo y Enoturismo de Canarias del Instituto Canario de Calidad Agroalimentaria y de la Universidad de La Laguna"},"image":{"@id":"https:\/\/wp.ull.es\/aenogas\/#\/schema\/logo\/image\/"},"sameAs":["https:\/\/www.facebook.com\/enoturismoull","https:\/\/x.com\/enoturismoull","https:\/\/www.linkedin.com\/company\/40816665\/admin\/dashboard\/"]},{"@type":"Person","@id":"https:\/\/wp.ull.es\/aenogas\/#\/schema\/person\/08dc3be5406aba55875ae5024a8e7426","name":"aenogas","image":{"@type":"ImageObject","inLanguage":"es","@id":"https:\/\/secure.gravatar.com\/avatar\/957f529db4c10409aeb4798f38d978d31a86852b0557feaaa15ada6691fe502f?s=96&d=mm&r=g","url":"https:\/\/secure.gravatar.com\/avatar\/957f529db4c10409aeb4798f38d978d31a86852b0557feaaa15ada6691fe502f?s=96&d=mm&r=g","contentUrl":"https:\/\/secure.gravatar.com\/avatar\/957f529db4c10409aeb4798f38d978d31a86852b0557feaaa15ada6691fe502f?s=96&d=mm&r=g","caption":"aenogas"},"url":"https:\/\/wp.ull.es\/aenogas\/author\/aenogas\/"}]}},"_links":{"self":[{"href":"https:\/\/wp.ull.es\/aenogas\/wp-json\/wp\/v2\/posts\/1920","targetHints":{"allow":["GET"]}}],"collection":[{"href":"https:\/\/wp.ull.es\/aenogas\/wp-json\/wp\/v2\/posts"}],"about":[{"href":"https:\/\/wp.ull.es\/aenogas\/wp-json\/wp\/v2\/types\/post"}],"author":[{"embeddable":true,"href":"https:\/\/wp.ull.es\/aenogas\/wp-json\/wp\/v2\/users\/227"}],"replies":[{"embeddable":true,"href":"https:\/\/wp.ull.es\/aenogas\/wp-json\/wp\/v2\/comments?post=1920"}],"version-history":[{"count":1,"href":"https:\/\/wp.ull.es\/aenogas\/wp-json\/wp\/v2\/posts\/1920\/revisions"}],"predecessor-version":[{"id":1924,"href":"https:\/\/wp.ull.es\/aenogas\/wp-json\/wp\/v2\/posts\/1920\/revisions\/1924"}],"wp:featuredmedia":[{"embeddable":true,"href":"https:\/\/wp.ull.es\/aenogas\/wp-json\/wp\/v2\/media\/1923"}],"wp:attachment":[{"href":"https:\/\/wp.ull.es\/aenogas\/wp-json\/wp\/v2\/media?parent=1920"}],"wp:term":[{"taxonomy":"category","embeddable":true,"href":"https:\/\/wp.ull.es\/aenogas\/wp-json\/wp\/v2\/categories?post=1920"},{"taxonomy":"post_tag","embeddable":true,"href":"https:\/\/wp.ull.es\/aenogas\/wp-json\/wp\/v2\/tags?post=1920"}],"curies":[{"name":"wp","href":"https:\/\/api.w.org\/{rel}","templated":true}]}}