{"id":1740,"date":"2021-05-12T12:52:00","date_gmt":"2021-05-12T12:52:00","guid":{"rendered":"https:\/\/wp.ull.es\/aenogas\/?p=1740"},"modified":"2021-08-09T12:54:32","modified_gmt":"2021-08-09T12:54:32","slug":"tres-profesores-de-la-universidad-de-la-laguna-entre-los-150influyentes-en-el-sector-turistico-de-espana","status":"publish","type":"post","link":"https:\/\/wp.ull.es\/aenogas\/2021\/05\/12\/tres-profesores-de-la-universidad-de-la-laguna-entre-los-150influyentes-en-el-sector-turistico-de-espana\/","title":{"rendered":"Tres profesores de la Universidad de La Laguna entre los 150+influyentes en el sector tur\u00edstico de Espa\u00f1a"},"content":{"rendered":"\n<p>La consultora SERGESTUR (Servicios de Gesti\u00f3n Tur\u00edstica) ha publicado la segunda edici\u00f3n de su listado \u201cLos 150+influyentes en el sector tur\u00edstico de Espa\u00f1a\u201d.  Seg\u00fan la empresa, estos son los perfiles de las \u00abpersonas que merecen estar en la \u00e9lite del sector\u00bb.<\/p>\n\n\n\n<p>En \u00e9l, sin intenci\u00f3n de \u201cdesmerecer a los dem\u00e1s profesionales del sector\u201d, se hace una recopilaci\u00f3n de aquellas personalidades que desde su \u00e1mbito profesional tienen un destacado impacto en la industria de los viajes, las vacaciones y el ocio del pa\u00eds. <\/p>\n\n\n\n<p>Entre los 150+influyentes se encuentra nuestro director de la C\u00e1tedra de Agroturismo y Enoturismo de Canarias del Instituto Canario de Calidad Agroalimentaria y de la Universidad de La Laguna, Carlos Fern\u00e1ndez junto a los profesores de la ULL, Mois\u00e9s Simancas y Ra\u00fal Hern\u00e1ndez.<\/p>\n\n\n\n<p>Desde SERGESTUR explican que para elaborar el listado se tuvieron en cuenta criterios como sus aportaciones, por experiencia demostrada, \u00e9xitos\/logros profesionales reconocidos, conocimiento contrastado, casos de \u00e9xito, comunicaci\u00f3n, el carisma y el reconocimiento por parte de otros profesionales del sector.<\/p>\n\n\n\n<p>Asimismo, aclaran que la lista fue consultada y consensuada con otros colegas del sector como periodistas, gestores de alojamiento, de restauraci\u00f3n, profesores de universidad, de formaci\u00f3n, consultores, etc. de diversos \u00e1mbitos geogr\u00e1ficos de Espa\u00f1a (Madrid, Comunidad Valenciana, Canarias, Islas Baleares, Andaluc\u00eda, Arag\u00f3n, Galicia, Pa\u00eds Vasco y Catalu\u00f1a).<\/p>\n\n\n\n<figure class=\"wp-block-image size-large\"><img fetchpriority=\"high\" decoding=\"async\" width=\"1024\" height=\"819\" src=\"https:\/\/wp.ull.es\/aenogas\/wp-content\/uploads\/sites\/90\/2021\/08\/Carlos-Fernandez-1-1-1024x819-1.png\" alt=\"\" class=\"wp-image-1742\" srcset=\"https:\/\/wp.ull.es\/aenogas\/wp-content\/uploads\/sites\/90\/2021\/08\/Carlos-Fernandez-1-1-1024x819-1.png 1024w, https:\/\/wp.ull.es\/aenogas\/wp-content\/uploads\/sites\/90\/2021\/08\/Carlos-Fernandez-1-1-1024x819-1-300x240.png 300w, https:\/\/wp.ull.es\/aenogas\/wp-content\/uploads\/sites\/90\/2021\/08\/Carlos-Fernandez-1-1-1024x819-1-768x614.png 768w, https:\/\/wp.ull.es\/aenogas\/wp-content\/uploads\/sites\/90\/2021\/08\/Carlos-Fernandez-1-1-1024x819-1-100x80.png 100w, https:\/\/wp.ull.es\/aenogas\/wp-content\/uploads\/sites\/90\/2021\/08\/Carlos-Fernandez-1-1-1024x819-1-150x120.png 150w, https:\/\/wp.ull.es\/aenogas\/wp-content\/uploads\/sites\/90\/2021\/08\/Carlos-Fernandez-1-1-1024x819-1-200x160.png 200w, https:\/\/wp.ull.es\/aenogas\/wp-content\/uploads\/sites\/90\/2021\/08\/Carlos-Fernandez-1-1-1024x819-1-450x360.png 450w, https:\/\/wp.ull.es\/aenogas\/wp-content\/uploads\/sites\/90\/2021\/08\/Carlos-Fernandez-1-1-1024x819-1-600x480.png 600w, https:\/\/wp.ull.es\/aenogas\/wp-content\/uploads\/sites\/90\/2021\/08\/Carlos-Fernandez-1-1-1024x819-1-900x720.png 900w\" sizes=\"(max-width: 1024px) 100vw, 1024px\" \/><\/figure>\n","protected":false},"excerpt":{"rendered":"<p>Entre los 150+influyentes se encuentra nuestro director de la C\u00e1tedra de Agroturismo y Enoturismo de Canarias del Instituto Canario de Calidad Agroalimentaria y de la Universidad de La Laguna, Carlos Fern\u00e1ndez junto a los profesores de la ULL, Mois\u00e9s Simancas y Ra\u00fal Hern\u00e1ndez.<\/p>\n<div class=\"read-more\"><a href=\"https:\/\/wp.ull.es\/aenogas\/2021\/05\/12\/tres-profesores-de-la-universidad-de-la-laguna-entre-los-150influyentes-en-el-sector-turistico-de-espana\/\">Leer m\u00e1s \u203a<\/a><\/div>\n<p><!-- end of .read-more --><\/p>\n","protected":false},"author":227,"featured_media":1741,"comment_status":"open","ping_status":"open","sticky":false,"template":"","format":"standard","meta":{"footnotes":""},"categories":[1],"tags":[],"class_list":["post-1740","post","type-post","status-publish","format-standard","has-post-thumbnail","hentry","category-sin-categoria"],"yoast_head":"<!-- This site is optimized with the Yoast SEO plugin v27.4 - https:\/\/yoast.com\/product\/yoast-seo-wordpress\/ -->\n<title>Tres profesores de la Universidad de La Laguna entre los 150+influyentes en el sector tur\u00edstico de Espa\u00f1a - Enoturismo Canarias<\/title>\n<meta name=\"robots\" content=\"index, follow, max-snippet:-1, max-image-preview:large, max-video-preview:-1\" \/>\n<link rel=\"canonical\" href=\"https:\/\/wp.ull.es\/aenogas\/2021\/05\/12\/tres-profesores-de-la-universidad-de-la-laguna-entre-los-150influyentes-en-el-sector-turistico-de-espana\/\" \/>\n<meta property=\"og:locale\" content=\"es_ES\" \/>\n<meta property=\"og:type\" content=\"article\" \/>\n<meta property=\"og:title\" content=\"Tres profesores de la Universidad de La Laguna entre los 150+influyentes en el sector tur\u00edstico de Espa\u00f1a - Enoturismo Canarias\" \/>\n<meta property=\"og:description\" content=\"Entre los 150+influyentes se encuentra nuestro director de la C\u00e1tedra de Agroturismo y Enoturismo de Canarias del Instituto Canario de Calidad Agroalimentaria y de la Universidad de La Laguna, Carlos Fern\u00e1ndez junto a los profesores de la ULL, Mois\u00e9s Simancas y Ra\u00fal Hern\u00e1ndez.Leer m\u00e1s \u203a\" \/>\n<meta property=\"og:url\" content=\"https:\/\/wp.ull.es\/aenogas\/2021\/05\/12\/tres-profesores-de-la-universidad-de-la-laguna-entre-los-150influyentes-en-el-sector-turistico-de-espana\/\" \/>\n<meta property=\"og:site_name\" content=\"Enoturismo Canarias\" \/>\n<meta property=\"article:publisher\" content=\"https:\/\/www.facebook.com\/enoturismoull\" \/>\n<meta property=\"article:published_time\" content=\"2021-05-12T12:52:00+00:00\" \/>\n<meta property=\"article:modified_time\" content=\"2021-08-09T12:54:32+00:00\" \/>\n<meta property=\"og:image\" content=\"https:\/\/wp.ull.es\/aenogas\/wp-content\/uploads\/sites\/90\/2021\/08\/50960359457_26470e7808_o-1080x675-1.jpg\" \/>\n\t<meta property=\"og:image:width\" content=\"1080\" \/>\n\t<meta property=\"og:image:height\" content=\"675\" \/>\n\t<meta property=\"og:image:type\" content=\"image\/jpeg\" \/>\n<meta name=\"author\" content=\"aenogas\" \/>\n<meta name=\"twitter:card\" content=\"summary_large_image\" \/>\n<meta name=\"twitter:creator\" content=\"@enoturismoull\" \/>\n<meta name=\"twitter:site\" content=\"@enoturismoull\" \/>\n<meta name=\"twitter:label1\" content=\"Escrito por\" \/>\n\t<meta name=\"twitter:data1\" content=\"aenogas\" \/>\n\t<meta name=\"twitter:label2\" content=\"Tiempo de lectura\" \/>\n\t<meta name=\"twitter:data2\" content=\"1 minuto\" \/>\n<script type=\"application\/ld+json\" class=\"yoast-schema-graph\">{\"@context\":\"https:\\\/\\\/schema.org\",\"@graph\":[{\"@type\":\"Article\",\"@id\":\"https:\\\/\\\/wp.ull.es\\\/aenogas\\\/2021\\\/05\\\/12\\\/tres-profesores-de-la-universidad-de-la-laguna-entre-los-150influyentes-en-el-sector-turistico-de-espana\\\/#article\",\"isPartOf\":{\"@id\":\"https:\\\/\\\/wp.ull.es\\\/aenogas\\\/2021\\\/05\\\/12\\\/tres-profesores-de-la-universidad-de-la-laguna-entre-los-150influyentes-en-el-sector-turistico-de-espana\\\/\"},\"author\":{\"name\":\"aenogas\",\"@id\":\"https:\\\/\\\/wp.ull.es\\\/aenogas\\\/#\\\/schema\\\/person\\\/08dc3be5406aba55875ae5024a8e7426\"},\"headline\":\"Tres profesores de la Universidad de La Laguna entre los 150+influyentes en el sector tur\u00edstico de Espa\u00f1a\",\"datePublished\":\"2021-05-12T12:52:00+00:00\",\"dateModified\":\"2021-08-09T12:54:32+00:00\",\"mainEntityOfPage\":{\"@id\":\"https:\\\/\\\/wp.ull.es\\\/aenogas\\\/2021\\\/05\\\/12\\\/tres-profesores-de-la-universidad-de-la-laguna-entre-los-150influyentes-en-el-sector-turistico-de-espana\\\/\"},\"wordCount\":256,\"commentCount\":0,\"publisher\":{\"@id\":\"https:\\\/\\\/wp.ull.es\\\/aenogas\\\/#organization\"},\"image\":{\"@id\":\"https:\\\/\\\/wp.ull.es\\\/aenogas\\\/2021\\\/05\\\/12\\\/tres-profesores-de-la-universidad-de-la-laguna-entre-los-150influyentes-en-el-sector-turistico-de-espana\\\/#primaryimage\"},\"thumbnailUrl\":\"https:\\\/\\\/wp.ull.es\\\/aenogas\\\/wp-content\\\/uploads\\\/sites\\\/90\\\/2021\\\/08\\\/50960359457_26470e7808_o-1080x675-1.jpg\",\"inLanguage\":\"es\",\"potentialAction\":[{\"@type\":\"CommentAction\",\"name\":\"Comment\",\"target\":[\"https:\\\/\\\/wp.ull.es\\\/aenogas\\\/2021\\\/05\\\/12\\\/tres-profesores-de-la-universidad-de-la-laguna-entre-los-150influyentes-en-el-sector-turistico-de-espana\\\/#respond\"]}]},{\"@type\":\"WebPage\",\"@id\":\"https:\\\/\\\/wp.ull.es\\\/aenogas\\\/2021\\\/05\\\/12\\\/tres-profesores-de-la-universidad-de-la-laguna-entre-los-150influyentes-en-el-sector-turistico-de-espana\\\/\",\"url\":\"https:\\\/\\\/wp.ull.es\\\/aenogas\\\/2021\\\/05\\\/12\\\/tres-profesores-de-la-universidad-de-la-laguna-entre-los-150influyentes-en-el-sector-turistico-de-espana\\\/\",\"name\":\"Tres profesores de la Universidad de La Laguna entre los 150+influyentes en el sector tur\u00edstico de Espa\u00f1a - Enoturismo Canarias\",\"isPartOf\":{\"@id\":\"https:\\\/\\\/wp.ull.es\\\/aenogas\\\/#website\"},\"primaryImageOfPage\":{\"@id\":\"https:\\\/\\\/wp.ull.es\\\/aenogas\\\/2021\\\/05\\\/12\\\/tres-profesores-de-la-universidad-de-la-laguna-entre-los-150influyentes-en-el-sector-turistico-de-espana\\\/#primaryimage\"},\"image\":{\"@id\":\"https:\\\/\\\/wp.ull.es\\\/aenogas\\\/2021\\\/05\\\/12\\\/tres-profesores-de-la-universidad-de-la-laguna-entre-los-150influyentes-en-el-sector-turistico-de-espana\\\/#primaryimage\"},\"thumbnailUrl\":\"https:\\\/\\\/wp.ull.es\\\/aenogas\\\/wp-content\\\/uploads\\\/sites\\\/90\\\/2021\\\/08\\\/50960359457_26470e7808_o-1080x675-1.jpg\",\"datePublished\":\"2021-05-12T12:52:00+00:00\",\"dateModified\":\"2021-08-09T12:54:32+00:00\",\"breadcrumb\":{\"@id\":\"https:\\\/\\\/wp.ull.es\\\/aenogas\\\/2021\\\/05\\\/12\\\/tres-profesores-de-la-universidad-de-la-laguna-entre-los-150influyentes-en-el-sector-turistico-de-espana\\\/#breadcrumb\"},\"inLanguage\":\"es\",\"potentialAction\":[{\"@type\":\"ReadAction\",\"target\":[\"https:\\\/\\\/wp.ull.es\\\/aenogas\\\/2021\\\/05\\\/12\\\/tres-profesores-de-la-universidad-de-la-laguna-entre-los-150influyentes-en-el-sector-turistico-de-espana\\\/\"]}]},{\"@type\":\"ImageObject\",\"inLanguage\":\"es\",\"@id\":\"https:\\\/\\\/wp.ull.es\\\/aenogas\\\/2021\\\/05\\\/12\\\/tres-profesores-de-la-universidad-de-la-laguna-entre-los-150influyentes-en-el-sector-turistico-de-espana\\\/#primaryimage\",\"url\":\"https:\\\/\\\/wp.ull.es\\\/aenogas\\\/wp-content\\\/uploads\\\/sites\\\/90\\\/2021\\\/08\\\/50960359457_26470e7808_o-1080x675-1.jpg\",\"contentUrl\":\"https:\\\/\\\/wp.ull.es\\\/aenogas\\\/wp-content\\\/uploads\\\/sites\\\/90\\\/2021\\\/08\\\/50960359457_26470e7808_o-1080x675-1.jpg\",\"width\":1080,\"height\":675},{\"@type\":\"BreadcrumbList\",\"@id\":\"https:\\\/\\\/wp.ull.es\\\/aenogas\\\/2021\\\/05\\\/12\\\/tres-profesores-de-la-universidad-de-la-laguna-entre-los-150influyentes-en-el-sector-turistico-de-espana\\\/#breadcrumb\",\"itemListElement\":[{\"@type\":\"ListItem\",\"position\":1,\"name\":\"Portada\",\"item\":\"https:\\\/\\\/wp.ull.es\\\/aenogas\\\/\"},{\"@type\":\"ListItem\",\"position\":2,\"name\":\"Tres profesores de la Universidad de La Laguna entre los 150+influyentes en el sector tur\u00edstico de Espa\u00f1a\"}]},{\"@type\":\"WebSite\",\"@id\":\"https:\\\/\\\/wp.ull.es\\\/aenogas\\\/#website\",\"url\":\"https:\\\/\\\/wp.ull.es\\\/aenogas\\\/\",\"name\":\"Enoturismo Canarias\",\"description\":\"C\u00e1tedra de Agroturismo y Enoturismo Instituto de Canario de Calidad Agroalimentaria\",\"publisher\":{\"@id\":\"https:\\\/\\\/wp.ull.es\\\/aenogas\\\/#organization\"},\"potentialAction\":[{\"@type\":\"SearchAction\",\"target\":{\"@type\":\"EntryPoint\",\"urlTemplate\":\"https:\\\/\\\/wp.ull.es\\\/aenogas\\\/?s={search_term_string}\"},\"query-input\":{\"@type\":\"PropertyValueSpecification\",\"valueRequired\":true,\"valueName\":\"search_term_string\"}}],\"inLanguage\":\"es\"},{\"@type\":\"Organization\",\"@id\":\"https:\\\/\\\/wp.ull.es\\\/aenogas\\\/#organization\",\"name\":\"C\u00e1tedra de Agroturismo y Enoturismo de Canarias del Instituto Canario de Calidad Agroalimentaria y de la Universidad de La Laguna\",\"url\":\"https:\\\/\\\/wp.ull.es\\\/aenogas\\\/\",\"logo\":{\"@type\":\"ImageObject\",\"inLanguage\":\"es\",\"@id\":\"https:\\\/\\\/wp.ull.es\\\/aenogas\\\/#\\\/schema\\\/logo\\\/image\\\/\",\"url\":\"https:\\\/\\\/wp.ull.es\\\/aenogas\\\/wp-content\\\/uploads\\\/sites\\\/90\\\/2021\\\/03\\\/Logotipo-Catedra.png\",\"contentUrl\":\"https:\\\/\\\/wp.ull.es\\\/aenogas\\\/wp-content\\\/uploads\\\/sites\\\/90\\\/2021\\\/03\\\/Logotipo-Catedra.png\",\"width\":300,\"height\":89,\"caption\":\"C\u00e1tedra de Agroturismo y Enoturismo de Canarias del Instituto Canario de Calidad Agroalimentaria y de la Universidad de La Laguna\"},\"image\":{\"@id\":\"https:\\\/\\\/wp.ull.es\\\/aenogas\\\/#\\\/schema\\\/logo\\\/image\\\/\"},\"sameAs\":[\"https:\\\/\\\/www.facebook.com\\\/enoturismoull\",\"https:\\\/\\\/x.com\\\/enoturismoull\",\"https:\\\/\\\/www.linkedin.com\\\/company\\\/40816665\\\/admin\\\/dashboard\\\/\"]},{\"@type\":\"Person\",\"@id\":\"https:\\\/\\\/wp.ull.es\\\/aenogas\\\/#\\\/schema\\\/person\\\/08dc3be5406aba55875ae5024a8e7426\",\"name\":\"aenogas\",\"image\":{\"@type\":\"ImageObject\",\"inLanguage\":\"es\",\"@id\":\"https:\\\/\\\/secure.gravatar.com\\\/avatar\\\/957f529db4c10409aeb4798f38d978d31a86852b0557feaaa15ada6691fe502f?s=96&d=mm&r=g\",\"url\":\"https:\\\/\\\/secure.gravatar.com\\\/avatar\\\/957f529db4c10409aeb4798f38d978d31a86852b0557feaaa15ada6691fe502f?s=96&d=mm&r=g\",\"contentUrl\":\"https:\\\/\\\/secure.gravatar.com\\\/avatar\\\/957f529db4c10409aeb4798f38d978d31a86852b0557feaaa15ada6691fe502f?s=96&d=mm&r=g\",\"caption\":\"aenogas\"},\"url\":\"https:\\\/\\\/wp.ull.es\\\/aenogas\\\/author\\\/aenogas\\\/\"}]}<\/script>\n<!-- \/ Yoast SEO plugin. -->","yoast_head_json":{"title":"Tres profesores de la Universidad de La Laguna entre los 150+influyentes en el sector tur\u00edstico de Espa\u00f1a - Enoturismo Canarias","robots":{"index":"index","follow":"follow","max-snippet":"max-snippet:-1","max-image-preview":"max-image-preview:large","max-video-preview":"max-video-preview:-1"},"canonical":"https:\/\/wp.ull.es\/aenogas\/2021\/05\/12\/tres-profesores-de-la-universidad-de-la-laguna-entre-los-150influyentes-en-el-sector-turistico-de-espana\/","og_locale":"es_ES","og_type":"article","og_title":"Tres profesores de la Universidad de La Laguna entre los 150+influyentes en el sector tur\u00edstico de Espa\u00f1a - Enoturismo Canarias","og_description":"Entre los 150+influyentes se encuentra nuestro director de la C\u00e1tedra de Agroturismo y Enoturismo de Canarias del Instituto Canario de Calidad Agroalimentaria y de la Universidad de La Laguna, Carlos Fern\u00e1ndez junto a los profesores de la ULL, Mois\u00e9s Simancas y Ra\u00fal Hern\u00e1ndez.Leer m\u00e1s \u203a","og_url":"https:\/\/wp.ull.es\/aenogas\/2021\/05\/12\/tres-profesores-de-la-universidad-de-la-laguna-entre-los-150influyentes-en-el-sector-turistico-de-espana\/","og_site_name":"Enoturismo Canarias","article_publisher":"https:\/\/www.facebook.com\/enoturismoull","article_published_time":"2021-05-12T12:52:00+00:00","article_modified_time":"2021-08-09T12:54:32+00:00","og_image":[{"width":1080,"height":675,"url":"https:\/\/wp.ull.es\/aenogas\/wp-content\/uploads\/sites\/90\/2021\/08\/50960359457_26470e7808_o-1080x675-1.jpg","type":"image\/jpeg"}],"author":"aenogas","twitter_card":"summary_large_image","twitter_creator":"@enoturismoull","twitter_site":"@enoturismoull","twitter_misc":{"Escrito por":"aenogas","Tiempo de lectura":"1 minuto"},"schema":{"@context":"https:\/\/schema.org","@graph":[{"@type":"Article","@id":"https:\/\/wp.ull.es\/aenogas\/2021\/05\/12\/tres-profesores-de-la-universidad-de-la-laguna-entre-los-150influyentes-en-el-sector-turistico-de-espana\/#article","isPartOf":{"@id":"https:\/\/wp.ull.es\/aenogas\/2021\/05\/12\/tres-profesores-de-la-universidad-de-la-laguna-entre-los-150influyentes-en-el-sector-turistico-de-espana\/"},"author":{"name":"aenogas","@id":"https:\/\/wp.ull.es\/aenogas\/#\/schema\/person\/08dc3be5406aba55875ae5024a8e7426"},"headline":"Tres profesores de la Universidad de La Laguna entre los 150+influyentes en el sector tur\u00edstico de Espa\u00f1a","datePublished":"2021-05-12T12:52:00+00:00","dateModified":"2021-08-09T12:54:32+00:00","mainEntityOfPage":{"@id":"https:\/\/wp.ull.es\/aenogas\/2021\/05\/12\/tres-profesores-de-la-universidad-de-la-laguna-entre-los-150influyentes-en-el-sector-turistico-de-espana\/"},"wordCount":256,"commentCount":0,"publisher":{"@id":"https:\/\/wp.ull.es\/aenogas\/#organization"},"image":{"@id":"https:\/\/wp.ull.es\/aenogas\/2021\/05\/12\/tres-profesores-de-la-universidad-de-la-laguna-entre-los-150influyentes-en-el-sector-turistico-de-espana\/#primaryimage"},"thumbnailUrl":"https:\/\/wp.ull.es\/aenogas\/wp-content\/uploads\/sites\/90\/2021\/08\/50960359457_26470e7808_o-1080x675-1.jpg","inLanguage":"es","potentialAction":[{"@type":"CommentAction","name":"Comment","target":["https:\/\/wp.ull.es\/aenogas\/2021\/05\/12\/tres-profesores-de-la-universidad-de-la-laguna-entre-los-150influyentes-en-el-sector-turistico-de-espana\/#respond"]}]},{"@type":"WebPage","@id":"https:\/\/wp.ull.es\/aenogas\/2021\/05\/12\/tres-profesores-de-la-universidad-de-la-laguna-entre-los-150influyentes-en-el-sector-turistico-de-espana\/","url":"https:\/\/wp.ull.es\/aenogas\/2021\/05\/12\/tres-profesores-de-la-universidad-de-la-laguna-entre-los-150influyentes-en-el-sector-turistico-de-espana\/","name":"Tres profesores de la Universidad de La Laguna entre los 150+influyentes en el sector tur\u00edstico de Espa\u00f1a - Enoturismo Canarias","isPartOf":{"@id":"https:\/\/wp.ull.es\/aenogas\/#website"},"primaryImageOfPage":{"@id":"https:\/\/wp.ull.es\/aenogas\/2021\/05\/12\/tres-profesores-de-la-universidad-de-la-laguna-entre-los-150influyentes-en-el-sector-turistico-de-espana\/#primaryimage"},"image":{"@id":"https:\/\/wp.ull.es\/aenogas\/2021\/05\/12\/tres-profesores-de-la-universidad-de-la-laguna-entre-los-150influyentes-en-el-sector-turistico-de-espana\/#primaryimage"},"thumbnailUrl":"https:\/\/wp.ull.es\/aenogas\/wp-content\/uploads\/sites\/90\/2021\/08\/50960359457_26470e7808_o-1080x675-1.jpg","datePublished":"2021-05-12T12:52:00+00:00","dateModified":"2021-08-09T12:54:32+00:00","breadcrumb":{"@id":"https:\/\/wp.ull.es\/aenogas\/2021\/05\/12\/tres-profesores-de-la-universidad-de-la-laguna-entre-los-150influyentes-en-el-sector-turistico-de-espana\/#breadcrumb"},"inLanguage":"es","potentialAction":[{"@type":"ReadAction","target":["https:\/\/wp.ull.es\/aenogas\/2021\/05\/12\/tres-profesores-de-la-universidad-de-la-laguna-entre-los-150influyentes-en-el-sector-turistico-de-espana\/"]}]},{"@type":"ImageObject","inLanguage":"es","@id":"https:\/\/wp.ull.es\/aenogas\/2021\/05\/12\/tres-profesores-de-la-universidad-de-la-laguna-entre-los-150influyentes-en-el-sector-turistico-de-espana\/#primaryimage","url":"https:\/\/wp.ull.es\/aenogas\/wp-content\/uploads\/sites\/90\/2021\/08\/50960359457_26470e7808_o-1080x675-1.jpg","contentUrl":"https:\/\/wp.ull.es\/aenogas\/wp-content\/uploads\/sites\/90\/2021\/08\/50960359457_26470e7808_o-1080x675-1.jpg","width":1080,"height":675},{"@type":"BreadcrumbList","@id":"https:\/\/wp.ull.es\/aenogas\/2021\/05\/12\/tres-profesores-de-la-universidad-de-la-laguna-entre-los-150influyentes-en-el-sector-turistico-de-espana\/#breadcrumb","itemListElement":[{"@type":"ListItem","position":1,"name":"Portada","item":"https:\/\/wp.ull.es\/aenogas\/"},{"@type":"ListItem","position":2,"name":"Tres profesores de la Universidad de La Laguna entre los 150+influyentes en el sector tur\u00edstico de Espa\u00f1a"}]},{"@type":"WebSite","@id":"https:\/\/wp.ull.es\/aenogas\/#website","url":"https:\/\/wp.ull.es\/aenogas\/","name":"Enoturismo Canarias","description":"C\u00e1tedra de Agroturismo y Enoturismo Instituto de Canario de Calidad Agroalimentaria","publisher":{"@id":"https:\/\/wp.ull.es\/aenogas\/#organization"},"potentialAction":[{"@type":"SearchAction","target":{"@type":"EntryPoint","urlTemplate":"https:\/\/wp.ull.es\/aenogas\/?s={search_term_string}"},"query-input":{"@type":"PropertyValueSpecification","valueRequired":true,"valueName":"search_term_string"}}],"inLanguage":"es"},{"@type":"Organization","@id":"https:\/\/wp.ull.es\/aenogas\/#organization","name":"C\u00e1tedra de Agroturismo y Enoturismo de Canarias del Instituto Canario de Calidad Agroalimentaria y de la Universidad de La Laguna","url":"https:\/\/wp.ull.es\/aenogas\/","logo":{"@type":"ImageObject","inLanguage":"es","@id":"https:\/\/wp.ull.es\/aenogas\/#\/schema\/logo\/image\/","url":"https:\/\/wp.ull.es\/aenogas\/wp-content\/uploads\/sites\/90\/2021\/03\/Logotipo-Catedra.png","contentUrl":"https:\/\/wp.ull.es\/aenogas\/wp-content\/uploads\/sites\/90\/2021\/03\/Logotipo-Catedra.png","width":300,"height":89,"caption":"C\u00e1tedra de Agroturismo y Enoturismo de Canarias del Instituto Canario de Calidad Agroalimentaria y de la Universidad de La Laguna"},"image":{"@id":"https:\/\/wp.ull.es\/aenogas\/#\/schema\/logo\/image\/"},"sameAs":["https:\/\/www.facebook.com\/enoturismoull","https:\/\/x.com\/enoturismoull","https:\/\/www.linkedin.com\/company\/40816665\/admin\/dashboard\/"]},{"@type":"Person","@id":"https:\/\/wp.ull.es\/aenogas\/#\/schema\/person\/08dc3be5406aba55875ae5024a8e7426","name":"aenogas","image":{"@type":"ImageObject","inLanguage":"es","@id":"https:\/\/secure.gravatar.com\/avatar\/957f529db4c10409aeb4798f38d978d31a86852b0557feaaa15ada6691fe502f?s=96&d=mm&r=g","url":"https:\/\/secure.gravatar.com\/avatar\/957f529db4c10409aeb4798f38d978d31a86852b0557feaaa15ada6691fe502f?s=96&d=mm&r=g","contentUrl":"https:\/\/secure.gravatar.com\/avatar\/957f529db4c10409aeb4798f38d978d31a86852b0557feaaa15ada6691fe502f?s=96&d=mm&r=g","caption":"aenogas"},"url":"https:\/\/wp.ull.es\/aenogas\/author\/aenogas\/"}]}},"_links":{"self":[{"href":"https:\/\/wp.ull.es\/aenogas\/wp-json\/wp\/v2\/posts\/1740","targetHints":{"allow":["GET"]}}],"collection":[{"href":"https:\/\/wp.ull.es\/aenogas\/wp-json\/wp\/v2\/posts"}],"about":[{"href":"https:\/\/wp.ull.es\/aenogas\/wp-json\/wp\/v2\/types\/post"}],"author":[{"embeddable":true,"href":"https:\/\/wp.ull.es\/aenogas\/wp-json\/wp\/v2\/users\/227"}],"replies":[{"embeddable":true,"href":"https:\/\/wp.ull.es\/aenogas\/wp-json\/wp\/v2\/comments?post=1740"}],"version-history":[{"count":1,"href":"https:\/\/wp.ull.es\/aenogas\/wp-json\/wp\/v2\/posts\/1740\/revisions"}],"predecessor-version":[{"id":1745,"href":"https:\/\/wp.ull.es\/aenogas\/wp-json\/wp\/v2\/posts\/1740\/revisions\/1745"}],"wp:featuredmedia":[{"embeddable":true,"href":"https:\/\/wp.ull.es\/aenogas\/wp-json\/wp\/v2\/media\/1741"}],"wp:attachment":[{"href":"https:\/\/wp.ull.es\/aenogas\/wp-json\/wp\/v2\/media?parent=1740"}],"wp:term":[{"taxonomy":"category","embeddable":true,"href":"https:\/\/wp.ull.es\/aenogas\/wp-json\/wp\/v2\/categories?post=1740"},{"taxonomy":"post_tag","embeddable":true,"href":"https:\/\/wp.ull.es\/aenogas\/wp-json\/wp\/v2\/tags?post=1740"}],"curies":[{"name":"wp","href":"https:\/\/api.w.org\/{rel}","templated":true}]}}