{"id":1718,"date":"2021-05-22T12:47:00","date_gmt":"2021-05-22T12:47:00","guid":{"rendered":"https:\/\/wp.ull.es\/aenogas\/?p=1718"},"modified":"2021-08-09T12:48:41","modified_gmt":"2021-08-09T12:48:41","slug":"fuerteventura-se-acerca-a-la-innovacion-enoturistica","status":"publish","type":"post","link":"https:\/\/wp.ull.es\/aenogas\/2021\/05\/22\/fuerteventura-se-acerca-a-la-innovacion-enoturistica\/","title":{"rendered":"Fuerteventura se acerca a la innovaci\u00f3n enotur\u00edstica"},"content":{"rendered":"\n<p><strong>La importancia de la aplicaci\u00f3n de la innovaci\u00f3n no puede dar por hecho que olvidemos la tradicionalidad vitivin\u00edcola<\/strong><\/p>\n\n\n\n<p>El Palacio de Formaci\u00f3n y Congresos de Fuerteventura ha acogido el pasado jueves el taller de acercamiento a la innovaci\u00f3n enotur\u00edstica promovido conjuntamente por la C\u00e1tedra de Agroturismo y Enoturismo de Canarias del Instituto Canario de Calidad Agroalimentaria y de la Universidad de La Laguna, el Cl\u00faster de Enoturismo de Canarias y con la colaboraci\u00f3n del \u00c1rea de Agricultura del Cabildo de Fuerteventura.<\/p>\n\n\n\n<p>El objeto de esta iniciativa ha sido poner en com\u00fan como el enoturismo es una herramienta diversificadora y complementaria para el territorio en el \u00e1mbito del emprendimiento, la tecnolog\u00eda y la innovaci\u00f3n, a trav\u00e9s de la confluencia de colaboraciones en red.<\/p>\n\n\n\n<p>\u201cFuerteventura tiene todas las oportunidades que se pueden aportar un territorio al sector del turismo gastron\u00f3mico\u201d ha asegurado la periodista y ponente del taller Mar\u00eda Valdivia. Asimismo, ha se\u00f1alado la importancia de la aplicaci\u00f3n de la innovaci\u00f3n no puede dar por hecho que olvidemos la tradicionalidad vitivin\u00edcola.<\/p>\n\n\n\n<p>En este camino los retos principales de las bodegas en el archipi\u00e9lago es la comercializaci\u00f3n de la oferta enotur\u00edstica implementando un marketing de valor que mantenga una relaci\u00f3n constante con el cliente con el fin de conseguir su fidelizaci\u00f3n, ha explicado por su parte el subdirector de la C\u00e1tedra Gabriel Santos a las personas asistentes al taller, entre las que se encontraban emprendedores vitivin\u00edcolas, y agrotur\u00edsticos, as\u00ed como profesionales tur\u00edsticos.<\/p>\n\n\n\n<p>Santos asegur\u00f3 que Fuerteventura tiene por delante la identificaci\u00f3n de retos y la b\u00fasqueda de soluciones innovadoras y sostenibles que permitan el desarrollo de proyectos que a\u00fanan la actividad tur\u00edstica y el sector primario con el fin de generar riqueza econ\u00f3mica para la isla.<\/p>\n\n\n\n<p><strong>PLAN DE FORMACI\u00d3N PARA PROFESIONALES Y EMPRESAS DE SERVICIOS TUR\u00cdSTICOS Y BODEGAS DEL ARCHIPI\u00c9LAGO<\/strong><\/p>\n\n\n\n<p>El mes de junio Gran Canaria contar\u00e1 con dos talleres,&nbsp;Transformaci\u00f3n Digital de Enoturismo en Canarias el d\u00eda 3, e Ingl\u00e9s enoturismo para visitas en Bodega los d\u00edas 17 y 18, y la isla de La Gomera el d\u00eda 1 de julio con el taller&nbsp;Brand Management &#8211; Postura de Marca para las Bodegas, finalizando esta primera fase del plan de formaci\u00f3n promovido por el Cl\u00faster de Enoturismo de Canarias que cuenta con el apoyo acad\u00e9mico y t\u00e9cnico de la C\u00e1tedra de Agroturismo y Enoturismo del Instituto Canario de Calidad Agroalimentaria y la Universidad de La Laguna.<\/p>\n\n\n\n<p>Los profesionales interesados podr\u00e1n acceder a m\u00e1s informaci\u00f3n y matricularse en la web del Cl\u00faster\u00a0<a rel=\"noreferrer noopener\" href=\"https:\/\/sgnldrp.live\/click?redirect=http%3A%2F%2Fwww.enoturismodecanarias.com&amp;dID=1621677712134\" target=\"_blank\"><\/a><a rel=\"noreferrer noopener\" href=\"https:\/\/sgnldrp.live\/click?redirect=http%3A%2F%2Fwww.enoturismodecanarias.com&amp;dID=1621677712134&amp;linkName=www.enoturismodecanarias.com\" target=\"_blank\">www.enoturismodecanarias.com<\/a>\u00a0o en la web de la C\u00e1tedra\u00a0<a rel=\"noreferrer noopener\" href=\"https:\/\/sgnldrp.live\/click?redirect=http%3A%2F%2Fwww.gestionenoturistica.com&amp;dID=1621677712134\" target=\"_blank\"><\/a><a rel=\"noreferrer noopener\" href=\"https:\/\/sgnldrp.live\/click?redirect=http%3A%2F%2Fwww.gestionenoturistica.com&amp;dID=1621677712134&amp;linkName=www.gestionenoturistica.com\" target=\"_blank\">www.gestionenoturistica.com<\/a><\/p>\n\n\n\n<figure class=\"wp-block-gallery columns-1 is-cropped wp-block-gallery-1 is-layout-flex wp-block-gallery-is-layout-flex\"><ul class=\"blocks-gallery-grid\"><li class=\"blocks-gallery-item\"><figure><img fetchpriority=\"high\" decoding=\"async\" width=\"1024\" height=\"683\" src=\"https:\/\/wp.ull.es\/aenogas\/wp-content\/uploads\/sites\/90\/2021\/08\/Imagen-2-1024x683-1.jpg\" alt=\"\" data-id=\"1720\" data-full-url=\"https:\/\/wp.ull.es\/aenogas\/wp-content\/uploads\/sites\/90\/2021\/08\/Imagen-2-1024x683-1.jpg\" data-link=\"https:\/\/wp.ull.es\/aenogas\/?attachment_id=1720\" class=\"wp-image-1720\" srcset=\"https:\/\/wp.ull.es\/aenogas\/wp-content\/uploads\/sites\/90\/2021\/08\/Imagen-2-1024x683-1.jpg 1024w, https:\/\/wp.ull.es\/aenogas\/wp-content\/uploads\/sites\/90\/2021\/08\/Imagen-2-1024x683-1-300x200.jpg 300w, https:\/\/wp.ull.es\/aenogas\/wp-content\/uploads\/sites\/90\/2021\/08\/Imagen-2-1024x683-1-768x512.jpg 768w, https:\/\/wp.ull.es\/aenogas\/wp-content\/uploads\/sites\/90\/2021\/08\/Imagen-2-1024x683-1-100x67.jpg 100w, https:\/\/wp.ull.es\/aenogas\/wp-content\/uploads\/sites\/90\/2021\/08\/Imagen-2-1024x683-1-150x100.jpg 150w, https:\/\/wp.ull.es\/aenogas\/wp-content\/uploads\/sites\/90\/2021\/08\/Imagen-2-1024x683-1-200x133.jpg 200w, https:\/\/wp.ull.es\/aenogas\/wp-content\/uploads\/sites\/90\/2021\/08\/Imagen-2-1024x683-1-450x300.jpg 450w, https:\/\/wp.ull.es\/aenogas\/wp-content\/uploads\/sites\/90\/2021\/08\/Imagen-2-1024x683-1-600x400.jpg 600w, https:\/\/wp.ull.es\/aenogas\/wp-content\/uploads\/sites\/90\/2021\/08\/Imagen-2-1024x683-1-900x600.jpg 900w\" sizes=\"(max-width: 1024px) 100vw, 1024px\" \/><\/figure><\/li><li class=\"blocks-gallery-item\"><figure><img decoding=\"async\" width=\"1024\" height=\"683\" src=\"https:\/\/wp.ull.es\/aenogas\/wp-content\/uploads\/sites\/90\/2021\/08\/Imagen-4-1024x683-1.jpg\" alt=\"\" data-id=\"1721\" data-full-url=\"https:\/\/wp.ull.es\/aenogas\/wp-content\/uploads\/sites\/90\/2021\/08\/Imagen-4-1024x683-1.jpg\" data-link=\"https:\/\/wp.ull.es\/aenogas\/?attachment_id=1721\" class=\"wp-image-1721\" srcset=\"https:\/\/wp.ull.es\/aenogas\/wp-content\/uploads\/sites\/90\/2021\/08\/Imagen-4-1024x683-1.jpg 1024w, https:\/\/wp.ull.es\/aenogas\/wp-content\/uploads\/sites\/90\/2021\/08\/Imagen-4-1024x683-1-300x200.jpg 300w, https:\/\/wp.ull.es\/aenogas\/wp-content\/uploads\/sites\/90\/2021\/08\/Imagen-4-1024x683-1-768x512.jpg 768w, https:\/\/wp.ull.es\/aenogas\/wp-content\/uploads\/sites\/90\/2021\/08\/Imagen-4-1024x683-1-100x67.jpg 100w, https:\/\/wp.ull.es\/aenogas\/wp-content\/uploads\/sites\/90\/2021\/08\/Imagen-4-1024x683-1-150x100.jpg 150w, https:\/\/wp.ull.es\/aenogas\/wp-content\/uploads\/sites\/90\/2021\/08\/Imagen-4-1024x683-1-200x133.jpg 200w, https:\/\/wp.ull.es\/aenogas\/wp-content\/uploads\/sites\/90\/2021\/08\/Imagen-4-1024x683-1-450x300.jpg 450w, https:\/\/wp.ull.es\/aenogas\/wp-content\/uploads\/sites\/90\/2021\/08\/Imagen-4-1024x683-1-600x400.jpg 600w, https:\/\/wp.ull.es\/aenogas\/wp-content\/uploads\/sites\/90\/2021\/08\/Imagen-4-1024x683-1-900x600.jpg 900w\" sizes=\"(max-width: 1024px) 100vw, 1024px\" \/><\/figure><\/li><li class=\"blocks-gallery-item\"><figure><img decoding=\"async\" width=\"1024\" height=\"683\" src=\"https:\/\/wp.ull.es\/aenogas\/wp-content\/uploads\/sites\/90\/2021\/08\/Imagen-3-1024x683-1.jpg\" alt=\"\" data-id=\"1722\" data-full-url=\"https:\/\/wp.ull.es\/aenogas\/wp-content\/uploads\/sites\/90\/2021\/08\/Imagen-3-1024x683-1.jpg\" data-link=\"https:\/\/wp.ull.es\/aenogas\/?attachment_id=1722\" class=\"wp-image-1722\" srcset=\"https:\/\/wp.ull.es\/aenogas\/wp-content\/uploads\/sites\/90\/2021\/08\/Imagen-3-1024x683-1.jpg 1024w, https:\/\/wp.ull.es\/aenogas\/wp-content\/uploads\/sites\/90\/2021\/08\/Imagen-3-1024x683-1-300x200.jpg 300w, https:\/\/wp.ull.es\/aenogas\/wp-content\/uploads\/sites\/90\/2021\/08\/Imagen-3-1024x683-1-768x512.jpg 768w, https:\/\/wp.ull.es\/aenogas\/wp-content\/uploads\/sites\/90\/2021\/08\/Imagen-3-1024x683-1-100x67.jpg 100w, https:\/\/wp.ull.es\/aenogas\/wp-content\/uploads\/sites\/90\/2021\/08\/Imagen-3-1024x683-1-150x100.jpg 150w, https:\/\/wp.ull.es\/aenogas\/wp-content\/uploads\/sites\/90\/2021\/08\/Imagen-3-1024x683-1-200x133.jpg 200w, https:\/\/wp.ull.es\/aenogas\/wp-content\/uploads\/sites\/90\/2021\/08\/Imagen-3-1024x683-1-450x300.jpg 450w, https:\/\/wp.ull.es\/aenogas\/wp-content\/uploads\/sites\/90\/2021\/08\/Imagen-3-1024x683-1-600x400.jpg 600w, https:\/\/wp.ull.es\/aenogas\/wp-content\/uploads\/sites\/90\/2021\/08\/Imagen-3-1024x683-1-900x600.jpg 900w\" sizes=\"(max-width: 1024px) 100vw, 1024px\" \/><\/figure><\/li><\/ul><\/figure>\n","protected":false},"excerpt":{"rendered":"<p>El Palacio de Formaci\u00f3n y Congresos de Fuerteventura ha acogido el pasado jueves el taller de acercamiento a la innovaci\u00f3n enotur\u00edstica promovido conjuntamente por la C\u00e1tedra de Agroturismo y Enoturismo de Canarias del Instituto Canario de Calidad Agroalimentaria y de la Universidad de La Laguna, el Cl\u00faster de Enoturismo de Canarias y con la colaboraci\u00f3n del \u00c1rea de Agricultura del Cabildo de Fuerteventura.<\/p>\n<div class=\"read-more\"><a href=\"https:\/\/wp.ull.es\/aenogas\/2021\/05\/22\/fuerteventura-se-acerca-a-la-innovacion-enoturistica\/\">Leer m\u00e1s \u203a<\/a><\/div>\n<p><!-- end of .read-more --><\/p>\n","protected":false},"author":227,"featured_media":1719,"comment_status":"open","ping_status":"open","sticky":false,"template":"","format":"standard","meta":{"footnotes":""},"categories":[1],"tags":[],"class_list":["post-1718","post","type-post","status-publish","format-standard","has-post-thumbnail","hentry","category-sin-categoria"],"yoast_head":"<!-- This site is optimized with the Yoast SEO plugin v27.4 - https:\/\/yoast.com\/product\/yoast-seo-wordpress\/ -->\n<title>Fuerteventura se acerca a la innovaci\u00f3n enotur\u00edstica - Enoturismo Canarias<\/title>\n<meta name=\"robots\" content=\"index, follow, max-snippet:-1, max-image-preview:large, max-video-preview:-1\" \/>\n<link rel=\"canonical\" href=\"https:\/\/wp.ull.es\/aenogas\/2021\/05\/22\/fuerteventura-se-acerca-a-la-innovacion-enoturistica\/\" \/>\n<meta property=\"og:locale\" content=\"es_ES\" \/>\n<meta property=\"og:type\" content=\"article\" \/>\n<meta property=\"og:title\" content=\"Fuerteventura se acerca a la innovaci\u00f3n enotur\u00edstica - Enoturismo Canarias\" \/>\n<meta property=\"og:description\" content=\"El Palacio de Formaci\u00f3n y Congresos de Fuerteventura ha acogido el pasado jueves el taller de acercamiento a la innovaci\u00f3n enotur\u00edstica promovido conjuntamente por la C\u00e1tedra de Agroturismo y Enoturismo de Canarias del Instituto Canario de Calidad Agroalimentaria y de la Universidad de La Laguna, el Cl\u00faster de Enoturismo de Canarias y con la colaboraci\u00f3n del \u00c1rea de Agricultura del Cabildo de Fuerteventura.Leer m\u00e1s \u203a\" \/>\n<meta property=\"og:url\" content=\"https:\/\/wp.ull.es\/aenogas\/2021\/05\/22\/fuerteventura-se-acerca-a-la-innovacion-enoturistica\/\" \/>\n<meta property=\"og:site_name\" content=\"Enoturismo Canarias\" \/>\n<meta property=\"article:publisher\" content=\"https:\/\/www.facebook.com\/enoturismoull\" \/>\n<meta property=\"article:published_time\" content=\"2021-05-22T12:47:00+00:00\" \/>\n<meta property=\"article:modified_time\" content=\"2021-08-09T12:48:41+00:00\" \/>\n<meta property=\"og:image\" content=\"https:\/\/wp.ull.es\/aenogas\/wp-content\/uploads\/sites\/90\/2021\/08\/Imagen-1-1080x675-1.jpg\" \/>\n\t<meta property=\"og:image:width\" content=\"1080\" \/>\n\t<meta property=\"og:image:height\" content=\"675\" \/>\n\t<meta property=\"og:image:type\" content=\"image\/jpeg\" \/>\n<meta name=\"author\" content=\"aenogas\" \/>\n<meta name=\"twitter:card\" content=\"summary_large_image\" \/>\n<meta name=\"twitter:creator\" content=\"@enoturismoull\" \/>\n<meta name=\"twitter:site\" content=\"@enoturismoull\" \/>\n<meta name=\"twitter:label1\" content=\"Escrito por\" \/>\n\t<meta name=\"twitter:data1\" content=\"aenogas\" \/>\n\t<meta name=\"twitter:label2\" content=\"Tiempo de lectura\" \/>\n\t<meta name=\"twitter:data2\" content=\"2 minutos\" \/>\n<script type=\"application\/ld+json\" class=\"yoast-schema-graph\">{\"@context\":\"https:\\\/\\\/schema.org\",\"@graph\":[{\"@type\":\"Article\",\"@id\":\"https:\\\/\\\/wp.ull.es\\\/aenogas\\\/2021\\\/05\\\/22\\\/fuerteventura-se-acerca-a-la-innovacion-enoturistica\\\/#article\",\"isPartOf\":{\"@id\":\"https:\\\/\\\/wp.ull.es\\\/aenogas\\\/2021\\\/05\\\/22\\\/fuerteventura-se-acerca-a-la-innovacion-enoturistica\\\/\"},\"author\":{\"name\":\"aenogas\",\"@id\":\"https:\\\/\\\/wp.ull.es\\\/aenogas\\\/#\\\/schema\\\/person\\\/08dc3be5406aba55875ae5024a8e7426\"},\"headline\":\"Fuerteventura se acerca a la innovaci\u00f3n enotur\u00edstica\",\"datePublished\":\"2021-05-22T12:47:00+00:00\",\"dateModified\":\"2021-08-09T12:48:41+00:00\",\"mainEntityOfPage\":{\"@id\":\"https:\\\/\\\/wp.ull.es\\\/aenogas\\\/2021\\\/05\\\/22\\\/fuerteventura-se-acerca-a-la-innovacion-enoturistica\\\/\"},\"wordCount\":480,\"commentCount\":0,\"publisher\":{\"@id\":\"https:\\\/\\\/wp.ull.es\\\/aenogas\\\/#organization\"},\"image\":{\"@id\":\"https:\\\/\\\/wp.ull.es\\\/aenogas\\\/2021\\\/05\\\/22\\\/fuerteventura-se-acerca-a-la-innovacion-enoturistica\\\/#primaryimage\"},\"thumbnailUrl\":\"https:\\\/\\\/wp.ull.es\\\/aenogas\\\/wp-content\\\/uploads\\\/sites\\\/90\\\/2021\\\/08\\\/Imagen-1-1080x675-1.jpg\",\"inLanguage\":\"es\",\"potentialAction\":[{\"@type\":\"CommentAction\",\"name\":\"Comment\",\"target\":[\"https:\\\/\\\/wp.ull.es\\\/aenogas\\\/2021\\\/05\\\/22\\\/fuerteventura-se-acerca-a-la-innovacion-enoturistica\\\/#respond\"]}]},{\"@type\":\"WebPage\",\"@id\":\"https:\\\/\\\/wp.ull.es\\\/aenogas\\\/2021\\\/05\\\/22\\\/fuerteventura-se-acerca-a-la-innovacion-enoturistica\\\/\",\"url\":\"https:\\\/\\\/wp.ull.es\\\/aenogas\\\/2021\\\/05\\\/22\\\/fuerteventura-se-acerca-a-la-innovacion-enoturistica\\\/\",\"name\":\"Fuerteventura se acerca a la innovaci\u00f3n enotur\u00edstica - Enoturismo Canarias\",\"isPartOf\":{\"@id\":\"https:\\\/\\\/wp.ull.es\\\/aenogas\\\/#website\"},\"primaryImageOfPage\":{\"@id\":\"https:\\\/\\\/wp.ull.es\\\/aenogas\\\/2021\\\/05\\\/22\\\/fuerteventura-se-acerca-a-la-innovacion-enoturistica\\\/#primaryimage\"},\"image\":{\"@id\":\"https:\\\/\\\/wp.ull.es\\\/aenogas\\\/2021\\\/05\\\/22\\\/fuerteventura-se-acerca-a-la-innovacion-enoturistica\\\/#primaryimage\"},\"thumbnailUrl\":\"https:\\\/\\\/wp.ull.es\\\/aenogas\\\/wp-content\\\/uploads\\\/sites\\\/90\\\/2021\\\/08\\\/Imagen-1-1080x675-1.jpg\",\"datePublished\":\"2021-05-22T12:47:00+00:00\",\"dateModified\":\"2021-08-09T12:48:41+00:00\",\"breadcrumb\":{\"@id\":\"https:\\\/\\\/wp.ull.es\\\/aenogas\\\/2021\\\/05\\\/22\\\/fuerteventura-se-acerca-a-la-innovacion-enoturistica\\\/#breadcrumb\"},\"inLanguage\":\"es\",\"potentialAction\":[{\"@type\":\"ReadAction\",\"target\":[\"https:\\\/\\\/wp.ull.es\\\/aenogas\\\/2021\\\/05\\\/22\\\/fuerteventura-se-acerca-a-la-innovacion-enoturistica\\\/\"]}]},{\"@type\":\"ImageObject\",\"inLanguage\":\"es\",\"@id\":\"https:\\\/\\\/wp.ull.es\\\/aenogas\\\/2021\\\/05\\\/22\\\/fuerteventura-se-acerca-a-la-innovacion-enoturistica\\\/#primaryimage\",\"url\":\"https:\\\/\\\/wp.ull.es\\\/aenogas\\\/wp-content\\\/uploads\\\/sites\\\/90\\\/2021\\\/08\\\/Imagen-1-1080x675-1.jpg\",\"contentUrl\":\"https:\\\/\\\/wp.ull.es\\\/aenogas\\\/wp-content\\\/uploads\\\/sites\\\/90\\\/2021\\\/08\\\/Imagen-1-1080x675-1.jpg\",\"width\":1080,\"height\":675},{\"@type\":\"BreadcrumbList\",\"@id\":\"https:\\\/\\\/wp.ull.es\\\/aenogas\\\/2021\\\/05\\\/22\\\/fuerteventura-se-acerca-a-la-innovacion-enoturistica\\\/#breadcrumb\",\"itemListElement\":[{\"@type\":\"ListItem\",\"position\":1,\"name\":\"Portada\",\"item\":\"https:\\\/\\\/wp.ull.es\\\/aenogas\\\/\"},{\"@type\":\"ListItem\",\"position\":2,\"name\":\"Fuerteventura se acerca a la innovaci\u00f3n enotur\u00edstica\"}]},{\"@type\":\"WebSite\",\"@id\":\"https:\\\/\\\/wp.ull.es\\\/aenogas\\\/#website\",\"url\":\"https:\\\/\\\/wp.ull.es\\\/aenogas\\\/\",\"name\":\"Enoturismo Canarias\",\"description\":\"C\u00e1tedra de Agroturismo y Enoturismo Instituto de Canario de Calidad Agroalimentaria\",\"publisher\":{\"@id\":\"https:\\\/\\\/wp.ull.es\\\/aenogas\\\/#organization\"},\"potentialAction\":[{\"@type\":\"SearchAction\",\"target\":{\"@type\":\"EntryPoint\",\"urlTemplate\":\"https:\\\/\\\/wp.ull.es\\\/aenogas\\\/?s={search_term_string}\"},\"query-input\":{\"@type\":\"PropertyValueSpecification\",\"valueRequired\":true,\"valueName\":\"search_term_string\"}}],\"inLanguage\":\"es\"},{\"@type\":\"Organization\",\"@id\":\"https:\\\/\\\/wp.ull.es\\\/aenogas\\\/#organization\",\"name\":\"C\u00e1tedra de Agroturismo y Enoturismo de Canarias del Instituto Canario de Calidad Agroalimentaria y de la Universidad de La Laguna\",\"url\":\"https:\\\/\\\/wp.ull.es\\\/aenogas\\\/\",\"logo\":{\"@type\":\"ImageObject\",\"inLanguage\":\"es\",\"@id\":\"https:\\\/\\\/wp.ull.es\\\/aenogas\\\/#\\\/schema\\\/logo\\\/image\\\/\",\"url\":\"https:\\\/\\\/wp.ull.es\\\/aenogas\\\/wp-content\\\/uploads\\\/sites\\\/90\\\/2021\\\/03\\\/Logotipo-Catedra.png\",\"contentUrl\":\"https:\\\/\\\/wp.ull.es\\\/aenogas\\\/wp-content\\\/uploads\\\/sites\\\/90\\\/2021\\\/03\\\/Logotipo-Catedra.png\",\"width\":300,\"height\":89,\"caption\":\"C\u00e1tedra de Agroturismo y Enoturismo de Canarias del Instituto Canario de Calidad Agroalimentaria y de la Universidad de La Laguna\"},\"image\":{\"@id\":\"https:\\\/\\\/wp.ull.es\\\/aenogas\\\/#\\\/schema\\\/logo\\\/image\\\/\"},\"sameAs\":[\"https:\\\/\\\/www.facebook.com\\\/enoturismoull\",\"https:\\\/\\\/x.com\\\/enoturismoull\",\"https:\\\/\\\/www.linkedin.com\\\/company\\\/40816665\\\/admin\\\/dashboard\\\/\"]},{\"@type\":\"Person\",\"@id\":\"https:\\\/\\\/wp.ull.es\\\/aenogas\\\/#\\\/schema\\\/person\\\/08dc3be5406aba55875ae5024a8e7426\",\"name\":\"aenogas\",\"image\":{\"@type\":\"ImageObject\",\"inLanguage\":\"es\",\"@id\":\"https:\\\/\\\/secure.gravatar.com\\\/avatar\\\/957f529db4c10409aeb4798f38d978d31a86852b0557feaaa15ada6691fe502f?s=96&d=mm&r=g\",\"url\":\"https:\\\/\\\/secure.gravatar.com\\\/avatar\\\/957f529db4c10409aeb4798f38d978d31a86852b0557feaaa15ada6691fe502f?s=96&d=mm&r=g\",\"contentUrl\":\"https:\\\/\\\/secure.gravatar.com\\\/avatar\\\/957f529db4c10409aeb4798f38d978d31a86852b0557feaaa15ada6691fe502f?s=96&d=mm&r=g\",\"caption\":\"aenogas\"},\"url\":\"https:\\\/\\\/wp.ull.es\\\/aenogas\\\/author\\\/aenogas\\\/\"}]}<\/script>\n<!-- \/ Yoast SEO plugin. -->","yoast_head_json":{"title":"Fuerteventura se acerca a la innovaci\u00f3n enotur\u00edstica - Enoturismo Canarias","robots":{"index":"index","follow":"follow","max-snippet":"max-snippet:-1","max-image-preview":"max-image-preview:large","max-video-preview":"max-video-preview:-1"},"canonical":"https:\/\/wp.ull.es\/aenogas\/2021\/05\/22\/fuerteventura-se-acerca-a-la-innovacion-enoturistica\/","og_locale":"es_ES","og_type":"article","og_title":"Fuerteventura se acerca a la innovaci\u00f3n enotur\u00edstica - Enoturismo Canarias","og_description":"El Palacio de Formaci\u00f3n y Congresos de Fuerteventura ha acogido el pasado jueves el taller de acercamiento a la innovaci\u00f3n enotur\u00edstica promovido conjuntamente por la C\u00e1tedra de Agroturismo y Enoturismo de Canarias del Instituto Canario de Calidad Agroalimentaria y de la Universidad de La Laguna, el Cl\u00faster de Enoturismo de Canarias y con la colaboraci\u00f3n del \u00c1rea de Agricultura del Cabildo de Fuerteventura.Leer m\u00e1s \u203a","og_url":"https:\/\/wp.ull.es\/aenogas\/2021\/05\/22\/fuerteventura-se-acerca-a-la-innovacion-enoturistica\/","og_site_name":"Enoturismo Canarias","article_publisher":"https:\/\/www.facebook.com\/enoturismoull","article_published_time":"2021-05-22T12:47:00+00:00","article_modified_time":"2021-08-09T12:48:41+00:00","og_image":[{"width":1080,"height":675,"url":"https:\/\/wp.ull.es\/aenogas\/wp-content\/uploads\/sites\/90\/2021\/08\/Imagen-1-1080x675-1.jpg","type":"image\/jpeg"}],"author":"aenogas","twitter_card":"summary_large_image","twitter_creator":"@enoturismoull","twitter_site":"@enoturismoull","twitter_misc":{"Escrito por":"aenogas","Tiempo de lectura":"2 minutos"},"schema":{"@context":"https:\/\/schema.org","@graph":[{"@type":"Article","@id":"https:\/\/wp.ull.es\/aenogas\/2021\/05\/22\/fuerteventura-se-acerca-a-la-innovacion-enoturistica\/#article","isPartOf":{"@id":"https:\/\/wp.ull.es\/aenogas\/2021\/05\/22\/fuerteventura-se-acerca-a-la-innovacion-enoturistica\/"},"author":{"name":"aenogas","@id":"https:\/\/wp.ull.es\/aenogas\/#\/schema\/person\/08dc3be5406aba55875ae5024a8e7426"},"headline":"Fuerteventura se acerca a la innovaci\u00f3n enotur\u00edstica","datePublished":"2021-05-22T12:47:00+00:00","dateModified":"2021-08-09T12:48:41+00:00","mainEntityOfPage":{"@id":"https:\/\/wp.ull.es\/aenogas\/2021\/05\/22\/fuerteventura-se-acerca-a-la-innovacion-enoturistica\/"},"wordCount":480,"commentCount":0,"publisher":{"@id":"https:\/\/wp.ull.es\/aenogas\/#organization"},"image":{"@id":"https:\/\/wp.ull.es\/aenogas\/2021\/05\/22\/fuerteventura-se-acerca-a-la-innovacion-enoturistica\/#primaryimage"},"thumbnailUrl":"https:\/\/wp.ull.es\/aenogas\/wp-content\/uploads\/sites\/90\/2021\/08\/Imagen-1-1080x675-1.jpg","inLanguage":"es","potentialAction":[{"@type":"CommentAction","name":"Comment","target":["https:\/\/wp.ull.es\/aenogas\/2021\/05\/22\/fuerteventura-se-acerca-a-la-innovacion-enoturistica\/#respond"]}]},{"@type":"WebPage","@id":"https:\/\/wp.ull.es\/aenogas\/2021\/05\/22\/fuerteventura-se-acerca-a-la-innovacion-enoturistica\/","url":"https:\/\/wp.ull.es\/aenogas\/2021\/05\/22\/fuerteventura-se-acerca-a-la-innovacion-enoturistica\/","name":"Fuerteventura se acerca a la innovaci\u00f3n enotur\u00edstica - Enoturismo Canarias","isPartOf":{"@id":"https:\/\/wp.ull.es\/aenogas\/#website"},"primaryImageOfPage":{"@id":"https:\/\/wp.ull.es\/aenogas\/2021\/05\/22\/fuerteventura-se-acerca-a-la-innovacion-enoturistica\/#primaryimage"},"image":{"@id":"https:\/\/wp.ull.es\/aenogas\/2021\/05\/22\/fuerteventura-se-acerca-a-la-innovacion-enoturistica\/#primaryimage"},"thumbnailUrl":"https:\/\/wp.ull.es\/aenogas\/wp-content\/uploads\/sites\/90\/2021\/08\/Imagen-1-1080x675-1.jpg","datePublished":"2021-05-22T12:47:00+00:00","dateModified":"2021-08-09T12:48:41+00:00","breadcrumb":{"@id":"https:\/\/wp.ull.es\/aenogas\/2021\/05\/22\/fuerteventura-se-acerca-a-la-innovacion-enoturistica\/#breadcrumb"},"inLanguage":"es","potentialAction":[{"@type":"ReadAction","target":["https:\/\/wp.ull.es\/aenogas\/2021\/05\/22\/fuerteventura-se-acerca-a-la-innovacion-enoturistica\/"]}]},{"@type":"ImageObject","inLanguage":"es","@id":"https:\/\/wp.ull.es\/aenogas\/2021\/05\/22\/fuerteventura-se-acerca-a-la-innovacion-enoturistica\/#primaryimage","url":"https:\/\/wp.ull.es\/aenogas\/wp-content\/uploads\/sites\/90\/2021\/08\/Imagen-1-1080x675-1.jpg","contentUrl":"https:\/\/wp.ull.es\/aenogas\/wp-content\/uploads\/sites\/90\/2021\/08\/Imagen-1-1080x675-1.jpg","width":1080,"height":675},{"@type":"BreadcrumbList","@id":"https:\/\/wp.ull.es\/aenogas\/2021\/05\/22\/fuerteventura-se-acerca-a-la-innovacion-enoturistica\/#breadcrumb","itemListElement":[{"@type":"ListItem","position":1,"name":"Portada","item":"https:\/\/wp.ull.es\/aenogas\/"},{"@type":"ListItem","position":2,"name":"Fuerteventura se acerca a la innovaci\u00f3n enotur\u00edstica"}]},{"@type":"WebSite","@id":"https:\/\/wp.ull.es\/aenogas\/#website","url":"https:\/\/wp.ull.es\/aenogas\/","name":"Enoturismo Canarias","description":"C\u00e1tedra de Agroturismo y Enoturismo Instituto de Canario de Calidad Agroalimentaria","publisher":{"@id":"https:\/\/wp.ull.es\/aenogas\/#organization"},"potentialAction":[{"@type":"SearchAction","target":{"@type":"EntryPoint","urlTemplate":"https:\/\/wp.ull.es\/aenogas\/?s={search_term_string}"},"query-input":{"@type":"PropertyValueSpecification","valueRequired":true,"valueName":"search_term_string"}}],"inLanguage":"es"},{"@type":"Organization","@id":"https:\/\/wp.ull.es\/aenogas\/#organization","name":"C\u00e1tedra de Agroturismo y Enoturismo de Canarias del Instituto Canario de Calidad Agroalimentaria y de la Universidad de La Laguna","url":"https:\/\/wp.ull.es\/aenogas\/","logo":{"@type":"ImageObject","inLanguage":"es","@id":"https:\/\/wp.ull.es\/aenogas\/#\/schema\/logo\/image\/","url":"https:\/\/wp.ull.es\/aenogas\/wp-content\/uploads\/sites\/90\/2021\/03\/Logotipo-Catedra.png","contentUrl":"https:\/\/wp.ull.es\/aenogas\/wp-content\/uploads\/sites\/90\/2021\/03\/Logotipo-Catedra.png","width":300,"height":89,"caption":"C\u00e1tedra de Agroturismo y Enoturismo de Canarias del Instituto Canario de Calidad Agroalimentaria y de la Universidad de La Laguna"},"image":{"@id":"https:\/\/wp.ull.es\/aenogas\/#\/schema\/logo\/image\/"},"sameAs":["https:\/\/www.facebook.com\/enoturismoull","https:\/\/x.com\/enoturismoull","https:\/\/www.linkedin.com\/company\/40816665\/admin\/dashboard\/"]},{"@type":"Person","@id":"https:\/\/wp.ull.es\/aenogas\/#\/schema\/person\/08dc3be5406aba55875ae5024a8e7426","name":"aenogas","image":{"@type":"ImageObject","inLanguage":"es","@id":"https:\/\/secure.gravatar.com\/avatar\/957f529db4c10409aeb4798f38d978d31a86852b0557feaaa15ada6691fe502f?s=96&d=mm&r=g","url":"https:\/\/secure.gravatar.com\/avatar\/957f529db4c10409aeb4798f38d978d31a86852b0557feaaa15ada6691fe502f?s=96&d=mm&r=g","contentUrl":"https:\/\/secure.gravatar.com\/avatar\/957f529db4c10409aeb4798f38d978d31a86852b0557feaaa15ada6691fe502f?s=96&d=mm&r=g","caption":"aenogas"},"url":"https:\/\/wp.ull.es\/aenogas\/author\/aenogas\/"}]}},"_links":{"self":[{"href":"https:\/\/wp.ull.es\/aenogas\/wp-json\/wp\/v2\/posts\/1718","targetHints":{"allow":["GET"]}}],"collection":[{"href":"https:\/\/wp.ull.es\/aenogas\/wp-json\/wp\/v2\/posts"}],"about":[{"href":"https:\/\/wp.ull.es\/aenogas\/wp-json\/wp\/v2\/types\/post"}],"author":[{"embeddable":true,"href":"https:\/\/wp.ull.es\/aenogas\/wp-json\/wp\/v2\/users\/227"}],"replies":[{"embeddable":true,"href":"https:\/\/wp.ull.es\/aenogas\/wp-json\/wp\/v2\/comments?post=1718"}],"version-history":[{"count":3,"href":"https:\/\/wp.ull.es\/aenogas\/wp-json\/wp\/v2\/posts\/1718\/revisions"}],"predecessor-version":[{"id":1725,"href":"https:\/\/wp.ull.es\/aenogas\/wp-json\/wp\/v2\/posts\/1718\/revisions\/1725"}],"wp:featuredmedia":[{"embeddable":true,"href":"https:\/\/wp.ull.es\/aenogas\/wp-json\/wp\/v2\/media\/1719"}],"wp:attachment":[{"href":"https:\/\/wp.ull.es\/aenogas\/wp-json\/wp\/v2\/media?parent=1718"}],"wp:term":[{"taxonomy":"category","embeddable":true,"href":"https:\/\/wp.ull.es\/aenogas\/wp-json\/wp\/v2\/categories?post=1718"},{"taxonomy":"post_tag","embeddable":true,"href":"https:\/\/wp.ull.es\/aenogas\/wp-json\/wp\/v2\/tags?post=1718"}],"curies":[{"name":"wp","href":"https:\/\/api.w.org\/{rel}","templated":true}]}}