{"id":1711,"date":"2021-06-01T12:42:00","date_gmt":"2021-06-01T12:42:00","guid":{"rendered":"https:\/\/wp.ull.es\/aenogas\/?p=1711"},"modified":"2021-08-09T12:44:59","modified_gmt":"2021-08-09T12:44:59","slug":"tres-docentes-de-la-ull-y-la-asociacion-de-productores-de-aceite-de-fuerteventura-reconocidos-el-dia-de-canarias","status":"publish","type":"post","link":"https:\/\/wp.ull.es\/aenogas\/2021\/06\/01\/tres-docentes-de-la-ull-y-la-asociacion-de-productores-de-aceite-de-fuerteventura-reconocidos-el-dia-de-canarias\/","title":{"rendered":"Tres docentes de la ULL y la Asociaci\u00f3n de Productores de Aceite de Fuerteventura reconocidos el D\u00eda de Canarias"},"content":{"rendered":"\n<p>El presidente de Canarias, \u00c1ngel V\u00edctor Torres, presidi\u00f3 el Acto Institucional del D\u00eda de Canarias, en el que se desarroll\u00f3 la entrega de los Premios y Medallas de Oro de Canarias 2021.&nbsp;&nbsp;En la ceremonia, celebrada en el Teatro Guimer\u00e1, en Santa Cruz de Tenerife, Torres se\u00f1al\u00f3 que los galardonados en este 2021 son un perfecto ejemplo de personas o instituciones que hacen m\u00e1s grande este Archipi\u00e9lago de ocho islas. \u201cEs un orgullo para las canarias y los canarios que la historia de las Islas contin\u00fae escribi\u00e9ndose con sus nombres\u201d, dijo.<\/p>\n\n\n\n<p>\u00c1ngel V\u00edctor Torres destac\u00f3 la importante labor de Mar\u00eda Isabel Nazco, Dolores Corbella y Rosario \u00c1lvarez -las tres galardonadas este a\u00f1o con la m\u00e1xima distinci\u00f3n que se otorga en la Comunidad Aut\u00f3noma- y a\u00f1adi\u00f3 que el hecho de que, por primera vez, las tres premiadas sean mujeres \u201ces otro feliz s\u00edntoma de que nuestra sociedad est\u00e1 ya experimentando una transformaci\u00f3n igualitaria\u201d. El presidente se dirigi\u00f3 a las galardonadas y celebr\u00f3 que \u201choy, muchas ni\u00f1as y adolescentes canarias puedan verse reflejadas en ellas para que, si quieren hacer algo, lo hagan; si quieren ser algo, lo sean y, adem\u00e1s, sean reconocidas\u201d.<\/p>\n\n\n\n<p>El jefe del Ejecutivo auton\u00f3mico tambi\u00e9n reconoci\u00f3 el esfuerzo, la superaci\u00f3n y el talento de las diez personas y entidades que recibieron las Medallas de Oro de Canarias, que este a\u00f1o recayeron en: Carla Su\u00e1rez, la serie&nbsp;Hierro, el Servicio Canario de la Salud, el Comit\u00e9 Cient\u00edfico de Emergencia Sanitaria contra la COVID-19, Cruz Roja en Canarias, Naviera Armas, la Asociaci\u00f3n de Productores de Aceite de Fuerteventura (Olivafuer), el Romancero Gomero, los abogados Fernando y Joaqu\u00edn -Quino- Sagaseta y la Fundaci\u00f3n C\u00e9sar Manrique.<\/p>\n\n\n\n<p>Para Torres, esta ceremonia del Acto Institucional ha tenido \u201cuna carga emocional a\u00f1adida\u201d, debido a que el a\u00f1o pasado, esta efem\u00e9ride se conmemor\u00f3 de una forma simb\u00f3lica en el Parlamento auton\u00f3mico, porque en ese momento el pa\u00eds estaba a\u00fan en estado de alarma por la pandemia de la COVID-19.<\/p>\n","protected":false},"excerpt":{"rendered":"<p>El presidente de Canarias, \u00c1ngel V\u00edctor Torres, presidi\u00f3 el Acto Institucional del D\u00eda de Canarias, en el que se desarroll\u00f3 la entrega de los Premios y Medallas de Oro de Canarias 2021.  En la ceremonia, celebrada en el Teatro Guimer\u00e1, en Santa Cruz de Tenerife, Torres se\u00f1al\u00f3 que los galardonados en este 2021 son un perfecto ejemplo de personas o instituciones que hacen m\u00e1s grande este Archipi\u00e9lago de ocho islas. \u201cEs un orgullo para las canarias y los canarios que la historia de las Islas contin\u00fae escribi\u00e9ndose con sus nombres\u201d, dijo.<\/p>\n<div class=\"read-more\"><a href=\"https:\/\/wp.ull.es\/aenogas\/2021\/06\/01\/tres-docentes-de-la-ull-y-la-asociacion-de-productores-de-aceite-de-fuerteventura-reconocidos-el-dia-de-canarias\/\">Leer m\u00e1s \u203a<\/a><\/div>\n<p><!-- end of .read-more --><\/p>\n","protected":false},"author":227,"featured_media":1712,"comment_status":"open","ping_status":"open","sticky":false,"template":"","format":"standard","meta":{"footnotes":""},"categories":[1],"tags":[],"class_list":["post-1711","post","type-post","status-publish","format-standard","has-post-thumbnail","hentry","category-sin-categoria"],"yoast_head":"<!-- This site is optimized with the Yoast SEO plugin v27.4 - https:\/\/yoast.com\/product\/yoast-seo-wordpress\/ -->\n<title>Tres docentes de la ULL y la Asociaci\u00f3n de Productores de Aceite de Fuerteventura reconocidos el D\u00eda de Canarias - Enoturismo Canarias<\/title>\n<meta name=\"robots\" content=\"index, follow, max-snippet:-1, max-image-preview:large, max-video-preview:-1\" \/>\n<link rel=\"canonical\" href=\"https:\/\/wp.ull.es\/aenogas\/2021\/06\/01\/tres-docentes-de-la-ull-y-la-asociacion-de-productores-de-aceite-de-fuerteventura-reconocidos-el-dia-de-canarias\/\" \/>\n<meta property=\"og:locale\" content=\"es_ES\" \/>\n<meta property=\"og:type\" content=\"article\" \/>\n<meta property=\"og:title\" content=\"Tres docentes de la ULL y la Asociaci\u00f3n de Productores de Aceite de Fuerteventura reconocidos el D\u00eda de Canarias - Enoturismo Canarias\" \/>\n<meta property=\"og:description\" content=\"El presidente de Canarias, \u00c1ngel V\u00edctor Torres, presidi\u00f3 el Acto Institucional del D\u00eda de Canarias, en el que se desarroll\u00f3 la entrega de los Premios y Medallas de Oro de Canarias 2021. En la ceremonia, celebrada en el Teatro Guimer\u00e1, en Santa Cruz de Tenerife, Torres se\u00f1al\u00f3 que los galardonados en este 2021 son un perfecto ejemplo de personas o instituciones que hacen m\u00e1s grande este Archipi\u00e9lago de ocho islas. \u201cEs un orgullo para las canarias y los canarios que la historia de las Islas contin\u00fae escribi\u00e9ndose con sus nombres\u201d, dijo.Leer m\u00e1s \u203a\" \/>\n<meta property=\"og:url\" content=\"https:\/\/wp.ull.es\/aenogas\/2021\/06\/01\/tres-docentes-de-la-ull-y-la-asociacion-de-productores-de-aceite-de-fuerteventura-reconocidos-el-dia-de-canarias\/\" \/>\n<meta property=\"og:site_name\" content=\"Enoturismo Canarias\" \/>\n<meta property=\"article:publisher\" content=\"https:\/\/www.facebook.com\/enoturismoull\" \/>\n<meta property=\"article:published_time\" content=\"2021-06-01T12:42:00+00:00\" \/>\n<meta property=\"article:modified_time\" content=\"2021-08-09T12:44:59+00:00\" \/>\n<meta property=\"og:image\" content=\"https:\/\/wp.ull.es\/aenogas\/wp-content\/uploads\/sites\/90\/2021\/08\/premios-canarias.jpg\" \/>\n\t<meta property=\"og:image:width\" content=\"1200\" \/>\n\t<meta property=\"og:image:height\" content=\"800\" \/>\n\t<meta property=\"og:image:type\" content=\"image\/jpeg\" \/>\n<meta name=\"author\" content=\"aenogas\" \/>\n<meta name=\"twitter:card\" content=\"summary_large_image\" \/>\n<meta name=\"twitter:creator\" content=\"@enoturismoull\" \/>\n<meta name=\"twitter:site\" content=\"@enoturismoull\" \/>\n<meta name=\"twitter:label1\" content=\"Escrito por\" \/>\n\t<meta name=\"twitter:data1\" content=\"aenogas\" \/>\n\t<meta name=\"twitter:label2\" content=\"Tiempo de lectura\" \/>\n\t<meta name=\"twitter:data2\" content=\"2 minutos\" \/>\n<script type=\"application\/ld+json\" class=\"yoast-schema-graph\">{\"@context\":\"https:\\\/\\\/schema.org\",\"@graph\":[{\"@type\":\"Article\",\"@id\":\"https:\\\/\\\/wp.ull.es\\\/aenogas\\\/2021\\\/06\\\/01\\\/tres-docentes-de-la-ull-y-la-asociacion-de-productores-de-aceite-de-fuerteventura-reconocidos-el-dia-de-canarias\\\/#article\",\"isPartOf\":{\"@id\":\"https:\\\/\\\/wp.ull.es\\\/aenogas\\\/2021\\\/06\\\/01\\\/tres-docentes-de-la-ull-y-la-asociacion-de-productores-de-aceite-de-fuerteventura-reconocidos-el-dia-de-canarias\\\/\"},\"author\":{\"name\":\"aenogas\",\"@id\":\"https:\\\/\\\/wp.ull.es\\\/aenogas\\\/#\\\/schema\\\/person\\\/08dc3be5406aba55875ae5024a8e7426\"},\"headline\":\"Tres docentes de la ULL y la Asociaci\u00f3n de Productores de Aceite de Fuerteventura reconocidos el D\u00eda de Canarias\",\"datePublished\":\"2021-06-01T12:42:00+00:00\",\"dateModified\":\"2021-08-09T12:44:59+00:00\",\"mainEntityOfPage\":{\"@id\":\"https:\\\/\\\/wp.ull.es\\\/aenogas\\\/2021\\\/06\\\/01\\\/tres-docentes-de-la-ull-y-la-asociacion-de-productores-de-aceite-de-fuerteventura-reconocidos-el-dia-de-canarias\\\/\"},\"wordCount\":380,\"commentCount\":0,\"publisher\":{\"@id\":\"https:\\\/\\\/wp.ull.es\\\/aenogas\\\/#organization\"},\"image\":{\"@id\":\"https:\\\/\\\/wp.ull.es\\\/aenogas\\\/2021\\\/06\\\/01\\\/tres-docentes-de-la-ull-y-la-asociacion-de-productores-de-aceite-de-fuerteventura-reconocidos-el-dia-de-canarias\\\/#primaryimage\"},\"thumbnailUrl\":\"https:\\\/\\\/wp.ull.es\\\/aenogas\\\/wp-content\\\/uploads\\\/sites\\\/90\\\/2021\\\/08\\\/premios-canarias.jpg\",\"inLanguage\":\"es\",\"potentialAction\":[{\"@type\":\"CommentAction\",\"name\":\"Comment\",\"target\":[\"https:\\\/\\\/wp.ull.es\\\/aenogas\\\/2021\\\/06\\\/01\\\/tres-docentes-de-la-ull-y-la-asociacion-de-productores-de-aceite-de-fuerteventura-reconocidos-el-dia-de-canarias\\\/#respond\"]}]},{\"@type\":\"WebPage\",\"@id\":\"https:\\\/\\\/wp.ull.es\\\/aenogas\\\/2021\\\/06\\\/01\\\/tres-docentes-de-la-ull-y-la-asociacion-de-productores-de-aceite-de-fuerteventura-reconocidos-el-dia-de-canarias\\\/\",\"url\":\"https:\\\/\\\/wp.ull.es\\\/aenogas\\\/2021\\\/06\\\/01\\\/tres-docentes-de-la-ull-y-la-asociacion-de-productores-de-aceite-de-fuerteventura-reconocidos-el-dia-de-canarias\\\/\",\"name\":\"Tres docentes de la ULL y la Asociaci\u00f3n de Productores de Aceite de Fuerteventura reconocidos el D\u00eda de Canarias - Enoturismo Canarias\",\"isPartOf\":{\"@id\":\"https:\\\/\\\/wp.ull.es\\\/aenogas\\\/#website\"},\"primaryImageOfPage\":{\"@id\":\"https:\\\/\\\/wp.ull.es\\\/aenogas\\\/2021\\\/06\\\/01\\\/tres-docentes-de-la-ull-y-la-asociacion-de-productores-de-aceite-de-fuerteventura-reconocidos-el-dia-de-canarias\\\/#primaryimage\"},\"image\":{\"@id\":\"https:\\\/\\\/wp.ull.es\\\/aenogas\\\/2021\\\/06\\\/01\\\/tres-docentes-de-la-ull-y-la-asociacion-de-productores-de-aceite-de-fuerteventura-reconocidos-el-dia-de-canarias\\\/#primaryimage\"},\"thumbnailUrl\":\"https:\\\/\\\/wp.ull.es\\\/aenogas\\\/wp-content\\\/uploads\\\/sites\\\/90\\\/2021\\\/08\\\/premios-canarias.jpg\",\"datePublished\":\"2021-06-01T12:42:00+00:00\",\"dateModified\":\"2021-08-09T12:44:59+00:00\",\"breadcrumb\":{\"@id\":\"https:\\\/\\\/wp.ull.es\\\/aenogas\\\/2021\\\/06\\\/01\\\/tres-docentes-de-la-ull-y-la-asociacion-de-productores-de-aceite-de-fuerteventura-reconocidos-el-dia-de-canarias\\\/#breadcrumb\"},\"inLanguage\":\"es\",\"potentialAction\":[{\"@type\":\"ReadAction\",\"target\":[\"https:\\\/\\\/wp.ull.es\\\/aenogas\\\/2021\\\/06\\\/01\\\/tres-docentes-de-la-ull-y-la-asociacion-de-productores-de-aceite-de-fuerteventura-reconocidos-el-dia-de-canarias\\\/\"]}]},{\"@type\":\"ImageObject\",\"inLanguage\":\"es\",\"@id\":\"https:\\\/\\\/wp.ull.es\\\/aenogas\\\/2021\\\/06\\\/01\\\/tres-docentes-de-la-ull-y-la-asociacion-de-productores-de-aceite-de-fuerteventura-reconocidos-el-dia-de-canarias\\\/#primaryimage\",\"url\":\"https:\\\/\\\/wp.ull.es\\\/aenogas\\\/wp-content\\\/uploads\\\/sites\\\/90\\\/2021\\\/08\\\/premios-canarias.jpg\",\"contentUrl\":\"https:\\\/\\\/wp.ull.es\\\/aenogas\\\/wp-content\\\/uploads\\\/sites\\\/90\\\/2021\\\/08\\\/premios-canarias.jpg\",\"width\":1200,\"height\":800},{\"@type\":\"BreadcrumbList\",\"@id\":\"https:\\\/\\\/wp.ull.es\\\/aenogas\\\/2021\\\/06\\\/01\\\/tres-docentes-de-la-ull-y-la-asociacion-de-productores-de-aceite-de-fuerteventura-reconocidos-el-dia-de-canarias\\\/#breadcrumb\",\"itemListElement\":[{\"@type\":\"ListItem\",\"position\":1,\"name\":\"Portada\",\"item\":\"https:\\\/\\\/wp.ull.es\\\/aenogas\\\/\"},{\"@type\":\"ListItem\",\"position\":2,\"name\":\"Tres docentes de la ULL y la Asociaci\u00f3n de Productores de Aceite de Fuerteventura reconocidos el D\u00eda de Canarias\"}]},{\"@type\":\"WebSite\",\"@id\":\"https:\\\/\\\/wp.ull.es\\\/aenogas\\\/#website\",\"url\":\"https:\\\/\\\/wp.ull.es\\\/aenogas\\\/\",\"name\":\"Enoturismo Canarias\",\"description\":\"C\u00e1tedra de Agroturismo y Enoturismo Instituto de Canario de Calidad Agroalimentaria\",\"publisher\":{\"@id\":\"https:\\\/\\\/wp.ull.es\\\/aenogas\\\/#organization\"},\"potentialAction\":[{\"@type\":\"SearchAction\",\"target\":{\"@type\":\"EntryPoint\",\"urlTemplate\":\"https:\\\/\\\/wp.ull.es\\\/aenogas\\\/?s={search_term_string}\"},\"query-input\":{\"@type\":\"PropertyValueSpecification\",\"valueRequired\":true,\"valueName\":\"search_term_string\"}}],\"inLanguage\":\"es\"},{\"@type\":\"Organization\",\"@id\":\"https:\\\/\\\/wp.ull.es\\\/aenogas\\\/#organization\",\"name\":\"C\u00e1tedra de Agroturismo y Enoturismo de Canarias del Instituto Canario de Calidad Agroalimentaria y de la Universidad de La Laguna\",\"url\":\"https:\\\/\\\/wp.ull.es\\\/aenogas\\\/\",\"logo\":{\"@type\":\"ImageObject\",\"inLanguage\":\"es\",\"@id\":\"https:\\\/\\\/wp.ull.es\\\/aenogas\\\/#\\\/schema\\\/logo\\\/image\\\/\",\"url\":\"https:\\\/\\\/wp.ull.es\\\/aenogas\\\/wp-content\\\/uploads\\\/sites\\\/90\\\/2021\\\/03\\\/Logotipo-Catedra.png\",\"contentUrl\":\"https:\\\/\\\/wp.ull.es\\\/aenogas\\\/wp-content\\\/uploads\\\/sites\\\/90\\\/2021\\\/03\\\/Logotipo-Catedra.png\",\"width\":300,\"height\":89,\"caption\":\"C\u00e1tedra de Agroturismo y Enoturismo de Canarias del Instituto Canario de Calidad Agroalimentaria y de la Universidad de La Laguna\"},\"image\":{\"@id\":\"https:\\\/\\\/wp.ull.es\\\/aenogas\\\/#\\\/schema\\\/logo\\\/image\\\/\"},\"sameAs\":[\"https:\\\/\\\/www.facebook.com\\\/enoturismoull\",\"https:\\\/\\\/x.com\\\/enoturismoull\",\"https:\\\/\\\/www.linkedin.com\\\/company\\\/40816665\\\/admin\\\/dashboard\\\/\"]},{\"@type\":\"Person\",\"@id\":\"https:\\\/\\\/wp.ull.es\\\/aenogas\\\/#\\\/schema\\\/person\\\/08dc3be5406aba55875ae5024a8e7426\",\"name\":\"aenogas\",\"image\":{\"@type\":\"ImageObject\",\"inLanguage\":\"es\",\"@id\":\"https:\\\/\\\/secure.gravatar.com\\\/avatar\\\/957f529db4c10409aeb4798f38d978d31a86852b0557feaaa15ada6691fe502f?s=96&d=mm&r=g\",\"url\":\"https:\\\/\\\/secure.gravatar.com\\\/avatar\\\/957f529db4c10409aeb4798f38d978d31a86852b0557feaaa15ada6691fe502f?s=96&d=mm&r=g\",\"contentUrl\":\"https:\\\/\\\/secure.gravatar.com\\\/avatar\\\/957f529db4c10409aeb4798f38d978d31a86852b0557feaaa15ada6691fe502f?s=96&d=mm&r=g\",\"caption\":\"aenogas\"},\"url\":\"https:\\\/\\\/wp.ull.es\\\/aenogas\\\/author\\\/aenogas\\\/\"}]}<\/script>\n<!-- \/ Yoast SEO plugin. -->","yoast_head_json":{"title":"Tres docentes de la ULL y la Asociaci\u00f3n de Productores de Aceite de Fuerteventura reconocidos el D\u00eda de Canarias - Enoturismo Canarias","robots":{"index":"index","follow":"follow","max-snippet":"max-snippet:-1","max-image-preview":"max-image-preview:large","max-video-preview":"max-video-preview:-1"},"canonical":"https:\/\/wp.ull.es\/aenogas\/2021\/06\/01\/tres-docentes-de-la-ull-y-la-asociacion-de-productores-de-aceite-de-fuerteventura-reconocidos-el-dia-de-canarias\/","og_locale":"es_ES","og_type":"article","og_title":"Tres docentes de la ULL y la Asociaci\u00f3n de Productores de Aceite de Fuerteventura reconocidos el D\u00eda de Canarias - Enoturismo Canarias","og_description":"El presidente de Canarias, \u00c1ngel V\u00edctor Torres, presidi\u00f3 el Acto Institucional del D\u00eda de Canarias, en el que se desarroll\u00f3 la entrega de los Premios y Medallas de Oro de Canarias 2021. En la ceremonia, celebrada en el Teatro Guimer\u00e1, en Santa Cruz de Tenerife, Torres se\u00f1al\u00f3 que los galardonados en este 2021 son un perfecto ejemplo de personas o instituciones que hacen m\u00e1s grande este Archipi\u00e9lago de ocho islas. \u201cEs un orgullo para las canarias y los canarios que la historia de las Islas contin\u00fae escribi\u00e9ndose con sus nombres\u201d, dijo.Leer m\u00e1s \u203a","og_url":"https:\/\/wp.ull.es\/aenogas\/2021\/06\/01\/tres-docentes-de-la-ull-y-la-asociacion-de-productores-de-aceite-de-fuerteventura-reconocidos-el-dia-de-canarias\/","og_site_name":"Enoturismo Canarias","article_publisher":"https:\/\/www.facebook.com\/enoturismoull","article_published_time":"2021-06-01T12:42:00+00:00","article_modified_time":"2021-08-09T12:44:59+00:00","og_image":[{"width":1200,"height":800,"url":"https:\/\/wp.ull.es\/aenogas\/wp-content\/uploads\/sites\/90\/2021\/08\/premios-canarias.jpg","type":"image\/jpeg"}],"author":"aenogas","twitter_card":"summary_large_image","twitter_creator":"@enoturismoull","twitter_site":"@enoturismoull","twitter_misc":{"Escrito por":"aenogas","Tiempo de lectura":"2 minutos"},"schema":{"@context":"https:\/\/schema.org","@graph":[{"@type":"Article","@id":"https:\/\/wp.ull.es\/aenogas\/2021\/06\/01\/tres-docentes-de-la-ull-y-la-asociacion-de-productores-de-aceite-de-fuerteventura-reconocidos-el-dia-de-canarias\/#article","isPartOf":{"@id":"https:\/\/wp.ull.es\/aenogas\/2021\/06\/01\/tres-docentes-de-la-ull-y-la-asociacion-de-productores-de-aceite-de-fuerteventura-reconocidos-el-dia-de-canarias\/"},"author":{"name":"aenogas","@id":"https:\/\/wp.ull.es\/aenogas\/#\/schema\/person\/08dc3be5406aba55875ae5024a8e7426"},"headline":"Tres docentes de la ULL y la Asociaci\u00f3n de Productores de Aceite de Fuerteventura reconocidos el D\u00eda de Canarias","datePublished":"2021-06-01T12:42:00+00:00","dateModified":"2021-08-09T12:44:59+00:00","mainEntityOfPage":{"@id":"https:\/\/wp.ull.es\/aenogas\/2021\/06\/01\/tres-docentes-de-la-ull-y-la-asociacion-de-productores-de-aceite-de-fuerteventura-reconocidos-el-dia-de-canarias\/"},"wordCount":380,"commentCount":0,"publisher":{"@id":"https:\/\/wp.ull.es\/aenogas\/#organization"},"image":{"@id":"https:\/\/wp.ull.es\/aenogas\/2021\/06\/01\/tres-docentes-de-la-ull-y-la-asociacion-de-productores-de-aceite-de-fuerteventura-reconocidos-el-dia-de-canarias\/#primaryimage"},"thumbnailUrl":"https:\/\/wp.ull.es\/aenogas\/wp-content\/uploads\/sites\/90\/2021\/08\/premios-canarias.jpg","inLanguage":"es","potentialAction":[{"@type":"CommentAction","name":"Comment","target":["https:\/\/wp.ull.es\/aenogas\/2021\/06\/01\/tres-docentes-de-la-ull-y-la-asociacion-de-productores-de-aceite-de-fuerteventura-reconocidos-el-dia-de-canarias\/#respond"]}]},{"@type":"WebPage","@id":"https:\/\/wp.ull.es\/aenogas\/2021\/06\/01\/tres-docentes-de-la-ull-y-la-asociacion-de-productores-de-aceite-de-fuerteventura-reconocidos-el-dia-de-canarias\/","url":"https:\/\/wp.ull.es\/aenogas\/2021\/06\/01\/tres-docentes-de-la-ull-y-la-asociacion-de-productores-de-aceite-de-fuerteventura-reconocidos-el-dia-de-canarias\/","name":"Tres docentes de la ULL y la Asociaci\u00f3n de Productores de Aceite de Fuerteventura reconocidos el D\u00eda de Canarias - Enoturismo Canarias","isPartOf":{"@id":"https:\/\/wp.ull.es\/aenogas\/#website"},"primaryImageOfPage":{"@id":"https:\/\/wp.ull.es\/aenogas\/2021\/06\/01\/tres-docentes-de-la-ull-y-la-asociacion-de-productores-de-aceite-de-fuerteventura-reconocidos-el-dia-de-canarias\/#primaryimage"},"image":{"@id":"https:\/\/wp.ull.es\/aenogas\/2021\/06\/01\/tres-docentes-de-la-ull-y-la-asociacion-de-productores-de-aceite-de-fuerteventura-reconocidos-el-dia-de-canarias\/#primaryimage"},"thumbnailUrl":"https:\/\/wp.ull.es\/aenogas\/wp-content\/uploads\/sites\/90\/2021\/08\/premios-canarias.jpg","datePublished":"2021-06-01T12:42:00+00:00","dateModified":"2021-08-09T12:44:59+00:00","breadcrumb":{"@id":"https:\/\/wp.ull.es\/aenogas\/2021\/06\/01\/tres-docentes-de-la-ull-y-la-asociacion-de-productores-de-aceite-de-fuerteventura-reconocidos-el-dia-de-canarias\/#breadcrumb"},"inLanguage":"es","potentialAction":[{"@type":"ReadAction","target":["https:\/\/wp.ull.es\/aenogas\/2021\/06\/01\/tres-docentes-de-la-ull-y-la-asociacion-de-productores-de-aceite-de-fuerteventura-reconocidos-el-dia-de-canarias\/"]}]},{"@type":"ImageObject","inLanguage":"es","@id":"https:\/\/wp.ull.es\/aenogas\/2021\/06\/01\/tres-docentes-de-la-ull-y-la-asociacion-de-productores-de-aceite-de-fuerteventura-reconocidos-el-dia-de-canarias\/#primaryimage","url":"https:\/\/wp.ull.es\/aenogas\/wp-content\/uploads\/sites\/90\/2021\/08\/premios-canarias.jpg","contentUrl":"https:\/\/wp.ull.es\/aenogas\/wp-content\/uploads\/sites\/90\/2021\/08\/premios-canarias.jpg","width":1200,"height":800},{"@type":"BreadcrumbList","@id":"https:\/\/wp.ull.es\/aenogas\/2021\/06\/01\/tres-docentes-de-la-ull-y-la-asociacion-de-productores-de-aceite-de-fuerteventura-reconocidos-el-dia-de-canarias\/#breadcrumb","itemListElement":[{"@type":"ListItem","position":1,"name":"Portada","item":"https:\/\/wp.ull.es\/aenogas\/"},{"@type":"ListItem","position":2,"name":"Tres docentes de la ULL y la Asociaci\u00f3n de Productores de Aceite de Fuerteventura reconocidos el D\u00eda de Canarias"}]},{"@type":"WebSite","@id":"https:\/\/wp.ull.es\/aenogas\/#website","url":"https:\/\/wp.ull.es\/aenogas\/","name":"Enoturismo Canarias","description":"C\u00e1tedra de Agroturismo y Enoturismo Instituto de Canario de Calidad Agroalimentaria","publisher":{"@id":"https:\/\/wp.ull.es\/aenogas\/#organization"},"potentialAction":[{"@type":"SearchAction","target":{"@type":"EntryPoint","urlTemplate":"https:\/\/wp.ull.es\/aenogas\/?s={search_term_string}"},"query-input":{"@type":"PropertyValueSpecification","valueRequired":true,"valueName":"search_term_string"}}],"inLanguage":"es"},{"@type":"Organization","@id":"https:\/\/wp.ull.es\/aenogas\/#organization","name":"C\u00e1tedra de Agroturismo y Enoturismo de Canarias del Instituto Canario de Calidad Agroalimentaria y de la Universidad de La Laguna","url":"https:\/\/wp.ull.es\/aenogas\/","logo":{"@type":"ImageObject","inLanguage":"es","@id":"https:\/\/wp.ull.es\/aenogas\/#\/schema\/logo\/image\/","url":"https:\/\/wp.ull.es\/aenogas\/wp-content\/uploads\/sites\/90\/2021\/03\/Logotipo-Catedra.png","contentUrl":"https:\/\/wp.ull.es\/aenogas\/wp-content\/uploads\/sites\/90\/2021\/03\/Logotipo-Catedra.png","width":300,"height":89,"caption":"C\u00e1tedra de Agroturismo y Enoturismo de Canarias del Instituto Canario de Calidad Agroalimentaria y de la Universidad de La Laguna"},"image":{"@id":"https:\/\/wp.ull.es\/aenogas\/#\/schema\/logo\/image\/"},"sameAs":["https:\/\/www.facebook.com\/enoturismoull","https:\/\/x.com\/enoturismoull","https:\/\/www.linkedin.com\/company\/40816665\/admin\/dashboard\/"]},{"@type":"Person","@id":"https:\/\/wp.ull.es\/aenogas\/#\/schema\/person\/08dc3be5406aba55875ae5024a8e7426","name":"aenogas","image":{"@type":"ImageObject","inLanguage":"es","@id":"https:\/\/secure.gravatar.com\/avatar\/957f529db4c10409aeb4798f38d978d31a86852b0557feaaa15ada6691fe502f?s=96&d=mm&r=g","url":"https:\/\/secure.gravatar.com\/avatar\/957f529db4c10409aeb4798f38d978d31a86852b0557feaaa15ada6691fe502f?s=96&d=mm&r=g","contentUrl":"https:\/\/secure.gravatar.com\/avatar\/957f529db4c10409aeb4798f38d978d31a86852b0557feaaa15ada6691fe502f?s=96&d=mm&r=g","caption":"aenogas"},"url":"https:\/\/wp.ull.es\/aenogas\/author\/aenogas\/"}]}},"_links":{"self":[{"href":"https:\/\/wp.ull.es\/aenogas\/wp-json\/wp\/v2\/posts\/1711","targetHints":{"allow":["GET"]}}],"collection":[{"href":"https:\/\/wp.ull.es\/aenogas\/wp-json\/wp\/v2\/posts"}],"about":[{"href":"https:\/\/wp.ull.es\/aenogas\/wp-json\/wp\/v2\/types\/post"}],"author":[{"embeddable":true,"href":"https:\/\/wp.ull.es\/aenogas\/wp-json\/wp\/v2\/users\/227"}],"replies":[{"embeddable":true,"href":"https:\/\/wp.ull.es\/aenogas\/wp-json\/wp\/v2\/comments?post=1711"}],"version-history":[{"count":1,"href":"https:\/\/wp.ull.es\/aenogas\/wp-json\/wp\/v2\/posts\/1711\/revisions"}],"predecessor-version":[{"id":1713,"href":"https:\/\/wp.ull.es\/aenogas\/wp-json\/wp\/v2\/posts\/1711\/revisions\/1713"}],"wp:featuredmedia":[{"embeddable":true,"href":"https:\/\/wp.ull.es\/aenogas\/wp-json\/wp\/v2\/media\/1712"}],"wp:attachment":[{"href":"https:\/\/wp.ull.es\/aenogas\/wp-json\/wp\/v2\/media?parent=1711"}],"wp:term":[{"taxonomy":"category","embeddable":true,"href":"https:\/\/wp.ull.es\/aenogas\/wp-json\/wp\/v2\/categories?post=1711"},{"taxonomy":"post_tag","embeddable":true,"href":"https:\/\/wp.ull.es\/aenogas\/wp-json\/wp\/v2\/tags?post=1711"}],"curies":[{"name":"wp","href":"https:\/\/api.w.org\/{rel}","templated":true}]}}