{"id":1694,"date":"2021-06-05T12:39:00","date_gmt":"2021-06-05T12:39:00","guid":{"rendered":"https:\/\/wp.ull.es\/aenogas\/?p=1694"},"modified":"2021-08-09T12:40:02","modified_gmt":"2021-08-09T12:40:02","slug":"primera-reunion-del-consejo-de-direccion-de-la-catedra-de-agroturismo-y-enoturismo-de-canarias","status":"publish","type":"post","link":"https:\/\/wp.ull.es\/aenogas\/2021\/06\/05\/primera-reunion-del-consejo-de-direccion-de-la-catedra-de-agroturismo-y-enoturismo-de-canarias\/","title":{"rendered":"Primera reuni\u00f3n del Consejo de Direcci\u00f3n de la C\u00e1tedra de Agroturismo y Enoturismo de Canarias"},"content":{"rendered":"\n<p>Hoy se ha celebrado la primera reuni\u00f3n del Consejo de Direcci\u00f3n de la C\u00e1tedra de Agroturismo y Enoturismo de Canarias del Instituto Canario de Calidad Agroalimentaria y de la Universidad de La Laguna, un encuentro distendido en el que se han podido constatar las opiniones y realidades de un grupo multidisciplinar de docentes y profesionales.<\/p>\n\n\n\n<p>A la reuni\u00f3n han asistido adem\u00e1s el Vicerrector de Cultura, Participaci\u00f3n Social y Campus Ofra y La Palma de la Universidad de La Laguna, Juan Albino M\u00e9ndez y el Director del Instituto Canario de Calidad Agroalimentaria, Jos\u00e9 Basilio P\u00e9rez que han estado acompa\u00f1ado por los directores de la C\u00e1tedra Carlos Fern\u00e1ndez y Gabriel Santos. <\/p>\n\n\n\n<p>El Consejo tiene como finalidad asesorar a la Comisi\u00f3n Mixta y a la Direcci\u00f3n de la C\u00e1tedra en el desarrollo de sus funciones, y esta integrado por las siguientes personas:<\/p>\n\n\n\n<figure class=\"wp-block-image size-large\"><img fetchpriority=\"high\" decoding=\"async\" width=\"1024\" height=\"682\" src=\"https:\/\/wp.ull.es\/aenogas\/wp-content\/uploads\/sites\/90\/2021\/08\/WhatsApp-Image-2021-06-05-at-11.49.18-1024x682-1.jpeg\" alt=\"\" class=\"wp-image-1695\" srcset=\"https:\/\/wp.ull.es\/aenogas\/wp-content\/uploads\/sites\/90\/2021\/08\/WhatsApp-Image-2021-06-05-at-11.49.18-1024x682-1.jpeg 1024w, https:\/\/wp.ull.es\/aenogas\/wp-content\/uploads\/sites\/90\/2021\/08\/WhatsApp-Image-2021-06-05-at-11.49.18-1024x682-1-300x200.jpeg 300w, https:\/\/wp.ull.es\/aenogas\/wp-content\/uploads\/sites\/90\/2021\/08\/WhatsApp-Image-2021-06-05-at-11.49.18-1024x682-1-768x512.jpeg 768w, https:\/\/wp.ull.es\/aenogas\/wp-content\/uploads\/sites\/90\/2021\/08\/WhatsApp-Image-2021-06-05-at-11.49.18-1024x682-1-100x67.jpeg 100w, https:\/\/wp.ull.es\/aenogas\/wp-content\/uploads\/sites\/90\/2021\/08\/WhatsApp-Image-2021-06-05-at-11.49.18-1024x682-1-150x100.jpeg 150w, https:\/\/wp.ull.es\/aenogas\/wp-content\/uploads\/sites\/90\/2021\/08\/WhatsApp-Image-2021-06-05-at-11.49.18-1024x682-1-200x133.jpeg 200w, https:\/\/wp.ull.es\/aenogas\/wp-content\/uploads\/sites\/90\/2021\/08\/WhatsApp-Image-2021-06-05-at-11.49.18-1024x682-1-450x300.jpeg 450w, https:\/\/wp.ull.es\/aenogas\/wp-content\/uploads\/sites\/90\/2021\/08\/WhatsApp-Image-2021-06-05-at-11.49.18-1024x682-1-600x400.jpeg 600w, https:\/\/wp.ull.es\/aenogas\/wp-content\/uploads\/sites\/90\/2021\/08\/WhatsApp-Image-2021-06-05-at-11.49.18-1024x682-1-900x599.jpeg 900w\" sizes=\"(max-width: 1024px) 100vw, 1024px\" \/><figcaption>Miguel \u00c1ngel Mejias Vera. Doctor en Geograf\u00eda por la Universidad de La Laguna. Profesor del \u00e1rea de An\u00e1lisis Geogr\u00e1fico Regional en la Universidad de La Laguna.<\/figcaption><\/figure>\n\n\n\n<figure class=\"wp-block-image size-large\"><img decoding=\"async\" width=\"1024\" height=\"682\" src=\"https:\/\/wp.ull.es\/aenogas\/wp-content\/uploads\/sites\/90\/2021\/08\/WhatsApp-Image-2021-06-05-at-11.49.13-1024x682-1.jpeg\" alt=\"\" class=\"wp-image-1696\" srcset=\"https:\/\/wp.ull.es\/aenogas\/wp-content\/uploads\/sites\/90\/2021\/08\/WhatsApp-Image-2021-06-05-at-11.49.13-1024x682-1.jpeg 1024w, https:\/\/wp.ull.es\/aenogas\/wp-content\/uploads\/sites\/90\/2021\/08\/WhatsApp-Image-2021-06-05-at-11.49.13-1024x682-1-300x200.jpeg 300w, https:\/\/wp.ull.es\/aenogas\/wp-content\/uploads\/sites\/90\/2021\/08\/WhatsApp-Image-2021-06-05-at-11.49.13-1024x682-1-768x512.jpeg 768w, https:\/\/wp.ull.es\/aenogas\/wp-content\/uploads\/sites\/90\/2021\/08\/WhatsApp-Image-2021-06-05-at-11.49.13-1024x682-1-100x67.jpeg 100w, https:\/\/wp.ull.es\/aenogas\/wp-content\/uploads\/sites\/90\/2021\/08\/WhatsApp-Image-2021-06-05-at-11.49.13-1024x682-1-150x100.jpeg 150w, https:\/\/wp.ull.es\/aenogas\/wp-content\/uploads\/sites\/90\/2021\/08\/WhatsApp-Image-2021-06-05-at-11.49.13-1024x682-1-200x133.jpeg 200w, https:\/\/wp.ull.es\/aenogas\/wp-content\/uploads\/sites\/90\/2021\/08\/WhatsApp-Image-2021-06-05-at-11.49.13-1024x682-1-450x300.jpeg 450w, https:\/\/wp.ull.es\/aenogas\/wp-content\/uploads\/sites\/90\/2021\/08\/WhatsApp-Image-2021-06-05-at-11.49.13-1024x682-1-600x400.jpeg 600w, https:\/\/wp.ull.es\/aenogas\/wp-content\/uploads\/sites\/90\/2021\/08\/WhatsApp-Image-2021-06-05-at-11.49.13-1024x682-1-900x599.jpeg 900w\" sizes=\"(max-width: 1024px) 100vw, 1024px\" \/><figcaption>Janet Hern\u00e1ndez M\u00e9ndez. Doctora con Menci\u00f3n Internacional en Ciencias Econ\u00f3micas y Empresariales por la Universidad de Granada. Profesora del \u00e1rea de Comercializaci\u00f3n e Investigaci\u00f3n de Mercados en la Universidad de La Laguna.<\/figcaption><\/figure>\n\n\n\n<figure class=\"wp-block-image size-large\"><img decoding=\"async\" width=\"1024\" height=\"682\" src=\"https:\/\/wp.ull.es\/aenogas\/wp-content\/uploads\/sites\/90\/2021\/08\/WhatsApp-Image-2021-06-05-at-11.49.18-1-1024x682-1.jpeg\" alt=\"\" class=\"wp-image-1697\" srcset=\"https:\/\/wp.ull.es\/aenogas\/wp-content\/uploads\/sites\/90\/2021\/08\/WhatsApp-Image-2021-06-05-at-11.49.18-1-1024x682-1.jpeg 1024w, https:\/\/wp.ull.es\/aenogas\/wp-content\/uploads\/sites\/90\/2021\/08\/WhatsApp-Image-2021-06-05-at-11.49.18-1-1024x682-1-300x200.jpeg 300w, https:\/\/wp.ull.es\/aenogas\/wp-content\/uploads\/sites\/90\/2021\/08\/WhatsApp-Image-2021-06-05-at-11.49.18-1-1024x682-1-768x512.jpeg 768w, https:\/\/wp.ull.es\/aenogas\/wp-content\/uploads\/sites\/90\/2021\/08\/WhatsApp-Image-2021-06-05-at-11.49.18-1-1024x682-1-100x67.jpeg 100w, https:\/\/wp.ull.es\/aenogas\/wp-content\/uploads\/sites\/90\/2021\/08\/WhatsApp-Image-2021-06-05-at-11.49.18-1-1024x682-1-150x100.jpeg 150w, https:\/\/wp.ull.es\/aenogas\/wp-content\/uploads\/sites\/90\/2021\/08\/WhatsApp-Image-2021-06-05-at-11.49.18-1-1024x682-1-200x133.jpeg 200w, https:\/\/wp.ull.es\/aenogas\/wp-content\/uploads\/sites\/90\/2021\/08\/WhatsApp-Image-2021-06-05-at-11.49.18-1-1024x682-1-450x300.jpeg 450w, https:\/\/wp.ull.es\/aenogas\/wp-content\/uploads\/sites\/90\/2021\/08\/WhatsApp-Image-2021-06-05-at-11.49.18-1-1024x682-1-600x400.jpeg 600w, https:\/\/wp.ull.es\/aenogas\/wp-content\/uploads\/sites\/90\/2021\/08\/WhatsApp-Image-2021-06-05-at-11.49.18-1-1024x682-1-900x599.jpeg 900w\" sizes=\"(max-width: 1024px) 100vw, 1024px\" \/><figcaption>Jes\u00fas E. de las Heras Roger. Doctor en Qu\u00edmica y Licenciado en Ciencia y Tecnolog\u00eda de los Alimentos por la Universidad de La Laguna. Director<br>T\u00e9cnico del \u00e1rea de Vinos del Laboratorio Insular de Tenerife.<\/figcaption><\/figure>\n\n\n\n<figure class=\"wp-block-image size-large\"><img loading=\"lazy\" decoding=\"async\" width=\"1024\" height=\"682\" src=\"https:\/\/wp.ull.es\/aenogas\/wp-content\/uploads\/sites\/90\/2021\/08\/WhatsApp-Image-2021-06-05-at-11.49.16-1024x682-1.jpeg\" alt=\"\" class=\"wp-image-1698\" srcset=\"https:\/\/wp.ull.es\/aenogas\/wp-content\/uploads\/sites\/90\/2021\/08\/WhatsApp-Image-2021-06-05-at-11.49.16-1024x682-1.jpeg 1024w, https:\/\/wp.ull.es\/aenogas\/wp-content\/uploads\/sites\/90\/2021\/08\/WhatsApp-Image-2021-06-05-at-11.49.16-1024x682-1-300x200.jpeg 300w, https:\/\/wp.ull.es\/aenogas\/wp-content\/uploads\/sites\/90\/2021\/08\/WhatsApp-Image-2021-06-05-at-11.49.16-1024x682-1-768x512.jpeg 768w, https:\/\/wp.ull.es\/aenogas\/wp-content\/uploads\/sites\/90\/2021\/08\/WhatsApp-Image-2021-06-05-at-11.49.16-1024x682-1-100x67.jpeg 100w, https:\/\/wp.ull.es\/aenogas\/wp-content\/uploads\/sites\/90\/2021\/08\/WhatsApp-Image-2021-06-05-at-11.49.16-1024x682-1-150x100.jpeg 150w, https:\/\/wp.ull.es\/aenogas\/wp-content\/uploads\/sites\/90\/2021\/08\/WhatsApp-Image-2021-06-05-at-11.49.16-1024x682-1-200x133.jpeg 200w, https:\/\/wp.ull.es\/aenogas\/wp-content\/uploads\/sites\/90\/2021\/08\/WhatsApp-Image-2021-06-05-at-11.49.16-1024x682-1-450x300.jpeg 450w, https:\/\/wp.ull.es\/aenogas\/wp-content\/uploads\/sites\/90\/2021\/08\/WhatsApp-Image-2021-06-05-at-11.49.16-1024x682-1-600x400.jpeg 600w, https:\/\/wp.ull.es\/aenogas\/wp-content\/uploads\/sites\/90\/2021\/08\/WhatsApp-Image-2021-06-05-at-11.49.16-1024x682-1-900x599.jpeg 900w\" sizes=\"(max-width: 1024px) 100vw, 1024px\" \/><figcaption><strong>Zebina Hern\u00e1ndez Hern\u00e1ndez<\/strong>. M\u00e1ster en Producci\u00f3n y Elaboraci\u00f3n de Productos L\u00e1cteos por la UNESCO. Consultora Externa en Productos Gastron\u00f3micos de Calidad.<\/figcaption><\/figure>\n\n\n\n<figure class=\"wp-block-image size-large\"><img decoding=\"async\" src=\"https:\/\/wp.ull.es\/aenogas\/wp-content\/uploads\/sites\/90\/2021\/08\/WhatsApp-Image-2021-06-05-at-11.49.20-1024x682-1.jpeg\" alt=\"\" class=\"wp-image-1699\" \/><figcaption>Mar\u00eda E. Fonte Garc\u00eda. Diplomatura en Educaci\u00f3n Social por la Universidad de Lleida. T\u00e9cnica del \u00e1rea de innovaci\u00f3n social de la Fundaci\u00f3n General de la Universidad de La Laguna.<\/figcaption><\/figure>\n\n\n\n<figure class=\"wp-block-image size-large\"><img decoding=\"async\" src=\"https:\/\/wp.ull.es\/aenogas\/wp-content\/uploads\/sites\/90\/2021\/08\/WhatsApp-Image-2021-06-05-at-11.49.21-1024x682-1.jpeg\" alt=\"\" class=\"wp-image-1700\" \/><figcaption>Javier Luis \u00c1lvarez Santos. Doctor en Historia por la Universidad de La Laguna y la Universidade Nova de Lisboa. Profesor del \u00e1rea de Historia<br>Moderna en la Universidad de Las Palmas de Gran Canaria.<\/figcaption><\/figure>\n\n\n\n<figure class=\"wp-block-image size-large\"><img loading=\"lazy\" decoding=\"async\" width=\"1024\" height=\"682\" src=\"https:\/\/wp.ull.es\/aenogas\/wp-content\/uploads\/sites\/90\/2021\/08\/WhatsApp-Image-2021-06-05-at-11.49.19-1024x682-1.jpeg\" alt=\"\" class=\"wp-image-1701\" srcset=\"https:\/\/wp.ull.es\/aenogas\/wp-content\/uploads\/sites\/90\/2021\/08\/WhatsApp-Image-2021-06-05-at-11.49.19-1024x682-1.jpeg 1024w, https:\/\/wp.ull.es\/aenogas\/wp-content\/uploads\/sites\/90\/2021\/08\/WhatsApp-Image-2021-06-05-at-11.49.19-1024x682-1-300x200.jpeg 300w, https:\/\/wp.ull.es\/aenogas\/wp-content\/uploads\/sites\/90\/2021\/08\/WhatsApp-Image-2021-06-05-at-11.49.19-1024x682-1-768x512.jpeg 768w, https:\/\/wp.ull.es\/aenogas\/wp-content\/uploads\/sites\/90\/2021\/08\/WhatsApp-Image-2021-06-05-at-11.49.19-1024x682-1-100x67.jpeg 100w, https:\/\/wp.ull.es\/aenogas\/wp-content\/uploads\/sites\/90\/2021\/08\/WhatsApp-Image-2021-06-05-at-11.49.19-1024x682-1-150x100.jpeg 150w, https:\/\/wp.ull.es\/aenogas\/wp-content\/uploads\/sites\/90\/2021\/08\/WhatsApp-Image-2021-06-05-at-11.49.19-1024x682-1-200x133.jpeg 200w, https:\/\/wp.ull.es\/aenogas\/wp-content\/uploads\/sites\/90\/2021\/08\/WhatsApp-Image-2021-06-05-at-11.49.19-1024x682-1-450x300.jpeg 450w, https:\/\/wp.ull.es\/aenogas\/wp-content\/uploads\/sites\/90\/2021\/08\/WhatsApp-Image-2021-06-05-at-11.49.19-1024x682-1-600x400.jpeg 600w, https:\/\/wp.ull.es\/aenogas\/wp-content\/uploads\/sites\/90\/2021\/08\/WhatsApp-Image-2021-06-05-at-11.49.19-1024x682-1-900x599.jpeg 900w\" sizes=\"(max-width: 1024px) 100vw, 1024px\" \/><figcaption>Ana Mar\u00eda Moralez Hern\u00e1ndez. Doctora en Desarrollo Regional, Formaci\u00f3n y Empleo con una especialidad en G\u00e9nero y Turismo Rural por la Universidad de La Laguna. Profesora del \u00e1rea de Trabajo Social y Servicios Sociales en la Universidad de Las Palmas de Gran Canaria.<\/figcaption><\/figure>\n","protected":false},"excerpt":{"rendered":"<p>Hoy se ha celebrado la primera reuni\u00f3n del Consejo de Direcci\u00f3n de la C\u00e1tedra de Agroturismo y Enoturismo de Canarias del Instituto Canario de Calidad Agroalimentaria y de la Universidad de La Laguna, un encuentro distendido en el que se han podido constatar las opiniones y realidades de un grupo multidisciplinar de docentes y profesionales.<\/p>\n<div class=\"read-more\"><a href=\"https:\/\/wp.ull.es\/aenogas\/2021\/06\/05\/primera-reunion-del-consejo-de-direccion-de-la-catedra-de-agroturismo-y-enoturismo-de-canarias\/\">Leer m\u00e1s \u203a<\/a><\/div>\n<p><!-- end of .read-more --><\/p>\n","protected":false},"author":227,"featured_media":1703,"comment_status":"open","ping_status":"open","sticky":false,"template":"","format":"standard","meta":{"footnotes":""},"categories":[1],"tags":[],"class_list":["post-1694","post","type-post","status-publish","format-standard","has-post-thumbnail","hentry","category-sin-categoria"],"yoast_head":"<!-- This site is optimized with the Yoast SEO plugin v27.4 - https:\/\/yoast.com\/product\/yoast-seo-wordpress\/ -->\n<title>Primera reuni\u00f3n del Consejo de Direcci\u00f3n de la C\u00e1tedra de Agroturismo y Enoturismo de Canarias - Enoturismo Canarias<\/title>\n<meta name=\"robots\" content=\"index, follow, max-snippet:-1, max-image-preview:large, max-video-preview:-1\" \/>\n<link rel=\"canonical\" href=\"https:\/\/wp.ull.es\/aenogas\/2021\/06\/05\/primera-reunion-del-consejo-de-direccion-de-la-catedra-de-agroturismo-y-enoturismo-de-canarias\/\" \/>\n<meta property=\"og:locale\" content=\"es_ES\" \/>\n<meta property=\"og:type\" content=\"article\" \/>\n<meta property=\"og:title\" content=\"Primera reuni\u00f3n del Consejo de Direcci\u00f3n de la C\u00e1tedra de Agroturismo y Enoturismo de Canarias - Enoturismo Canarias\" \/>\n<meta property=\"og:description\" content=\"Hoy se ha celebrado la primera reuni\u00f3n del Consejo de Direcci\u00f3n de la C\u00e1tedra de Agroturismo y Enoturismo de Canarias del Instituto Canario de Calidad Agroalimentaria y de la Universidad de La Laguna, un encuentro distendido en el que se han podido constatar las opiniones y realidades de un grupo multidisciplinar de docentes y profesionales.Leer m\u00e1s \u203a\" \/>\n<meta property=\"og:url\" content=\"https:\/\/wp.ull.es\/aenogas\/2021\/06\/05\/primera-reunion-del-consejo-de-direccion-de-la-catedra-de-agroturismo-y-enoturismo-de-canarias\/\" \/>\n<meta property=\"og:site_name\" content=\"Enoturismo Canarias\" \/>\n<meta property=\"article:publisher\" content=\"https:\/\/www.facebook.com\/enoturismoull\" \/>\n<meta property=\"article:published_time\" content=\"2021-06-05T12:39:00+00:00\" \/>\n<meta property=\"article:modified_time\" content=\"2021-08-09T12:40:02+00:00\" \/>\n<meta property=\"og:image\" content=\"https:\/\/wp.ull.es\/aenogas\/wp-content\/uploads\/sites\/90\/2021\/08\/WhatsApp-Image-2021-06-05-at-11.49.14-1080x675-1.jpeg\" \/>\n\t<meta property=\"og:image:width\" content=\"1080\" \/>\n\t<meta property=\"og:image:height\" content=\"675\" \/>\n\t<meta property=\"og:image:type\" content=\"image\/jpeg\" \/>\n<meta name=\"author\" content=\"aenogas\" \/>\n<meta name=\"twitter:card\" content=\"summary_large_image\" \/>\n<meta name=\"twitter:creator\" content=\"@enoturismoull\" \/>\n<meta name=\"twitter:site\" content=\"@enoturismoull\" \/>\n<meta name=\"twitter:label1\" content=\"Escrito por\" \/>\n\t<meta name=\"twitter:data1\" content=\"aenogas\" \/>\n\t<meta name=\"twitter:label2\" content=\"Tiempo de lectura\" \/>\n\t<meta name=\"twitter:data2\" content=\"2 minutos\" \/>\n<script type=\"application\/ld+json\" class=\"yoast-schema-graph\">{\"@context\":\"https:\\\/\\\/schema.org\",\"@graph\":[{\"@type\":\"Article\",\"@id\":\"https:\\\/\\\/wp.ull.es\\\/aenogas\\\/2021\\\/06\\\/05\\\/primera-reunion-del-consejo-de-direccion-de-la-catedra-de-agroturismo-y-enoturismo-de-canarias\\\/#article\",\"isPartOf\":{\"@id\":\"https:\\\/\\\/wp.ull.es\\\/aenogas\\\/2021\\\/06\\\/05\\\/primera-reunion-del-consejo-de-direccion-de-la-catedra-de-agroturismo-y-enoturismo-de-canarias\\\/\"},\"author\":{\"name\":\"aenogas\",\"@id\":\"https:\\\/\\\/wp.ull.es\\\/aenogas\\\/#\\\/schema\\\/person\\\/08dc3be5406aba55875ae5024a8e7426\"},\"headline\":\"Primera reuni\u00f3n del Consejo de Direcci\u00f3n de la C\u00e1tedra de Agroturismo y Enoturismo de Canarias\",\"datePublished\":\"2021-06-05T12:39:00+00:00\",\"dateModified\":\"2021-08-09T12:40:02+00:00\",\"mainEntityOfPage\":{\"@id\":\"https:\\\/\\\/wp.ull.es\\\/aenogas\\\/2021\\\/06\\\/05\\\/primera-reunion-del-consejo-de-direccion-de-la-catedra-de-agroturismo-y-enoturismo-de-canarias\\\/\"},\"wordCount\":419,\"commentCount\":0,\"publisher\":{\"@id\":\"https:\\\/\\\/wp.ull.es\\\/aenogas\\\/#organization\"},\"image\":{\"@id\":\"https:\\\/\\\/wp.ull.es\\\/aenogas\\\/2021\\\/06\\\/05\\\/primera-reunion-del-consejo-de-direccion-de-la-catedra-de-agroturismo-y-enoturismo-de-canarias\\\/#primaryimage\"},\"thumbnailUrl\":\"https:\\\/\\\/wp.ull.es\\\/aenogas\\\/wp-content\\\/uploads\\\/sites\\\/90\\\/2021\\\/08\\\/WhatsApp-Image-2021-06-05-at-11.49.14-1080x675-1.jpeg\",\"inLanguage\":\"es\",\"potentialAction\":[{\"@type\":\"CommentAction\",\"name\":\"Comment\",\"target\":[\"https:\\\/\\\/wp.ull.es\\\/aenogas\\\/2021\\\/06\\\/05\\\/primera-reunion-del-consejo-de-direccion-de-la-catedra-de-agroturismo-y-enoturismo-de-canarias\\\/#respond\"]}]},{\"@type\":\"WebPage\",\"@id\":\"https:\\\/\\\/wp.ull.es\\\/aenogas\\\/2021\\\/06\\\/05\\\/primera-reunion-del-consejo-de-direccion-de-la-catedra-de-agroturismo-y-enoturismo-de-canarias\\\/\",\"url\":\"https:\\\/\\\/wp.ull.es\\\/aenogas\\\/2021\\\/06\\\/05\\\/primera-reunion-del-consejo-de-direccion-de-la-catedra-de-agroturismo-y-enoturismo-de-canarias\\\/\",\"name\":\"Primera reuni\u00f3n del Consejo de Direcci\u00f3n de la C\u00e1tedra de Agroturismo y Enoturismo de Canarias - Enoturismo Canarias\",\"isPartOf\":{\"@id\":\"https:\\\/\\\/wp.ull.es\\\/aenogas\\\/#website\"},\"primaryImageOfPage\":{\"@id\":\"https:\\\/\\\/wp.ull.es\\\/aenogas\\\/2021\\\/06\\\/05\\\/primera-reunion-del-consejo-de-direccion-de-la-catedra-de-agroturismo-y-enoturismo-de-canarias\\\/#primaryimage\"},\"image\":{\"@id\":\"https:\\\/\\\/wp.ull.es\\\/aenogas\\\/2021\\\/06\\\/05\\\/primera-reunion-del-consejo-de-direccion-de-la-catedra-de-agroturismo-y-enoturismo-de-canarias\\\/#primaryimage\"},\"thumbnailUrl\":\"https:\\\/\\\/wp.ull.es\\\/aenogas\\\/wp-content\\\/uploads\\\/sites\\\/90\\\/2021\\\/08\\\/WhatsApp-Image-2021-06-05-at-11.49.14-1080x675-1.jpeg\",\"datePublished\":\"2021-06-05T12:39:00+00:00\",\"dateModified\":\"2021-08-09T12:40:02+00:00\",\"breadcrumb\":{\"@id\":\"https:\\\/\\\/wp.ull.es\\\/aenogas\\\/2021\\\/06\\\/05\\\/primera-reunion-del-consejo-de-direccion-de-la-catedra-de-agroturismo-y-enoturismo-de-canarias\\\/#breadcrumb\"},\"inLanguage\":\"es\",\"potentialAction\":[{\"@type\":\"ReadAction\",\"target\":[\"https:\\\/\\\/wp.ull.es\\\/aenogas\\\/2021\\\/06\\\/05\\\/primera-reunion-del-consejo-de-direccion-de-la-catedra-de-agroturismo-y-enoturismo-de-canarias\\\/\"]}]},{\"@type\":\"ImageObject\",\"inLanguage\":\"es\",\"@id\":\"https:\\\/\\\/wp.ull.es\\\/aenogas\\\/2021\\\/06\\\/05\\\/primera-reunion-del-consejo-de-direccion-de-la-catedra-de-agroturismo-y-enoturismo-de-canarias\\\/#primaryimage\",\"url\":\"https:\\\/\\\/wp.ull.es\\\/aenogas\\\/wp-content\\\/uploads\\\/sites\\\/90\\\/2021\\\/08\\\/WhatsApp-Image-2021-06-05-at-11.49.14-1080x675-1.jpeg\",\"contentUrl\":\"https:\\\/\\\/wp.ull.es\\\/aenogas\\\/wp-content\\\/uploads\\\/sites\\\/90\\\/2021\\\/08\\\/WhatsApp-Image-2021-06-05-at-11.49.14-1080x675-1.jpeg\",\"width\":1080,\"height\":675},{\"@type\":\"BreadcrumbList\",\"@id\":\"https:\\\/\\\/wp.ull.es\\\/aenogas\\\/2021\\\/06\\\/05\\\/primera-reunion-del-consejo-de-direccion-de-la-catedra-de-agroturismo-y-enoturismo-de-canarias\\\/#breadcrumb\",\"itemListElement\":[{\"@type\":\"ListItem\",\"position\":1,\"name\":\"Portada\",\"item\":\"https:\\\/\\\/wp.ull.es\\\/aenogas\\\/\"},{\"@type\":\"ListItem\",\"position\":2,\"name\":\"Primera reuni\u00f3n del Consejo de Direcci\u00f3n de la C\u00e1tedra de Agroturismo y Enoturismo de Canarias\"}]},{\"@type\":\"WebSite\",\"@id\":\"https:\\\/\\\/wp.ull.es\\\/aenogas\\\/#website\",\"url\":\"https:\\\/\\\/wp.ull.es\\\/aenogas\\\/\",\"name\":\"Enoturismo Canarias\",\"description\":\"C\u00e1tedra de Agroturismo y Enoturismo Instituto de Canario de Calidad Agroalimentaria\",\"publisher\":{\"@id\":\"https:\\\/\\\/wp.ull.es\\\/aenogas\\\/#organization\"},\"potentialAction\":[{\"@type\":\"SearchAction\",\"target\":{\"@type\":\"EntryPoint\",\"urlTemplate\":\"https:\\\/\\\/wp.ull.es\\\/aenogas\\\/?s={search_term_string}\"},\"query-input\":{\"@type\":\"PropertyValueSpecification\",\"valueRequired\":true,\"valueName\":\"search_term_string\"}}],\"inLanguage\":\"es\"},{\"@type\":\"Organization\",\"@id\":\"https:\\\/\\\/wp.ull.es\\\/aenogas\\\/#organization\",\"name\":\"C\u00e1tedra de Agroturismo y Enoturismo de Canarias del Instituto Canario de Calidad Agroalimentaria y de la Universidad de La Laguna\",\"url\":\"https:\\\/\\\/wp.ull.es\\\/aenogas\\\/\",\"logo\":{\"@type\":\"ImageObject\",\"inLanguage\":\"es\",\"@id\":\"https:\\\/\\\/wp.ull.es\\\/aenogas\\\/#\\\/schema\\\/logo\\\/image\\\/\",\"url\":\"https:\\\/\\\/wp.ull.es\\\/aenogas\\\/wp-content\\\/uploads\\\/sites\\\/90\\\/2021\\\/03\\\/Logotipo-Catedra.png\",\"contentUrl\":\"https:\\\/\\\/wp.ull.es\\\/aenogas\\\/wp-content\\\/uploads\\\/sites\\\/90\\\/2021\\\/03\\\/Logotipo-Catedra.png\",\"width\":300,\"height\":89,\"caption\":\"C\u00e1tedra de Agroturismo y Enoturismo de Canarias del Instituto Canario de Calidad Agroalimentaria y de la Universidad de La Laguna\"},\"image\":{\"@id\":\"https:\\\/\\\/wp.ull.es\\\/aenogas\\\/#\\\/schema\\\/logo\\\/image\\\/\"},\"sameAs\":[\"https:\\\/\\\/www.facebook.com\\\/enoturismoull\",\"https:\\\/\\\/x.com\\\/enoturismoull\",\"https:\\\/\\\/www.linkedin.com\\\/company\\\/40816665\\\/admin\\\/dashboard\\\/\"]},{\"@type\":\"Person\",\"@id\":\"https:\\\/\\\/wp.ull.es\\\/aenogas\\\/#\\\/schema\\\/person\\\/08dc3be5406aba55875ae5024a8e7426\",\"name\":\"aenogas\",\"image\":{\"@type\":\"ImageObject\",\"inLanguage\":\"es\",\"@id\":\"https:\\\/\\\/secure.gravatar.com\\\/avatar\\\/957f529db4c10409aeb4798f38d978d31a86852b0557feaaa15ada6691fe502f?s=96&d=mm&r=g\",\"url\":\"https:\\\/\\\/secure.gravatar.com\\\/avatar\\\/957f529db4c10409aeb4798f38d978d31a86852b0557feaaa15ada6691fe502f?s=96&d=mm&r=g\",\"contentUrl\":\"https:\\\/\\\/secure.gravatar.com\\\/avatar\\\/957f529db4c10409aeb4798f38d978d31a86852b0557feaaa15ada6691fe502f?s=96&d=mm&r=g\",\"caption\":\"aenogas\"},\"url\":\"https:\\\/\\\/wp.ull.es\\\/aenogas\\\/author\\\/aenogas\\\/\"}]}<\/script>\n<!-- \/ Yoast SEO plugin. -->","yoast_head_json":{"title":"Primera reuni\u00f3n del Consejo de Direcci\u00f3n de la C\u00e1tedra de Agroturismo y Enoturismo de Canarias - Enoturismo Canarias","robots":{"index":"index","follow":"follow","max-snippet":"max-snippet:-1","max-image-preview":"max-image-preview:large","max-video-preview":"max-video-preview:-1"},"canonical":"https:\/\/wp.ull.es\/aenogas\/2021\/06\/05\/primera-reunion-del-consejo-de-direccion-de-la-catedra-de-agroturismo-y-enoturismo-de-canarias\/","og_locale":"es_ES","og_type":"article","og_title":"Primera reuni\u00f3n del Consejo de Direcci\u00f3n de la C\u00e1tedra de Agroturismo y Enoturismo de Canarias - Enoturismo Canarias","og_description":"Hoy se ha celebrado la primera reuni\u00f3n del Consejo de Direcci\u00f3n de la C\u00e1tedra de Agroturismo y Enoturismo de Canarias del Instituto Canario de Calidad Agroalimentaria y de la Universidad de La Laguna, un encuentro distendido en el que se han podido constatar las opiniones y realidades de un grupo multidisciplinar de docentes y profesionales.Leer m\u00e1s \u203a","og_url":"https:\/\/wp.ull.es\/aenogas\/2021\/06\/05\/primera-reunion-del-consejo-de-direccion-de-la-catedra-de-agroturismo-y-enoturismo-de-canarias\/","og_site_name":"Enoturismo Canarias","article_publisher":"https:\/\/www.facebook.com\/enoturismoull","article_published_time":"2021-06-05T12:39:00+00:00","article_modified_time":"2021-08-09T12:40:02+00:00","og_image":[{"width":1080,"height":675,"url":"https:\/\/wp.ull.es\/aenogas\/wp-content\/uploads\/sites\/90\/2021\/08\/WhatsApp-Image-2021-06-05-at-11.49.14-1080x675-1.jpeg","type":"image\/jpeg"}],"author":"aenogas","twitter_card":"summary_large_image","twitter_creator":"@enoturismoull","twitter_site":"@enoturismoull","twitter_misc":{"Escrito por":"aenogas","Tiempo de lectura":"2 minutos"},"schema":{"@context":"https:\/\/schema.org","@graph":[{"@type":"Article","@id":"https:\/\/wp.ull.es\/aenogas\/2021\/06\/05\/primera-reunion-del-consejo-de-direccion-de-la-catedra-de-agroturismo-y-enoturismo-de-canarias\/#article","isPartOf":{"@id":"https:\/\/wp.ull.es\/aenogas\/2021\/06\/05\/primera-reunion-del-consejo-de-direccion-de-la-catedra-de-agroturismo-y-enoturismo-de-canarias\/"},"author":{"name":"aenogas","@id":"https:\/\/wp.ull.es\/aenogas\/#\/schema\/person\/08dc3be5406aba55875ae5024a8e7426"},"headline":"Primera reuni\u00f3n del Consejo de Direcci\u00f3n de la C\u00e1tedra de Agroturismo y Enoturismo de Canarias","datePublished":"2021-06-05T12:39:00+00:00","dateModified":"2021-08-09T12:40:02+00:00","mainEntityOfPage":{"@id":"https:\/\/wp.ull.es\/aenogas\/2021\/06\/05\/primera-reunion-del-consejo-de-direccion-de-la-catedra-de-agroturismo-y-enoturismo-de-canarias\/"},"wordCount":419,"commentCount":0,"publisher":{"@id":"https:\/\/wp.ull.es\/aenogas\/#organization"},"image":{"@id":"https:\/\/wp.ull.es\/aenogas\/2021\/06\/05\/primera-reunion-del-consejo-de-direccion-de-la-catedra-de-agroturismo-y-enoturismo-de-canarias\/#primaryimage"},"thumbnailUrl":"https:\/\/wp.ull.es\/aenogas\/wp-content\/uploads\/sites\/90\/2021\/08\/WhatsApp-Image-2021-06-05-at-11.49.14-1080x675-1.jpeg","inLanguage":"es","potentialAction":[{"@type":"CommentAction","name":"Comment","target":["https:\/\/wp.ull.es\/aenogas\/2021\/06\/05\/primera-reunion-del-consejo-de-direccion-de-la-catedra-de-agroturismo-y-enoturismo-de-canarias\/#respond"]}]},{"@type":"WebPage","@id":"https:\/\/wp.ull.es\/aenogas\/2021\/06\/05\/primera-reunion-del-consejo-de-direccion-de-la-catedra-de-agroturismo-y-enoturismo-de-canarias\/","url":"https:\/\/wp.ull.es\/aenogas\/2021\/06\/05\/primera-reunion-del-consejo-de-direccion-de-la-catedra-de-agroturismo-y-enoturismo-de-canarias\/","name":"Primera reuni\u00f3n del Consejo de Direcci\u00f3n de la C\u00e1tedra de Agroturismo y Enoturismo de Canarias - Enoturismo Canarias","isPartOf":{"@id":"https:\/\/wp.ull.es\/aenogas\/#website"},"primaryImageOfPage":{"@id":"https:\/\/wp.ull.es\/aenogas\/2021\/06\/05\/primera-reunion-del-consejo-de-direccion-de-la-catedra-de-agroturismo-y-enoturismo-de-canarias\/#primaryimage"},"image":{"@id":"https:\/\/wp.ull.es\/aenogas\/2021\/06\/05\/primera-reunion-del-consejo-de-direccion-de-la-catedra-de-agroturismo-y-enoturismo-de-canarias\/#primaryimage"},"thumbnailUrl":"https:\/\/wp.ull.es\/aenogas\/wp-content\/uploads\/sites\/90\/2021\/08\/WhatsApp-Image-2021-06-05-at-11.49.14-1080x675-1.jpeg","datePublished":"2021-06-05T12:39:00+00:00","dateModified":"2021-08-09T12:40:02+00:00","breadcrumb":{"@id":"https:\/\/wp.ull.es\/aenogas\/2021\/06\/05\/primera-reunion-del-consejo-de-direccion-de-la-catedra-de-agroturismo-y-enoturismo-de-canarias\/#breadcrumb"},"inLanguage":"es","potentialAction":[{"@type":"ReadAction","target":["https:\/\/wp.ull.es\/aenogas\/2021\/06\/05\/primera-reunion-del-consejo-de-direccion-de-la-catedra-de-agroturismo-y-enoturismo-de-canarias\/"]}]},{"@type":"ImageObject","inLanguage":"es","@id":"https:\/\/wp.ull.es\/aenogas\/2021\/06\/05\/primera-reunion-del-consejo-de-direccion-de-la-catedra-de-agroturismo-y-enoturismo-de-canarias\/#primaryimage","url":"https:\/\/wp.ull.es\/aenogas\/wp-content\/uploads\/sites\/90\/2021\/08\/WhatsApp-Image-2021-06-05-at-11.49.14-1080x675-1.jpeg","contentUrl":"https:\/\/wp.ull.es\/aenogas\/wp-content\/uploads\/sites\/90\/2021\/08\/WhatsApp-Image-2021-06-05-at-11.49.14-1080x675-1.jpeg","width":1080,"height":675},{"@type":"BreadcrumbList","@id":"https:\/\/wp.ull.es\/aenogas\/2021\/06\/05\/primera-reunion-del-consejo-de-direccion-de-la-catedra-de-agroturismo-y-enoturismo-de-canarias\/#breadcrumb","itemListElement":[{"@type":"ListItem","position":1,"name":"Portada","item":"https:\/\/wp.ull.es\/aenogas\/"},{"@type":"ListItem","position":2,"name":"Primera reuni\u00f3n del Consejo de Direcci\u00f3n de la C\u00e1tedra de Agroturismo y Enoturismo de Canarias"}]},{"@type":"WebSite","@id":"https:\/\/wp.ull.es\/aenogas\/#website","url":"https:\/\/wp.ull.es\/aenogas\/","name":"Enoturismo Canarias","description":"C\u00e1tedra de Agroturismo y Enoturismo Instituto de Canario de Calidad Agroalimentaria","publisher":{"@id":"https:\/\/wp.ull.es\/aenogas\/#organization"},"potentialAction":[{"@type":"SearchAction","target":{"@type":"EntryPoint","urlTemplate":"https:\/\/wp.ull.es\/aenogas\/?s={search_term_string}"},"query-input":{"@type":"PropertyValueSpecification","valueRequired":true,"valueName":"search_term_string"}}],"inLanguage":"es"},{"@type":"Organization","@id":"https:\/\/wp.ull.es\/aenogas\/#organization","name":"C\u00e1tedra de Agroturismo y Enoturismo de Canarias del Instituto Canario de Calidad Agroalimentaria y de la Universidad de La Laguna","url":"https:\/\/wp.ull.es\/aenogas\/","logo":{"@type":"ImageObject","inLanguage":"es","@id":"https:\/\/wp.ull.es\/aenogas\/#\/schema\/logo\/image\/","url":"https:\/\/wp.ull.es\/aenogas\/wp-content\/uploads\/sites\/90\/2021\/03\/Logotipo-Catedra.png","contentUrl":"https:\/\/wp.ull.es\/aenogas\/wp-content\/uploads\/sites\/90\/2021\/03\/Logotipo-Catedra.png","width":300,"height":89,"caption":"C\u00e1tedra de Agroturismo y Enoturismo de Canarias del Instituto Canario de Calidad Agroalimentaria y de la Universidad de La Laguna"},"image":{"@id":"https:\/\/wp.ull.es\/aenogas\/#\/schema\/logo\/image\/"},"sameAs":["https:\/\/www.facebook.com\/enoturismoull","https:\/\/x.com\/enoturismoull","https:\/\/www.linkedin.com\/company\/40816665\/admin\/dashboard\/"]},{"@type":"Person","@id":"https:\/\/wp.ull.es\/aenogas\/#\/schema\/person\/08dc3be5406aba55875ae5024a8e7426","name":"aenogas","image":{"@type":"ImageObject","inLanguage":"es","@id":"https:\/\/secure.gravatar.com\/avatar\/957f529db4c10409aeb4798f38d978d31a86852b0557feaaa15ada6691fe502f?s=96&d=mm&r=g","url":"https:\/\/secure.gravatar.com\/avatar\/957f529db4c10409aeb4798f38d978d31a86852b0557feaaa15ada6691fe502f?s=96&d=mm&r=g","contentUrl":"https:\/\/secure.gravatar.com\/avatar\/957f529db4c10409aeb4798f38d978d31a86852b0557feaaa15ada6691fe502f?s=96&d=mm&r=g","caption":"aenogas"},"url":"https:\/\/wp.ull.es\/aenogas\/author\/aenogas\/"}]}},"_links":{"self":[{"href":"https:\/\/wp.ull.es\/aenogas\/wp-json\/wp\/v2\/posts\/1694","targetHints":{"allow":["GET"]}}],"collection":[{"href":"https:\/\/wp.ull.es\/aenogas\/wp-json\/wp\/v2\/posts"}],"about":[{"href":"https:\/\/wp.ull.es\/aenogas\/wp-json\/wp\/v2\/types\/post"}],"author":[{"embeddable":true,"href":"https:\/\/wp.ull.es\/aenogas\/wp-json\/wp\/v2\/users\/227"}],"replies":[{"embeddable":true,"href":"https:\/\/wp.ull.es\/aenogas\/wp-json\/wp\/v2\/comments?post=1694"}],"version-history":[{"count":2,"href":"https:\/\/wp.ull.es\/aenogas\/wp-json\/wp\/v2\/posts\/1694\/revisions"}],"predecessor-version":[{"id":1704,"href":"https:\/\/wp.ull.es\/aenogas\/wp-json\/wp\/v2\/posts\/1694\/revisions\/1704"}],"wp:featuredmedia":[{"embeddable":true,"href":"https:\/\/wp.ull.es\/aenogas\/wp-json\/wp\/v2\/media\/1703"}],"wp:attachment":[{"href":"https:\/\/wp.ull.es\/aenogas\/wp-json\/wp\/v2\/media?parent=1694"}],"wp:term":[{"taxonomy":"category","embeddable":true,"href":"https:\/\/wp.ull.es\/aenogas\/wp-json\/wp\/v2\/categories?post=1694"},{"taxonomy":"post_tag","embeddable":true,"href":"https:\/\/wp.ull.es\/aenogas\/wp-json\/wp\/v2\/tags?post=1694"}],"curies":[{"name":"wp","href":"https:\/\/api.w.org\/{rel}","templated":true}]}}