{"id":1675,"date":"2021-06-17T12:28:00","date_gmt":"2021-06-17T12:28:00","guid":{"rendered":"https:\/\/wp.ull.es\/aenogas\/?p=1675"},"modified":"2021-08-09T12:29:58","modified_gmt":"2021-08-09T12:29:58","slug":"designado-el-comite-cientifico-de-las-2as-jornadas-historicas-canary-wine","status":"publish","type":"post","link":"https:\/\/wp.ull.es\/aenogas\/2021\/06\/17\/designado-el-comite-cientifico-de-las-2as-jornadas-historicas-canary-wine\/","title":{"rendered":"Designado el Comit\u00e9 Cient\u00edfico de las 2as Jornadas Hist\u00f3ricas Canary Wine"},"content":{"rendered":"\n<p><strong>El conjunto de expertos elegido ser\u00e1 el \u00f3rgano de apoyo y  asesoramiento cient\u00edfico a las Jornadas y est\u00e1 conformado por expertos  de especial relevancia y trayectoria tanto profesional como docente  vinculada a la Historia y al Vino de Canarias<\/strong><\/p>\n\n\n\n<p>Recientemente se ha constituido  el que ser\u00e1 el Comit\u00e9 Cient\u00edfico encargado de la preparaci\u00f3n de las 2as  Jornadas Hist\u00f3ricas Canary Wine que, en formato virtual, se desarrollar\u00e1n desde  el Espacio Cultural de CajaCanarias en la Villa y Puerto de Garachico (Tenerife)  los pr\u00f3ximos 9 y 10 de julio de 2021 y que tendr\u00e1 como objetivo final analizar la  relevancia del vino en la construcci\u00f3n hist\u00f3rica de las comunicaciones y  transferencias globales.<\/p>\n\n\n\n<p>Dicho Comit\u00e9 estar\u00e1 conformado por Javier Luis \u00c1lvarez Santos como Director  Cient\u00edfico (Investigador y Doctor en Historia Moderna por la Universidad de La  Laguna y la Universidad Nova de Lisboa), Elvira Carolina Real Torres  (Profesora Titular de Filolog\u00eda Latina del Departamento de Filolog\u00eda Cl\u00e1sica,  Francesa, \u00c1rabe y Rom\u00e1nica de la Universidad de La Laguna) y por Francisco  Jos\u00e9 D\u00edaz Marcilla (Investigador de Historia Medieval en el Instituto de Estudios  Meidvales de la Universidad Nova de Lisboa).<\/p>\n\n\n\n<p>Los expertos designados ser\u00e1n los encargados de coordinar el amplio abanico  de investigadores y profesionales participantes, as\u00ed como elegir las ponencias y  conferencias con las que durante las Jornadas Hist\u00f3ricas se profundizar\u00e1 en un  periodo cronol\u00f3gico de nuestro pasado vitivin\u00edcola no muy lejano, y ampliar  dicho conocimiento a investigadores y alumnos de m\u00faltiples disciplinas  relacionadas y vinculadas al sector, que, aunque agrupados en torno en una tem\u00e1tica tan definida como es el vino, quieran acercarse al conocimiento de la situaci\u00f3n actual de la Historia del Vino en Canarias.<\/p>\n\n\n\n<p>Las Jornadas nacen fruto de la iniciativa de la C\u00e1tedra de Agroturismo y Enoturismo de Canarias del Instituto Canario de Calidad Agroalimentaria y de la Universidad de La Laguna junto con la Denominaci\u00f3n de Origen Protegida Islas Canarias &#8211; Canary Wine, con la inestimable colaboraci\u00f3n de la Fundaci\u00f3n CajaCanarias, el Gobierno de Canarias, el Cabildo de Tenerife (a trav\u00e9s de la Fundaci\u00f3n Tenerife Rural) y el Ayuntamiento de la Villa de Garachico.<\/p>\n\n\n\n<p><strong>JAVIER LUIS \u00c1LVAREZ SANTOS<\/strong><br>Director Cient\u00edfico<br><\/p>\n\n\n\n<p>Doctor con menci\u00f3n internacional en Historia Moderna por la Universidad de La Laguna y la Universidade Nova de Lisboa. Su libro m\u00e1s reciente es Identidad insular y espacio atl\u00e1ntico. Portugal y Tenerife en tiempos de la Uni\u00f3n Ib\u00e9rica (Catarata, 2019), el cual fue distinguido con  el Pr\u00e9mio da Funda\u00e7\u00e3o Calouste Gulbenkian no \u00e2mbito da Hist\u00f3ria da Presen\u00e7a de Portugal no Mundo otorgado por la Academia Portuguesa de la Historia (2020).<\/p>\n\n\n\n<p>Ha impartido docencia en la Universidad de La Laguna, en la Universidad de Las Palmas de  Gran Canaria, en la Universidade Nova de Lisboa y en la Pontificia Universidad Cat\u00f3lica del Per\u00fa. Es investigador del CHAM \u2013 Centro de Humanidades. Dirige el proyecto Emigration and social  inclusion in Cape Verde and Canary Islands. Historical analysis towards identity uilding in contact areas. Es miembro del proyecto de investigaci\u00f3n europeo FAILURE dentro del programa de innovaci\u00f3n Marie Sk\u0142odowska-Curie, del consejo de direcci\u00f3n de la C\u00e1tedra de  Agroturismo y Enoturismo de Canarias de la Universidad de La Laguna y del Instituto de  Estudios Canarios<\/p>\n\n\n\n<p><strong>ELVIRA CAROLINA REAL TORRES<\/strong><br>Profesora Titular de Filolog\u00eda Latina de la Universidad de La Laguna<\/p>\n\n\n\n<p>Doctora en Filolog\u00eda Latina y Profesora Titular del \u00c1rea de Lat\u00edn del Departamento de Filolog\u00eda Cl\u00e1sica, Francesa, \u00c1rabe y Rom\u00e1nica en la Facultad de Humanidades (Secci\u00f3n Filolog\u00eda) de la Universidad de La Laguna. Sus l\u00edneas de investigaci\u00f3n incluyen \u00abSem\u00e1ntica y lexicolog\u00eda<br> latinas\u00bb, \u00abHistoriograf\u00eda latina\u00bb, \u00abHumanismo espa\u00f1ol\u00bb, \u00abCr\u00edtica textual y edici\u00f3n de textos\u00bb,  \u00abTradici\u00f3n cl\u00e1sica en la literatura\u00bb, \u00abInnovaci\u00f3n did\u00e1ctica y aplicaci\u00f3n de las TIC a la ense\u00f1anza\u00bb y \u00abLa teor\u00eda feminista y la mujer en la Antig\u00fcedad grecolatina\u00bb.<\/p>\n\n\n\n<p>Pertenece a los grupos de investigaci\u00f3n \u00abEl \u00e1mbito femenino en los textos griegos y romanos\u00bb  y \u00abMarginalia Classica. Recepci\u00f3n cl\u00e1sica y cultura de masas contempor\u00e1nea: la construcci\u00f3n  de identidades y alteridades\u00bb. Actualmente forma parte de la Asociaci\u00f3n de Mujeres Investigadoras y Tecn\u00f3logas (AMIT) y  del Instituto Universitario de Estudios de la Mujer (IUEM) de la Universidad de La Laguna.<\/p>\n\n\n\n<p> <strong>FRANCISCO JOS\u00c9 D\u00cdAZ MARCILLA<\/strong><br> Doctor en Historia por la Universidad de Sevilla<br><br>Ha trabajado sobre el pensamiento y la influencia europea y americana del fil\u00f3sofo medieval Ramon Llull; el ocio en la Edad Media; la historia de la Iglesia medieval; la construcci\u00f3n de los aparatos burocr\u00e1ticos; arte mud\u00e9jar; y teor\u00eda historiogr\u00e1fica. Ha publicado y coordinado la publicaci\u00f3n de distintos libros, monogr\u00e1ficos de revistas, art\u00edculos en revistas y cap\u00edtulos de  libros especializados.  Ha participado en 5 proyectos internacionales (2 como IP) en Portugal, Espa\u00f1a e Italia.<\/p>\n","protected":false},"excerpt":{"rendered":"<p>Recientemente se ha constituido  el que ser\u00e1 el Comit\u00e9 Cient\u00edfico encargado de la preparaci\u00f3n de las 2as  Jornadas Hist\u00f3ricas Canary Wine que, en formato virtual, se desarrollar\u00e1n desde  el Espacio Cultural de CajaCanarias en la Villa y Puerto de Garachico (Tenerife)  los pr\u00f3ximos 9 y 10 de julio de 2021 y que tendr\u00e1 como objetivo final analizar la  relevancia del vino en la construcci\u00f3n hist\u00f3rica de las comunicaciones y  transferencias globales.<\/p>\n<div class=\"read-more\"><a href=\"https:\/\/wp.ull.es\/aenogas\/2021\/06\/17\/designado-el-comite-cientifico-de-las-2as-jornadas-historicas-canary-wine\/\">Leer m\u00e1s \u203a<\/a><\/div>\n<p><!-- end of .read-more --><\/p>\n","protected":false},"author":227,"featured_media":1676,"comment_status":"open","ping_status":"open","sticky":false,"template":"","format":"standard","meta":{"footnotes":""},"categories":[1],"tags":[],"class_list":["post-1675","post","type-post","status-publish","format-standard","has-post-thumbnail","hentry","category-sin-categoria"],"yoast_head":"<!-- This site is optimized with the Yoast SEO plugin v27.5 - https:\/\/yoast.com\/product\/yoast-seo-wordpress\/ -->\n<title>Designado el Comit\u00e9 Cient\u00edfico de las 2as Jornadas Hist\u00f3ricas Canary Wine - Enoturismo Canarias<\/title>\n<meta name=\"robots\" content=\"index, follow, max-snippet:-1, max-image-preview:large, max-video-preview:-1\" \/>\n<link rel=\"canonical\" href=\"https:\/\/wp.ull.es\/aenogas\/2021\/06\/17\/designado-el-comite-cientifico-de-las-2as-jornadas-historicas-canary-wine\/\" \/>\n<meta property=\"og:locale\" content=\"es_ES\" \/>\n<meta property=\"og:type\" content=\"article\" \/>\n<meta property=\"og:title\" content=\"Designado el Comit\u00e9 Cient\u00edfico de las 2as Jornadas Hist\u00f3ricas Canary Wine - Enoturismo Canarias\" \/>\n<meta property=\"og:description\" content=\"Recientemente se ha constituido el que ser\u00e1 el Comit\u00e9 Cient\u00edfico encargado de la preparaci\u00f3n de las 2as Jornadas Hist\u00f3ricas Canary Wine que, en formato virtual, se desarrollar\u00e1n desde el Espacio Cultural de CajaCanarias en la Villa y Puerto de Garachico (Tenerife) los pr\u00f3ximos 9 y 10 de julio de 2021 y que tendr\u00e1 como objetivo final analizar la relevancia del vino en la construcci\u00f3n hist\u00f3rica de las comunicaciones y transferencias globales.Leer m\u00e1s \u203a\" \/>\n<meta property=\"og:url\" content=\"https:\/\/wp.ull.es\/aenogas\/2021\/06\/17\/designado-el-comite-cientifico-de-las-2as-jornadas-historicas-canary-wine\/\" \/>\n<meta property=\"og:site_name\" content=\"Enoturismo Canarias\" \/>\n<meta property=\"article:publisher\" content=\"https:\/\/www.facebook.com\/enoturismoull\" \/>\n<meta property=\"article:published_time\" content=\"2021-06-17T12:28:00+00:00\" \/>\n<meta property=\"article:modified_time\" content=\"2021-08-09T12:29:58+00:00\" \/>\n<meta property=\"og:image\" content=\"https:\/\/wp.ull.es\/aenogas\/wp-content\/uploads\/sites\/90\/2021\/08\/2as-Jornadas-Historicas-Canary-Wine-Comite-Cientifico-1080x675-1.jpg\" \/>\n\t<meta property=\"og:image:width\" content=\"1080\" \/>\n\t<meta property=\"og:image:height\" content=\"675\" \/>\n\t<meta property=\"og:image:type\" content=\"image\/jpeg\" \/>\n<meta name=\"author\" content=\"aenogas\" \/>\n<meta name=\"twitter:card\" content=\"summary_large_image\" \/>\n<meta name=\"twitter:creator\" content=\"@enoturismoull\" \/>\n<meta name=\"twitter:site\" content=\"@enoturismoull\" \/>\n<meta name=\"twitter:label1\" content=\"Escrito por\" \/>\n\t<meta name=\"twitter:data1\" content=\"aenogas\" \/>\n\t<meta name=\"twitter:label2\" content=\"Tiempo de lectura\" \/>\n\t<meta name=\"twitter:data2\" content=\"4 minutos\" \/>\n<script type=\"application\/ld+json\" class=\"yoast-schema-graph\">{\"@context\":\"https:\\\/\\\/schema.org\",\"@graph\":[{\"@type\":\"Article\",\"@id\":\"https:\\\/\\\/wp.ull.es\\\/aenogas\\\/2021\\\/06\\\/17\\\/designado-el-comite-cientifico-de-las-2as-jornadas-historicas-canary-wine\\\/#article\",\"isPartOf\":{\"@id\":\"https:\\\/\\\/wp.ull.es\\\/aenogas\\\/2021\\\/06\\\/17\\\/designado-el-comite-cientifico-de-las-2as-jornadas-historicas-canary-wine\\\/\"},\"author\":{\"name\":\"aenogas\",\"@id\":\"https:\\\/\\\/wp.ull.es\\\/aenogas\\\/#\\\/schema\\\/person\\\/08dc3be5406aba55875ae5024a8e7426\"},\"headline\":\"Designado el Comit\u00e9 Cient\u00edfico de las 2as Jornadas Hist\u00f3ricas Canary Wine\",\"datePublished\":\"2021-06-17T12:28:00+00:00\",\"dateModified\":\"2021-08-09T12:29:58+00:00\",\"mainEntityOfPage\":{\"@id\":\"https:\\\/\\\/wp.ull.es\\\/aenogas\\\/2021\\\/06\\\/17\\\/designado-el-comite-cientifico-de-las-2as-jornadas-historicas-canary-wine\\\/\"},\"wordCount\":851,\"commentCount\":0,\"publisher\":{\"@id\":\"https:\\\/\\\/wp.ull.es\\\/aenogas\\\/#organization\"},\"image\":{\"@id\":\"https:\\\/\\\/wp.ull.es\\\/aenogas\\\/2021\\\/06\\\/17\\\/designado-el-comite-cientifico-de-las-2as-jornadas-historicas-canary-wine\\\/#primaryimage\"},\"thumbnailUrl\":\"https:\\\/\\\/wp.ull.es\\\/aenogas\\\/wp-content\\\/uploads\\\/sites\\\/90\\\/2021\\\/08\\\/2as-Jornadas-Historicas-Canary-Wine-Comite-Cientifico-1080x675-1.jpg\",\"inLanguage\":\"es\",\"potentialAction\":[{\"@type\":\"CommentAction\",\"name\":\"Comment\",\"target\":[\"https:\\\/\\\/wp.ull.es\\\/aenogas\\\/2021\\\/06\\\/17\\\/designado-el-comite-cientifico-de-las-2as-jornadas-historicas-canary-wine\\\/#respond\"]}]},{\"@type\":\"WebPage\",\"@id\":\"https:\\\/\\\/wp.ull.es\\\/aenogas\\\/2021\\\/06\\\/17\\\/designado-el-comite-cientifico-de-las-2as-jornadas-historicas-canary-wine\\\/\",\"url\":\"https:\\\/\\\/wp.ull.es\\\/aenogas\\\/2021\\\/06\\\/17\\\/designado-el-comite-cientifico-de-las-2as-jornadas-historicas-canary-wine\\\/\",\"name\":\"Designado el Comit\u00e9 Cient\u00edfico de las 2as Jornadas Hist\u00f3ricas Canary Wine - Enoturismo Canarias\",\"isPartOf\":{\"@id\":\"https:\\\/\\\/wp.ull.es\\\/aenogas\\\/#website\"},\"primaryImageOfPage\":{\"@id\":\"https:\\\/\\\/wp.ull.es\\\/aenogas\\\/2021\\\/06\\\/17\\\/designado-el-comite-cientifico-de-las-2as-jornadas-historicas-canary-wine\\\/#primaryimage\"},\"image\":{\"@id\":\"https:\\\/\\\/wp.ull.es\\\/aenogas\\\/2021\\\/06\\\/17\\\/designado-el-comite-cientifico-de-las-2as-jornadas-historicas-canary-wine\\\/#primaryimage\"},\"thumbnailUrl\":\"https:\\\/\\\/wp.ull.es\\\/aenogas\\\/wp-content\\\/uploads\\\/sites\\\/90\\\/2021\\\/08\\\/2as-Jornadas-Historicas-Canary-Wine-Comite-Cientifico-1080x675-1.jpg\",\"datePublished\":\"2021-06-17T12:28:00+00:00\",\"dateModified\":\"2021-08-09T12:29:58+00:00\",\"breadcrumb\":{\"@id\":\"https:\\\/\\\/wp.ull.es\\\/aenogas\\\/2021\\\/06\\\/17\\\/designado-el-comite-cientifico-de-las-2as-jornadas-historicas-canary-wine\\\/#breadcrumb\"},\"inLanguage\":\"es\",\"potentialAction\":[{\"@type\":\"ReadAction\",\"target\":[\"https:\\\/\\\/wp.ull.es\\\/aenogas\\\/2021\\\/06\\\/17\\\/designado-el-comite-cientifico-de-las-2as-jornadas-historicas-canary-wine\\\/\"]}]},{\"@type\":\"ImageObject\",\"inLanguage\":\"es\",\"@id\":\"https:\\\/\\\/wp.ull.es\\\/aenogas\\\/2021\\\/06\\\/17\\\/designado-el-comite-cientifico-de-las-2as-jornadas-historicas-canary-wine\\\/#primaryimage\",\"url\":\"https:\\\/\\\/wp.ull.es\\\/aenogas\\\/wp-content\\\/uploads\\\/sites\\\/90\\\/2021\\\/08\\\/2as-Jornadas-Historicas-Canary-Wine-Comite-Cientifico-1080x675-1.jpg\",\"contentUrl\":\"https:\\\/\\\/wp.ull.es\\\/aenogas\\\/wp-content\\\/uploads\\\/sites\\\/90\\\/2021\\\/08\\\/2as-Jornadas-Historicas-Canary-Wine-Comite-Cientifico-1080x675-1.jpg\",\"width\":1080,\"height\":675},{\"@type\":\"BreadcrumbList\",\"@id\":\"https:\\\/\\\/wp.ull.es\\\/aenogas\\\/2021\\\/06\\\/17\\\/designado-el-comite-cientifico-de-las-2as-jornadas-historicas-canary-wine\\\/#breadcrumb\",\"itemListElement\":[{\"@type\":\"ListItem\",\"position\":1,\"name\":\"Portada\",\"item\":\"https:\\\/\\\/wp.ull.es\\\/aenogas\\\/\"},{\"@type\":\"ListItem\",\"position\":2,\"name\":\"Designado el Comit\u00e9 Cient\u00edfico de las 2as Jornadas Hist\u00f3ricas Canary Wine\"}]},{\"@type\":\"WebSite\",\"@id\":\"https:\\\/\\\/wp.ull.es\\\/aenogas\\\/#website\",\"url\":\"https:\\\/\\\/wp.ull.es\\\/aenogas\\\/\",\"name\":\"Enoturismo Canarias\",\"description\":\"C\u00e1tedra de Agroturismo y Enoturismo Instituto de Canario de Calidad Agroalimentaria\",\"publisher\":{\"@id\":\"https:\\\/\\\/wp.ull.es\\\/aenogas\\\/#organization\"},\"potentialAction\":[{\"@type\":\"SearchAction\",\"target\":{\"@type\":\"EntryPoint\",\"urlTemplate\":\"https:\\\/\\\/wp.ull.es\\\/aenogas\\\/?s={search_term_string}\"},\"query-input\":{\"@type\":\"PropertyValueSpecification\",\"valueRequired\":true,\"valueName\":\"search_term_string\"}}],\"inLanguage\":\"es\"},{\"@type\":\"Organization\",\"@id\":\"https:\\\/\\\/wp.ull.es\\\/aenogas\\\/#organization\",\"name\":\"C\u00e1tedra de Agroturismo y Enoturismo de Canarias del Instituto Canario de Calidad Agroalimentaria y de la Universidad de La Laguna\",\"url\":\"https:\\\/\\\/wp.ull.es\\\/aenogas\\\/\",\"logo\":{\"@type\":\"ImageObject\",\"inLanguage\":\"es\",\"@id\":\"https:\\\/\\\/wp.ull.es\\\/aenogas\\\/#\\\/schema\\\/logo\\\/image\\\/\",\"url\":\"https:\\\/\\\/wp.ull.es\\\/aenogas\\\/wp-content\\\/uploads\\\/sites\\\/90\\\/2021\\\/03\\\/Logotipo-Catedra.png\",\"contentUrl\":\"https:\\\/\\\/wp.ull.es\\\/aenogas\\\/wp-content\\\/uploads\\\/sites\\\/90\\\/2021\\\/03\\\/Logotipo-Catedra.png\",\"width\":300,\"height\":89,\"caption\":\"C\u00e1tedra de Agroturismo y Enoturismo de Canarias del Instituto Canario de Calidad Agroalimentaria y de la Universidad de La Laguna\"},\"image\":{\"@id\":\"https:\\\/\\\/wp.ull.es\\\/aenogas\\\/#\\\/schema\\\/logo\\\/image\\\/\"},\"sameAs\":[\"https:\\\/\\\/www.facebook.com\\\/enoturismoull\",\"https:\\\/\\\/x.com\\\/enoturismoull\",\"https:\\\/\\\/www.linkedin.com\\\/company\\\/40816665\\\/admin\\\/dashboard\\\/\"]},{\"@type\":\"Person\",\"@id\":\"https:\\\/\\\/wp.ull.es\\\/aenogas\\\/#\\\/schema\\\/person\\\/08dc3be5406aba55875ae5024a8e7426\",\"name\":\"aenogas\",\"image\":{\"@type\":\"ImageObject\",\"inLanguage\":\"es\",\"@id\":\"https:\\\/\\\/secure.gravatar.com\\\/avatar\\\/957f529db4c10409aeb4798f38d978d31a86852b0557feaaa15ada6691fe502f?s=96&d=mm&r=g\",\"url\":\"https:\\\/\\\/secure.gravatar.com\\\/avatar\\\/957f529db4c10409aeb4798f38d978d31a86852b0557feaaa15ada6691fe502f?s=96&d=mm&r=g\",\"contentUrl\":\"https:\\\/\\\/secure.gravatar.com\\\/avatar\\\/957f529db4c10409aeb4798f38d978d31a86852b0557feaaa15ada6691fe502f?s=96&d=mm&r=g\",\"caption\":\"aenogas\"},\"url\":\"https:\\\/\\\/wp.ull.es\\\/aenogas\\\/author\\\/aenogas\\\/\"}]}<\/script>\n<!-- \/ Yoast SEO plugin. -->","yoast_head_json":{"title":"Designado el Comit\u00e9 Cient\u00edfico de las 2as Jornadas Hist\u00f3ricas Canary Wine - Enoturismo Canarias","robots":{"index":"index","follow":"follow","max-snippet":"max-snippet:-1","max-image-preview":"max-image-preview:large","max-video-preview":"max-video-preview:-1"},"canonical":"https:\/\/wp.ull.es\/aenogas\/2021\/06\/17\/designado-el-comite-cientifico-de-las-2as-jornadas-historicas-canary-wine\/","og_locale":"es_ES","og_type":"article","og_title":"Designado el Comit\u00e9 Cient\u00edfico de las 2as Jornadas Hist\u00f3ricas Canary Wine - Enoturismo Canarias","og_description":"Recientemente se ha constituido el que ser\u00e1 el Comit\u00e9 Cient\u00edfico encargado de la preparaci\u00f3n de las 2as Jornadas Hist\u00f3ricas Canary Wine que, en formato virtual, se desarrollar\u00e1n desde el Espacio Cultural de CajaCanarias en la Villa y Puerto de Garachico (Tenerife) los pr\u00f3ximos 9 y 10 de julio de 2021 y que tendr\u00e1 como objetivo final analizar la relevancia del vino en la construcci\u00f3n hist\u00f3rica de las comunicaciones y transferencias globales.Leer m\u00e1s \u203a","og_url":"https:\/\/wp.ull.es\/aenogas\/2021\/06\/17\/designado-el-comite-cientifico-de-las-2as-jornadas-historicas-canary-wine\/","og_site_name":"Enoturismo Canarias","article_publisher":"https:\/\/www.facebook.com\/enoturismoull","article_published_time":"2021-06-17T12:28:00+00:00","article_modified_time":"2021-08-09T12:29:58+00:00","og_image":[{"width":1080,"height":675,"url":"https:\/\/wp.ull.es\/aenogas\/wp-content\/uploads\/sites\/90\/2021\/08\/2as-Jornadas-Historicas-Canary-Wine-Comite-Cientifico-1080x675-1.jpg","type":"image\/jpeg"}],"author":"aenogas","twitter_card":"summary_large_image","twitter_creator":"@enoturismoull","twitter_site":"@enoturismoull","twitter_misc":{"Escrito por":"aenogas","Tiempo de lectura":"4 minutos"},"schema":{"@context":"https:\/\/schema.org","@graph":[{"@type":"Article","@id":"https:\/\/wp.ull.es\/aenogas\/2021\/06\/17\/designado-el-comite-cientifico-de-las-2as-jornadas-historicas-canary-wine\/#article","isPartOf":{"@id":"https:\/\/wp.ull.es\/aenogas\/2021\/06\/17\/designado-el-comite-cientifico-de-las-2as-jornadas-historicas-canary-wine\/"},"author":{"name":"aenogas","@id":"https:\/\/wp.ull.es\/aenogas\/#\/schema\/person\/08dc3be5406aba55875ae5024a8e7426"},"headline":"Designado el Comit\u00e9 Cient\u00edfico de las 2as Jornadas Hist\u00f3ricas Canary Wine","datePublished":"2021-06-17T12:28:00+00:00","dateModified":"2021-08-09T12:29:58+00:00","mainEntityOfPage":{"@id":"https:\/\/wp.ull.es\/aenogas\/2021\/06\/17\/designado-el-comite-cientifico-de-las-2as-jornadas-historicas-canary-wine\/"},"wordCount":851,"commentCount":0,"publisher":{"@id":"https:\/\/wp.ull.es\/aenogas\/#organization"},"image":{"@id":"https:\/\/wp.ull.es\/aenogas\/2021\/06\/17\/designado-el-comite-cientifico-de-las-2as-jornadas-historicas-canary-wine\/#primaryimage"},"thumbnailUrl":"https:\/\/wp.ull.es\/aenogas\/wp-content\/uploads\/sites\/90\/2021\/08\/2as-Jornadas-Historicas-Canary-Wine-Comite-Cientifico-1080x675-1.jpg","inLanguage":"es","potentialAction":[{"@type":"CommentAction","name":"Comment","target":["https:\/\/wp.ull.es\/aenogas\/2021\/06\/17\/designado-el-comite-cientifico-de-las-2as-jornadas-historicas-canary-wine\/#respond"]}]},{"@type":"WebPage","@id":"https:\/\/wp.ull.es\/aenogas\/2021\/06\/17\/designado-el-comite-cientifico-de-las-2as-jornadas-historicas-canary-wine\/","url":"https:\/\/wp.ull.es\/aenogas\/2021\/06\/17\/designado-el-comite-cientifico-de-las-2as-jornadas-historicas-canary-wine\/","name":"Designado el Comit\u00e9 Cient\u00edfico de las 2as Jornadas Hist\u00f3ricas Canary Wine - Enoturismo Canarias","isPartOf":{"@id":"https:\/\/wp.ull.es\/aenogas\/#website"},"primaryImageOfPage":{"@id":"https:\/\/wp.ull.es\/aenogas\/2021\/06\/17\/designado-el-comite-cientifico-de-las-2as-jornadas-historicas-canary-wine\/#primaryimage"},"image":{"@id":"https:\/\/wp.ull.es\/aenogas\/2021\/06\/17\/designado-el-comite-cientifico-de-las-2as-jornadas-historicas-canary-wine\/#primaryimage"},"thumbnailUrl":"https:\/\/wp.ull.es\/aenogas\/wp-content\/uploads\/sites\/90\/2021\/08\/2as-Jornadas-Historicas-Canary-Wine-Comite-Cientifico-1080x675-1.jpg","datePublished":"2021-06-17T12:28:00+00:00","dateModified":"2021-08-09T12:29:58+00:00","breadcrumb":{"@id":"https:\/\/wp.ull.es\/aenogas\/2021\/06\/17\/designado-el-comite-cientifico-de-las-2as-jornadas-historicas-canary-wine\/#breadcrumb"},"inLanguage":"es","potentialAction":[{"@type":"ReadAction","target":["https:\/\/wp.ull.es\/aenogas\/2021\/06\/17\/designado-el-comite-cientifico-de-las-2as-jornadas-historicas-canary-wine\/"]}]},{"@type":"ImageObject","inLanguage":"es","@id":"https:\/\/wp.ull.es\/aenogas\/2021\/06\/17\/designado-el-comite-cientifico-de-las-2as-jornadas-historicas-canary-wine\/#primaryimage","url":"https:\/\/wp.ull.es\/aenogas\/wp-content\/uploads\/sites\/90\/2021\/08\/2as-Jornadas-Historicas-Canary-Wine-Comite-Cientifico-1080x675-1.jpg","contentUrl":"https:\/\/wp.ull.es\/aenogas\/wp-content\/uploads\/sites\/90\/2021\/08\/2as-Jornadas-Historicas-Canary-Wine-Comite-Cientifico-1080x675-1.jpg","width":1080,"height":675},{"@type":"BreadcrumbList","@id":"https:\/\/wp.ull.es\/aenogas\/2021\/06\/17\/designado-el-comite-cientifico-de-las-2as-jornadas-historicas-canary-wine\/#breadcrumb","itemListElement":[{"@type":"ListItem","position":1,"name":"Portada","item":"https:\/\/wp.ull.es\/aenogas\/"},{"@type":"ListItem","position":2,"name":"Designado el Comit\u00e9 Cient\u00edfico de las 2as Jornadas Hist\u00f3ricas Canary Wine"}]},{"@type":"WebSite","@id":"https:\/\/wp.ull.es\/aenogas\/#website","url":"https:\/\/wp.ull.es\/aenogas\/","name":"Enoturismo Canarias","description":"C\u00e1tedra de Agroturismo y Enoturismo Instituto de Canario de Calidad Agroalimentaria","publisher":{"@id":"https:\/\/wp.ull.es\/aenogas\/#organization"},"potentialAction":[{"@type":"SearchAction","target":{"@type":"EntryPoint","urlTemplate":"https:\/\/wp.ull.es\/aenogas\/?s={search_term_string}"},"query-input":{"@type":"PropertyValueSpecification","valueRequired":true,"valueName":"search_term_string"}}],"inLanguage":"es"},{"@type":"Organization","@id":"https:\/\/wp.ull.es\/aenogas\/#organization","name":"C\u00e1tedra de Agroturismo y Enoturismo de Canarias del Instituto Canario de Calidad Agroalimentaria y de la Universidad de La Laguna","url":"https:\/\/wp.ull.es\/aenogas\/","logo":{"@type":"ImageObject","inLanguage":"es","@id":"https:\/\/wp.ull.es\/aenogas\/#\/schema\/logo\/image\/","url":"https:\/\/wp.ull.es\/aenogas\/wp-content\/uploads\/sites\/90\/2021\/03\/Logotipo-Catedra.png","contentUrl":"https:\/\/wp.ull.es\/aenogas\/wp-content\/uploads\/sites\/90\/2021\/03\/Logotipo-Catedra.png","width":300,"height":89,"caption":"C\u00e1tedra de Agroturismo y Enoturismo de Canarias del Instituto Canario de Calidad Agroalimentaria y de la Universidad de La Laguna"},"image":{"@id":"https:\/\/wp.ull.es\/aenogas\/#\/schema\/logo\/image\/"},"sameAs":["https:\/\/www.facebook.com\/enoturismoull","https:\/\/x.com\/enoturismoull","https:\/\/www.linkedin.com\/company\/40816665\/admin\/dashboard\/"]},{"@type":"Person","@id":"https:\/\/wp.ull.es\/aenogas\/#\/schema\/person\/08dc3be5406aba55875ae5024a8e7426","name":"aenogas","image":{"@type":"ImageObject","inLanguage":"es","@id":"https:\/\/secure.gravatar.com\/avatar\/957f529db4c10409aeb4798f38d978d31a86852b0557feaaa15ada6691fe502f?s=96&d=mm&r=g","url":"https:\/\/secure.gravatar.com\/avatar\/957f529db4c10409aeb4798f38d978d31a86852b0557feaaa15ada6691fe502f?s=96&d=mm&r=g","contentUrl":"https:\/\/secure.gravatar.com\/avatar\/957f529db4c10409aeb4798f38d978d31a86852b0557feaaa15ada6691fe502f?s=96&d=mm&r=g","caption":"aenogas"},"url":"https:\/\/wp.ull.es\/aenogas\/author\/aenogas\/"}]}},"_links":{"self":[{"href":"https:\/\/wp.ull.es\/aenogas\/wp-json\/wp\/v2\/posts\/1675","targetHints":{"allow":["GET"]}}],"collection":[{"href":"https:\/\/wp.ull.es\/aenogas\/wp-json\/wp\/v2\/posts"}],"about":[{"href":"https:\/\/wp.ull.es\/aenogas\/wp-json\/wp\/v2\/types\/post"}],"author":[{"embeddable":true,"href":"https:\/\/wp.ull.es\/aenogas\/wp-json\/wp\/v2\/users\/227"}],"replies":[{"embeddable":true,"href":"https:\/\/wp.ull.es\/aenogas\/wp-json\/wp\/v2\/comments?post=1675"}],"version-history":[{"count":1,"href":"https:\/\/wp.ull.es\/aenogas\/wp-json\/wp\/v2\/posts\/1675\/revisions"}],"predecessor-version":[{"id":1677,"href":"https:\/\/wp.ull.es\/aenogas\/wp-json\/wp\/v2\/posts\/1675\/revisions\/1677"}],"wp:featuredmedia":[{"embeddable":true,"href":"https:\/\/wp.ull.es\/aenogas\/wp-json\/wp\/v2\/media\/1676"}],"wp:attachment":[{"href":"https:\/\/wp.ull.es\/aenogas\/wp-json\/wp\/v2\/media?parent=1675"}],"wp:term":[{"taxonomy":"category","embeddable":true,"href":"https:\/\/wp.ull.es\/aenogas\/wp-json\/wp\/v2\/categories?post=1675"},{"taxonomy":"post_tag","embeddable":true,"href":"https:\/\/wp.ull.es\/aenogas\/wp-json\/wp\/v2\/tags?post=1675"}],"curies":[{"name":"wp","href":"https:\/\/api.w.org\/{rel}","templated":true}]}}